{"id":12020,"date":"2023-04-28T22:07:00","date_gmt":"2023-04-28T22:07:00","guid":{"rendered":"https:\/\/congokin.blog\/?p=12020"},"modified":"2023-04-28T22:07:00","modified_gmt":"2023-04-28T22:07:00","slug":"demission-fracassante-de-jeff-nyagah-le-patron-de-la-force-regionale","status":"publish","type":"post","link":"https:\/\/congokin.blog\/?p=12020","title":{"rendered":"D\u00e9mission fracassante de Jeff Nyagah, le patron de la force r\u00e9gionale"},"content":{"rendered":"\n<p>POLITIQUE<\/p>\n\n\n\n<h1 class=\"wp-block-heading\">En RDC, d\u00e9mission fracassante de Jeff Nyagah, le patron de la force r\u00e9gionale<\/h1>\n\n\n\n<h2 class=\"wp-block-heading\">Le g\u00e9n\u00e9ral k\u00e9nyan qui commandait la force r\u00e9gionale de la Commaunaut\u00e9 d\u2019Afrique de l\u2019Est (EARCF) a pos\u00e9 sa d\u00e9mission, le 27 avril. Kinshasa lui reproche son inaction face au M23, tandis qu\u2019il d\u00e9nonce des intimidations et pressions politiques dans un courrier au vitriol que Jeune Afrique a pu consulter.<\/h2>\n\n\n\n<p>R\u00e9serv\u00e9 aux abonn\u00e9s<\/p>\n\n\n\n<p>28 avril 2023 \u00e0 11:26<\/p>\n\n\n\n<p>Par&nbsp;<a href=\"https:\/\/www.jeuneafrique.com\/auteurs\/romain.gras\/\">Romain Gras<\/a><\/p>\n\n\n\n<p>Mis \u00e0 jour le 28 avril 2023 \u00e0 18:16<\/p>\n\n\n\n<figure class=\"wp-block-image is-style-zoooom\"><img decoding=\"async\" src=\"https:\/\/prod.cdn-medias.jeuneafrique.com\/cdn-cgi\/image\/q=100,f=auto,metadata=none,width=1256,height=628\/https:\/\/prod.cdn-medias.jeuneafrique.com\/medias\/2023\/04\/28\/jad20230428-conf-rdc-demission-jeff-nyagah-1256x628-1682671154.jpg\" alt=\"\"\/><figcaption class=\"wp-element-caption\">Jeff Nyagah, le commandant de la force r\u00e9gionale, a pr\u00e9sent\u00e9 sa d\u00e9mission. \u00a9 GUERCHOM NDEBO\/AFP<\/figcaption><\/figure>\n\n\n\n<p>Voil\u00e0 des mois que la force r\u00e9gionale de l\u2019EAC faisait face aux critiques de l\u2019opinion congolaise et&nbsp;<a href=\"https:\/\/www.jeuneafrique.com\/1440189\/politique\/face-a-felix-tshisekedi-jusquou-ira-lunion-de-lopposition\/\">de l\u2019entourage de&nbsp;<strong>F\u00e9lix Tshisekedi,<\/strong>&nbsp;<\/a>qui esp\u00e9rait que les troupes d\u00e9ploy\u00e9es sur le terrain iraient&nbsp;<a href=\"https:\/\/www.jeuneafrique.com\/1413157\/politique\/en-rdc-le-m23-sempare-dune-nouvelle-ville-larmee-evoque-un-retrait-tactique\/\">combattre les rebelles du M23.<\/a>\u00c0 LIRE<a href=\"https:\/\/www.jeuneafrique.com\/1439209\/politique\/m23-en-rdc-qui-va-payer-pour-la-force-regionale\/\">M23 en RDC&nbsp;: qui va payer pour la force r\u00e9gionale&nbsp;?<\/a><\/p>\n\n\n\n<p>D\u00e9j\u00e0 confront\u00e9e \u00e0 des difficult\u00e9s de financement de ses op\u00e9rations, l\u2019EACRF doit d\u00e9sormais encaisser le d\u00e9part de son commandant. En froid avec Kinshasa et pouss\u00e9 vers la sortie, le g\u00e9n\u00e9ral k\u00e9nyan&nbsp;<strong>Jeff Nyagah<\/strong>&nbsp;a annonc\u00e9 le 27 avril sa d\u00e9mission au secr\u00e9tariat g\u00e9n\u00e9ral de l\u2019EAC.<\/p>\n\n\n\n<h2 class=\"wp-block-heading\">Surveillance, mercenaires et drones<\/h2>\n\n\n\n<p>Dans un courrier adress\u00e9 au diplomate k\u00e9nyan&nbsp;<strong>Peter Mathuki,<\/strong>&nbsp;le haut grad\u00e9 k\u00e9nyan explique les nombreuses raisons qui, dit-il, l\u2019ont d\u00e9cid\u00e9 \u00e0 partir, \u00e9voquant d\u2019embl\u00e9e une \u00ab&nbsp;menace&nbsp;aggrav\u00e9e&nbsp;\u00bb&nbsp;contre sa s\u00e9curit\u00e9 et un \u00ab&nbsp;plan syst\u00e9matique pour contrecarrer les efforts de la force r\u00e9gionale&nbsp;\u00bb.<\/p>\n\n\n\n<p>Concernant sa propre s\u00e9curit\u00e9, Jeff Nyagah mentionne une \u00ab&nbsp;tentative d\u2019intimidation&nbsp;\u00bb l\u2019ayant vis\u00e9 dans son ancienne r\u00e9sidence. Il explique que \u00ab&nbsp;des contractants militaires \u00e9trangers&nbsp;\u00bb qu\u2019il qualifie lui-m\u00eame de \u00ab&nbsp;mercenaires \u00ab&nbsp;ont plac\u00e9 des dispositifs de surveillance, fait voler des drones et exerc\u00e9 une surveillance physique&nbsp;\u00bb de sa r\u00e9sidence au d\u00e9but du mois de janvier 2023, l\u2019obligeant ainsi \u00e0 d\u00e9m\u00e9nager.\u00c0 LIRE<a href=\"https:\/\/www.jeuneafrique.com\/1414597\/politique\/en-rdc-imbroglio-autour-de-lexpulsion-des-officiers-rwandais-de-la-force-regionale\/\">En RDC, imbroglio autour de l\u2019expulsion des officiers rwandais de la force r\u00e9gionale<\/a><\/p>\n\n\n\n<p>L\u2019officier d\u00e9nonce aussi une \u00ab&nbsp;campagne m\u00e9diatique bien orchestr\u00e9e et financ\u00e9e visant sa personnalit\u00e9&nbsp;\u00bb et \u00ab&nbsp;les fausses accusations&nbsp;\u00bb concernant la gestion, par l\u2019EACRF, de l\u2019offensive du M23. Depuis plusieurs mois, la force r\u00e9gionale, qui entretient des relations compliqu\u00e9es avec l\u2019arm\u00e9e congolaise, se trouve sous pression de l\u2019opinion congolaise. Celle-ci lui reproche de ne pas adopter un mandat offensif face aux rebelles.<\/p>\n\n\n\n<p>Apr\u00e8s plusieurs reports de calendrier,&nbsp;<a href=\"https:\/\/www.jeuneafrique.com\/1434365\/politique\/en-rdc-le-deploiement-de-la-force-regionale-suffira-t-il-a-resoudre-la-crise\/\">ces derniers ont entam\u00e9 un timide retrait d\u00e9but avril et la force r\u00e9gionale a pris position dans les localit\u00e9s que le mouvement a d\u00e9sert\u00e9<\/a>. Mais la situation frustre Kinshasa, qui n\u2019a toujours pas renouvel\u00e9 le mandat de la force r\u00e9gionale \u2013 lequel a expir\u00e9 depuis la fin de mars. Les autorit\u00e9s congolaises veulent aussi revoir les statuts de l\u2019EACRF. Cette situation devait faire l\u2019objet de discussions lors d\u2019une r\u00e9union des ministres de la D\u00e9fense de la r\u00e9gion pr\u00e9vue \u00e0 Goma mi-avril, mais cette rencontre a finalement \u00e9t\u00e9 annul\u00e9e.<\/p>\n\n\n\n<h2 class=\"wp-block-heading\">\u00ab&nbsp;Frustration&nbsp;permanente \u00bb<\/h2>\n\n\n\n<p>Le g\u00e9n\u00e9ral k\u00e9nyan fait d\u2019ailleurs r\u00e9f\u00e9rence \u00e0 ces relations conflictuelles entre la force r\u00e9gionale et les autorit\u00e9s congolaises qui, selon lui, poussaient ces derni\u00e8res semaines pour que son poste de patron de la force r\u00e9gionale deviennent rotatif, avec un changement de commandant tous les trois mois.<\/p>\n\n\n\n<p>\u00ab&nbsp;Cette situation est \u00e9galement aggrav\u00e9e par le fait que le gouvernement de la RDC ne prend pas en charge les co\u00fbts administratifs, y compris le quartier g\u00e9n\u00e9ral de la force, les bureaux du personnel, l\u2019h\u00e9bergement, ainsi que les salaires du personnel civil&nbsp;\u00bb, conclut-il, estimant que cette \u00ab&nbsp;frustration permanente&nbsp;\u00bb a \u00ab&nbsp;rendu sa mission intenable&nbsp;\u00bb.<\/p>\n\n\n\n<p>Contact\u00e9, l\u2019entourage du pr\u00e9sident congolais confirme ce d\u00e9part, tout en assurant l\u2019avoir demand\u00e9 au pr\u00e9alable. Depuis plusieurs semaines, l\u2019administration Tshisekedi s\u2019aga\u00e7ait des d\u00e9clarations de Jeff Nyagah sur le mandat de la force r\u00e9gionale et poussait pour que le commandant soit remplac\u00e9. Le 28 avril, William Ruto a proc\u00e9d\u00e9 \u00e0 un remaniement des forces arm\u00e9es k\u00e9nyanes au cours duquel il a nomm\u00e9 le major-g\u00e9n\u00e9ral Alphaxard Muthuri Kiugu \u00e0 la t\u00eate de l\u2019EACRF.\u00c0 LIRE<a href=\"https:\/\/www.jeuneafrique.com\/1388706\/politique\/est-de-la-rdc-felix-tshisekedi-peut-il-vraiment-compter-sur-la-force-regionale-conjointe\/\">Est de la RDC : F\u00e9lix Tshisekedi peut-il vraiment compter sur la force r\u00e9gionale conjointe ?<\/a><\/p>\n\n\n\n<p>Le d\u00e9part de Jeff Nyagah intervient alors que le retrait du M23 demeure fragile et que les perspectives de sortie du conflit paraissent toujours incertaines. La RDC demeure officiellement hostile \u00e0 toute n\u00e9gociation avec les rebelles du M23. Ces derniers ont d\u00e9j\u00e0 annonc\u00e9 que, sans une garantie de dialogue direct avec Kinshasa, ils refuseront de&nbsp;se&nbsp;cantonner.<\/p>\n<div style=\"text-align:center\" class=\"wps-pgfw-pdf-generate-icon__wrapper-frontend\">\n\t\t<a href=\"https:\/\/congokin.blog?action=genpdf&amp;id=12020\" class=\"pgfw-single-pdf-download-button\" ><img src=\"https:\/\/congokin.blog\/wp-content\/plugins\/pdf-generator-for-wp\/admin\/src\/images\/PDF_Tray.svg\" title=\"G\u00e9n\u00e9rer un PDF\" style=\"width:auto; height:45px;\"><\/a>\n\t\t<\/div>","protected":false},"excerpt":{"rendered":"<p>POLITIQUE En RDC, d\u00e9mission fracassante de Jeff Nyagah, le patron de la force r\u00e9gionale Le g\u00e9n\u00e9ral k\u00e9nyan qui commandait la force r\u00e9gionale de la Commaunaut\u00e9 d\u2019Afrique de l\u2019Est (EARCF) a pos\u00e9 sa d\u00e9mission, le 27 avril. Kinshasa lui reproche son inaction face au M23, tandis qu\u2019il d\u00e9nonce des intimidations et pressions politiques dans un courrier [&hellip;]<\/p>\n","protected":false},"author":8,"featured_media":0,"comment_status":"open","ping_status":"closed","sticky":false,"template":"","format":"standard","meta":{"footnotes":""},"categories":[3],"tags":[],"class_list":["post-12020","post","type-post","status-publish","format-standard","hentry","category-diplomatie"],"_links":{"self":[{"href":"https:\/\/congokin.blog\/index.php?rest_route=\/wp\/v2\/posts\/12020","targetHints":{"allow":["GET"]}}],"collection":[{"href":"https:\/\/congokin.blog\/index.php?rest_route=\/wp\/v2\/posts"}],"about":[{"href":"https:\/\/congokin.blog\/index.php?rest_route=\/wp\/v2\/types\/post"}],"author":[{"embeddable":true,"href":"https:\/\/congokin.blog\/index.php?rest_route=\/wp\/v2\/users\/8"}],"replies":[{"embeddable":true,"href":"https:\/\/congokin.blog\/index.php?rest_route=%2Fwp%2Fv2%2Fcomments&post=12020"}],"version-history":[{"count":1,"href":"https:\/\/congokin.blog\/index.php?rest_route=\/wp\/v2\/posts\/12020\/revisions"}],"predecessor-version":[{"id":12021,"href":"https:\/\/congokin.blog\/index.php?rest_route=\/wp\/v2\/posts\/12020\/revisions\/12021"}],"wp:attachment":[{"href":"https:\/\/congokin.blog\/index.php?rest_route=%2Fwp%2Fv2%2Fmedia&parent=12020"}],"wp:term":[{"taxonomy":"category","embeddable":true,"href":"https:\/\/congokin.blog\/index.php?rest_route=%2Fwp%2Fv2%2Fcategories&post=12020"},{"taxonomy":"post_tag","embeddable":true,"href":"https:\/\/congokin.blog\/index.php?rest_route=%2Fwp%2Fv2%2Ftags&post=12020"}],"curies":[{"name":"wp","href":"https:\/\/api.w.org\/{rel}","templated":true}]}}