{"id":12028,"date":"2023-04-30T23:37:50","date_gmt":"2023-04-30T23:37:50","guid":{"rendered":"https:\/\/congokin.blog\/?p=12028"},"modified":"2023-04-30T23:37:50","modified_gmt":"2023-04-30T23:37:50","slug":"discours-de-haine-en-rdc-impact-sur-les-elections-2023-et-la-stabilite-a-lest","status":"publish","type":"post","link":"https:\/\/congokin.blog\/?p=12028","title":{"rendered":"Discours de haine en RDC : impact sur les \u00e9lections 2023 et la stabilit\u00e9 \u00e0 l\u2019Est"},"content":{"rendered":"\n<h1 class=\"wp-block-heading\">Discours de haine en RDC : impact sur les \u00e9lections 2023 et la stabilit\u00e9 \u00e0 l\u2019Est<\/h1>\n\n\n\n<ul class=\"wp-block-list\">\n<li>L&rsquo;INTERVIEW.CD<\/li>\n\n\n\n<li><time datetime=\"2023-04-30T21:23:45+01:00\">30 avril 2023<\/time><\/li>\n\n\n\n<li>\u00a0Soci\u00e9t\u00e9<\/li>\n<\/ul>\n\n\n\n<figure class=\"wp-block-image is-style-zoooom\"><img decoding=\"async\" src=\"https:\/\/linterview.cd\/wp-content\/uploads\/2023\/04\/xshutterstock_122152585_0.jpg.pagespeed.ic.vkFXaDGalz.webp\" alt=\"Discours de haine en RDC : impact sur les \u00e9lections 2023 et la stabilit\u00e9 \u00e0 l\u2019Est\" title=\"Discours de haine en RDC : impact sur les \u00e9lections 2023 et la stabilit\u00e9 \u00e0 l'Est\"\/><figcaption class=\"wp-element-caption\">\u00a9Anastasiia Kucherenko<\/figcaption><\/figure>\n\n\n\n<p>\u00c0 l\u2019approche des \u00e9lections de d\u00e9cembre 2023 en R\u00e9publique D\u00e9mocratique du Congo (RDC) et face aux r\u00e9bellions persistantes \u00e0 l\u2019Est, les discours de haine prolif\u00e8rent, mena\u00e7ant la coh\u00e9sion sociale et la stabilit\u00e9 du pays. Des initiatives pour lutter contre ce fl\u00e9au sont attendues avec impatience.<\/p>\n\n\n\n<p>La RDC conna\u00eet actuellement une situation politique et s\u00e9curitaire pr\u00e9occupante. Les \u00e9lections pr\u00e9vues en d\u00e9cembre 2023 attisent les tensions, et les discours de haine se multiplient sur les r\u00e9seaux sociaux et dans les m\u00e9dias. Par ailleurs, les r\u00e9bellions \u00e0 l\u2019Est du pays perdurent, fragilisant la coh\u00e9sion sociale et la paix.<\/p>\n\n\n\n<p>Dans ce contexte, les discours de haine sont souvent instrumentalis\u00e9s \u00e0 des fins politiques. Certains acteurs politiques et m\u00e9diatiques v\u00e9hiculent des messages discriminatoires et stigmatisants, exacerbant les divisions entre les diff\u00e9rentes communaut\u00e9s ethniques, religieuses et politiques. Cette situation contribue \u00e0 radicaliser les opinions, \u00e0 renforcer les clivages et \u00e0 attiser les conflits, notamment \u00e0 l\u2019Est du pays.<\/p>\n\n\n\n<p>Malgr\u00e9 la gravit\u00e9 de la situation, les initiatives pour combattre les discours de haine sont encore insuffisants en RDC. Des mesures urgentes sont n\u00e9cessaires pour pr\u00e9venir et lutter contre ce ph\u00e9nom\u00e8ne.<\/p>\n\n\n\n<p>\u00c0 l\u2019approche des \u00e9lections de&nbsp;<a href=\"https:\/\/linterview.cd\/rdc-election-ou-pas-felix-tshisekedi-doit-faire-ses-valises-le-23-janvier-2024-martin-fayulu\/\" target=\"_blank\" rel=\"noreferrer noopener\">d\u00e9cembre 2023<\/a>, la lutte contre les discours de haine doit devenir une priorit\u00e9 pour tous les acteurs de la soci\u00e9t\u00e9 congolaise : politiques, m\u00e9diatiques, religieux et citoyens. Chacun doit prendre conscience de l\u2019impact de ses propos sur la coh\u00e9sion sociale et s\u2019engager \u00e0 promouvoir le dialogue, la tol\u00e9rance et le respect mutuel.<\/p>\n\n\n\n<p>En conclusion, face aux enjeux des \u00e9lections de 2023 et aux r\u00e9bellions \u00e0 l\u2019Est, la prolif\u00e9ration des discours de haine en RDC constitue un d\u00e9fi majeur pour la paix et la stabilit\u00e9 du pays<\/p>\n\n\n\n<p><strong>R\u00e9daction L\u2019INTERVIEW.CD<\/strong><\/p>\n<div style=\"text-align:center\" class=\"wps-pgfw-pdf-generate-icon__wrapper-frontend\">\n\t\t<a href=\"https:\/\/congokin.blog?action=genpdf&amp;id=12028\" class=\"pgfw-single-pdf-download-button\" ><img src=\"https:\/\/congokin.blog\/wp-content\/plugins\/pdf-generator-for-wp\/admin\/src\/images\/PDF_Tray.svg\" title=\"G\u00e9n\u00e9rer un PDF\" style=\"width:auto; height:45px;\"><\/a>\n\t\t<\/div>","protected":false},"excerpt":{"rendered":"<p>Discours de haine en RDC : impact sur les \u00e9lections 2023 et la stabilit\u00e9 \u00e0 l\u2019Est \u00c0 l\u2019approche des \u00e9lections de d\u00e9cembre 2023 en R\u00e9publique D\u00e9mocratique du Congo (RDC) et face aux r\u00e9bellions persistantes \u00e0 l\u2019Est, les discours de haine prolif\u00e8rent, mena\u00e7ant la coh\u00e9sion sociale et la stabilit\u00e9 du pays. Des initiatives pour lutter contre [&hellip;]<\/p>\n","protected":false},"author":8,"featured_media":0,"comment_status":"open","ping_status":"closed","sticky":false,"template":"","format":"standard","meta":{"footnotes":""},"categories":[6,7,8],"tags":[],"class_list":["post-12028","post","type-post","status-publish","format-standard","hentry","category-justice","category-politique","category-societe"],"_links":{"self":[{"href":"https:\/\/congokin.blog\/index.php?rest_route=\/wp\/v2\/posts\/12028","targetHints":{"allow":["GET"]}}],"collection":[{"href":"https:\/\/congokin.blog\/index.php?rest_route=\/wp\/v2\/posts"}],"about":[{"href":"https:\/\/congokin.blog\/index.php?rest_route=\/wp\/v2\/types\/post"}],"author":[{"embeddable":true,"href":"https:\/\/congokin.blog\/index.php?rest_route=\/wp\/v2\/users\/8"}],"replies":[{"embeddable":true,"href":"https:\/\/congokin.blog\/index.php?rest_route=%2Fwp%2Fv2%2Fcomments&post=12028"}],"version-history":[{"count":1,"href":"https:\/\/congokin.blog\/index.php?rest_route=\/wp\/v2\/posts\/12028\/revisions"}],"predecessor-version":[{"id":12029,"href":"https:\/\/congokin.blog\/index.php?rest_route=\/wp\/v2\/posts\/12028\/revisions\/12029"}],"wp:attachment":[{"href":"https:\/\/congokin.blog\/index.php?rest_route=%2Fwp%2Fv2%2Fmedia&parent=12028"}],"wp:term":[{"taxonomy":"category","embeddable":true,"href":"https:\/\/congokin.blog\/index.php?rest_route=%2Fwp%2Fv2%2Fcategories&post=12028"},{"taxonomy":"post_tag","embeddable":true,"href":"https:\/\/congokin.blog\/index.php?rest_route=%2Fwp%2Fv2%2Ftags&post=12028"}],"curies":[{"name":"wp","href":"https:\/\/api.w.org\/{rel}","templated":true}]}}