{"id":12036,"date":"2023-04-30T23:52:34","date_gmt":"2023-04-30T23:52:34","guid":{"rendered":"https:\/\/congokin.blog\/?p=12036"},"modified":"2023-04-30T23:52:34","modified_gmt":"2023-04-30T23:52:34","slug":"les-recits-atroces-des-civils-qui-ont-croise-la-route-des-rebelles-du-m23-dans-lest","status":"publish","type":"post","link":"https:\/\/congokin.blog\/?p=12036","title":{"rendered":"Les r\u00e9cits atroces des civils qui ont crois\u00e9 la route des rebelles du M23 dans l\u2019Est"},"content":{"rendered":"\n<h1 class=\"wp-block-heading\">RD Congo&nbsp;: \u00ab\u00a0Ils torturent sans piti\u00e9&nbsp;\u00ab\u00a0, les r\u00e9cits atroces des civils qui ont crois\u00e9 la route des rebelles du M23 dans l\u2019Est<\/h1>\n\n\n\n<figure class=\"wp-block-image is-style-zoooom\"><img decoding=\"async\" src=\"https:\/\/ds.static.rtbf.be\/article\/image\/1920x1080\/f\/e\/4\/362c99307cdc3f2d8b410652386a9dd1-1682868333.jpg\" alt=\"2. Des soldats burundais sur une colline de la cit\u00e9 de Mushaki, dans l'est de la RDC, le 21 avril 2023.\"\/><\/figure>\n\n\n\n<p>\u00a9 GLODY MURHABAZI \/ RTBF<\/p>\n\n\n\n<p>il y a 8 heures &#8211; mise \u00e0 jour il y a 7 heures\u2022<img loading=\"lazy\" decoding=\"async\" alt=\"Temps de lecture\" src=\"https:\/\/www.rtbf.be\/icons\/custom\/standalone\/clock.svg\" width=\"16\" height=\"16\">2 min<\/p>\n\n\n\n<p>Par Glody Murhabazi<\/p>\n\n\n\n<ul class=\"wp-block-list\">\n<li><\/li>\n<\/ul>\n\n\n\n<p>Le calme semble revenir dans les collines verdoyantes du Masisi, un territoire dans l\u2019est de la R\u00e9publique d\u00e9mocratique du Congo, th\u00e9\u00e2tre d\u2019intenses combats entre l\u2019arm\u00e9e congolaise et les rebelles du M23 il y a quelques mois. Dans cette r\u00e9gion, l\u2019atrocit\u00e9 des r\u00e9cits des habitants et d\u00e9plac\u00e9s qui ont crois\u00e9 la route des rebelles laisse sans voix.<\/p>\n\n\n\n<p>Jean-Bosco Sengiyunva s\u2019est r\u00e9fugi\u00e9 ici apr\u00e8s avoir fui son village de Kishishe, o\u00f9 les Nations-Unies accusent le M23 d&rsquo;avoir commis un massacre de 170 civils. Ce p\u00e8re de 7 enfants a miraculeusement surv\u00e9cu \u00e0 une attaque du M23. Une balle lui a effleur\u00e9 la t\u00eate et emport\u00e9 son oreille droite.<\/p>\n\n\n\n<p><em>\u00a0\u00bb&nbsp;C\u2019\u00e9tait au milieu de la nuit quand ils sont venus me prendre. Ils m\u2019ont sorti des toilettes et ne m\u2019ont m\u00eame pas laiss\u00e9 le temps de m\u2019habiller. Apr\u00e8s ils m\u2019ont mis \u00e0 genoux et ont tir\u00e9 une balle en me demandant de l\u2019argent&nbsp;\u00ab\u00a0<\/em>, t\u00e9moigne-t-il au micro de la RTBF.<\/p>\n\n\n\n<p>Comme lui, Odette vit avec le traumatisme du meurtre de son mari. Elle doit maintenant, toute seule \u00e9lever ses enfants dans la cit\u00e9 de Kilolirwe \u00e0 Masisi, o\u00f9 elle a trouv\u00e9 refuge.<\/p>\n\n\n\n<p><em>\u00a0\u00bb&nbsp;Mon mari \u00e9tait professeur \u00e0 Karenga et directeur des \u00e9tudes \u00e0 l\u2019\u00e9cole o\u00f9 il travaillait. Ils l\u2019ont tu\u00e9 et il m\u2019a laiss\u00e9 9 orphelins&nbsp;\u00ab\u00a0<\/em>, dit-elle.<\/p>\n\n\n\n<h2 class=\"wp-block-heading\">\u00ab\u00a0Ils torturent sans piti\u00e9\u00a0\u00bb<\/h2>\n\n\n\n<p>\u00c0 Bunagana, la population a v\u00e9cu les 10 derniers mois sous occupation du M23.&nbsp;<em>\u00a0\u00bb&nbsp;Au d\u00e9but, ils \u00e9taient tr\u00e8s cruels, ils ont instaur\u00e9 un r\u00e9gime de terreur&nbsp;\u00ab\u00a0<\/em>, affirme un jeune qui a souhait\u00e9 cacher son nom et son visage.<\/p>\n\n\n\n<p>&nbsp;<em>\u00a0\u00bb&nbsp;Ils ont une prison dans les locaux de la DGM (Direction g\u00e9n\u00e9rale de migration) et de l\u2019ANR (Agence nationale des renseignements). Ils y enferment les civils et les torturent \u00e9norm\u00e9ment. Ils torturent sans piti\u00e9&nbsp;\u00ab\u00a0, s&rsquo;alarme<\/em>&nbsp;ce jeune qui montre des traces de blessures sur son dos et cuisses.<\/p>\n\n\n\n<p>&nbsp;Des r\u00e9cits, que ces civils n\u2019ont toujours pas l\u2019occasion de raconter aux journalistes. Pour la premi\u00e8re fois, sous escorte militaire et minutieusement surveill\u00e9s, des m\u00e9dias ont \u00e9t\u00e9 autoris\u00e9s \u00e0 se rendre dans les zones que le M23 c\u00e8de \u00e0 la force r\u00e9gionale de la Communaut\u00e9 d\u2019Afrique de l\u2019Est afin de constater le d\u00e9ploiement effectif de la force r\u00e9gionale.&nbsp;<\/p>\n\n\n\n<p><a href=\"https:\/\/www.rtbf.be\/article\/rd-congo-ils-torturent-sans-pitie-les-recits-atroces-des-civils-qui-ont-croise-la-route-des-rebelles-du-m23-dans-lest-11191194#\"><\/a><\/p>\n\n\n\n<figure class=\"wp-block-image is-style-zoooom\"><a href=\"https:\/\/www.rtbf.be\/article\/rd-congo-ils-torturent-sans-pitie-les-recits-atroces-des-civils-qui-ont-croise-la-route-des-rebelles-du-m23-dans-lest-11191194#\"><img decoding=\"async\" src=\"https:\/\/ds.static.rtbf.be\/article\/image\/1920x1080\/0\/5\/2\/c81e728d9d4c2f636f067f89cc14862c-1682868429.jpg\" alt=\"Vue de la cit\u00e9 de Mushaki dans l'est de la RDC apr\u00e8s le retrait du M23, le 21 avril 2023. \"\/><\/a><\/figure>\n\n\n\n<p><a href=\"https:\/\/www.rtbf.be\/article\/rd-congo-ils-torturent-sans-pitie-les-recits-atroces-des-civils-qui-ont-croise-la-route-des-rebelles-du-m23-dans-lest-11191194#\"><\/a><\/p>\n\n\n\n<p><em>Vue de la cit\u00e9 de Mushaki dans l&rsquo;est de la RDC apr\u00e8s le retrait du M23, le 21 avril 2023.&nbsp;\u00a9 Glody Murhabazi \/ RTBF<\/em><\/p>\n\n\n\n<p>Le M23 est un groupe rebelle accus\u00e9 d\u2019\u00eatre soutenu par le Rwanda, qui a repris les armes fin 2021 et a conquis de larges parties de territoire congolais depuis juin dernier. Le mouvement revendique un dialogue direct avec Kinshasa pour la fin de la crise. Le gouvernement refuse de n\u00e9gocier avec un groupe qualifi\u00e9 de \u00a0\u00bb&nbsp;terroriste&nbsp;\u00ab\u00a0.<\/p>\n\n\n\n<p><em>\u00a0\u00bb&nbsp;Nous travaillons sur le front judiciaire, parce que nous pensons que si la justice n\u2019est pas faite, nous n\u2019aurons pas de garantie de non-r\u00e9p\u00e9tition de la crise dans l\u2019Est de de la RDC&nbsp;\u00ab\u00a0<\/em>, rappelle Patrick Muyaya, ministre de la communication et porte-parole du gouvernement congolais dans une conf\u00e9rence de presse tenue le 17 avril \u00e0 Goma.&nbsp;Le Rwanda d\u00e9ment tout soutien au M23, qui nie \u00e0 son tour avoir commis d\u2019exactions.<\/p>\n\n\n\n<p>En une ann\u00e9e, plus d\u2019un million de civils ont d\u00fb abandonner leurs villages suite aux affrontements qui pour la plupart ont \u00e9t\u00e9 violents. 800.000 de ces d\u00e9plac\u00e9s s\u2019entassent dans des camps de fortune autour de Goma, la capitale provinciale situ\u00e9e entre le Rwanda \u00e0 l\u2019est, le lac Kivu au sud et le parc des Virunga au nord.<\/p>\n\n\n\n<p>&nbsp;Dans le camp de Kanyaruchinya au pied du volcan Nyiragongo, plusieurs d\u00e9plac\u00e9s ont crois\u00e9 la route des rebelles et les perspectives d\u2019un retour dans leurs villages semblent s\u2019\u00e9loigner de jour en jour. Le d\u00e9ploiement d\u2019une force r\u00e9gionale compos\u00e9e des arm\u00e9es du Kenya, du Burundi, de l\u2019Ouganda et du Sud Soudan ne les rassure pas.<\/p>\n<div style=\"text-align:center\" class=\"wps-pgfw-pdf-generate-icon__wrapper-frontend\">\n\t\t<a href=\"https:\/\/congokin.blog?action=genpdf&amp;id=12036\" class=\"pgfw-single-pdf-download-button\" ><img src=\"https:\/\/congokin.blog\/wp-content\/plugins\/pdf-generator-for-wp\/admin\/src\/images\/PDF_Tray.svg\" title=\"G\u00e9n\u00e9rer un PDF\" style=\"width:auto; height:45px;\"><\/a>\n\t\t<\/div>","protected":false},"excerpt":{"rendered":"<p>RD Congo&nbsp;: \u00ab\u00a0Ils torturent sans piti\u00e9&nbsp;\u00ab\u00a0, les r\u00e9cits atroces des civils qui ont crois\u00e9 la route des rebelles du M23 dans l\u2019Est \u00a9 GLODY MURHABAZI \/ RTBF il y a 8 heures &#8211; mise \u00e0 jour il y a 7 heures\u20222 min Par Glody Murhabazi Le calme semble revenir dans les collines verdoyantes du Masisi, [&hellip;]<\/p>\n","protected":false},"author":8,"featured_media":0,"comment_status":"open","ping_status":"closed","sticky":false,"template":"","format":"standard","meta":{"footnotes":""},"categories":[6,7,8],"tags":[],"class_list":["post-12036","post","type-post","status-publish","format-standard","hentry","category-justice","category-politique","category-societe"],"_links":{"self":[{"href":"https:\/\/congokin.blog\/index.php?rest_route=\/wp\/v2\/posts\/12036","targetHints":{"allow":["GET"]}}],"collection":[{"href":"https:\/\/congokin.blog\/index.php?rest_route=\/wp\/v2\/posts"}],"about":[{"href":"https:\/\/congokin.blog\/index.php?rest_route=\/wp\/v2\/types\/post"}],"author":[{"embeddable":true,"href":"https:\/\/congokin.blog\/index.php?rest_route=\/wp\/v2\/users\/8"}],"replies":[{"embeddable":true,"href":"https:\/\/congokin.blog\/index.php?rest_route=%2Fwp%2Fv2%2Fcomments&post=12036"}],"version-history":[{"count":1,"href":"https:\/\/congokin.blog\/index.php?rest_route=\/wp\/v2\/posts\/12036\/revisions"}],"predecessor-version":[{"id":12037,"href":"https:\/\/congokin.blog\/index.php?rest_route=\/wp\/v2\/posts\/12036\/revisions\/12037"}],"wp:attachment":[{"href":"https:\/\/congokin.blog\/index.php?rest_route=%2Fwp%2Fv2%2Fmedia&parent=12036"}],"wp:term":[{"taxonomy":"category","embeddable":true,"href":"https:\/\/congokin.blog\/index.php?rest_route=%2Fwp%2Fv2%2Fcategories&post=12036"},{"taxonomy":"post_tag","embeddable":true,"href":"https:\/\/congokin.blog\/index.php?rest_route=%2Fwp%2Fv2%2Ftags&post=12036"}],"curies":[{"name":"wp","href":"https:\/\/api.w.org\/{rel}","templated":true}]}}