{"id":12038,"date":"2023-05-02T16:48:31","date_gmt":"2023-05-02T16:48:31","guid":{"rendered":"https:\/\/congokin.blog\/?p=12038"},"modified":"2023-05-02T16:48:31","modified_gmt":"2023-05-02T16:48:31","slug":"retour-en-justice-pour-matata-ponyo-en-rdc","status":"publish","type":"post","link":"https:\/\/congokin.blog\/?p=12038","title":{"rendered":"Retour en justice pour Matata Ponyo en RDC"},"content":{"rendered":"\n<h1 class=\"wp-block-heading\">Retour en justice pour Matata Ponyo en RDC: il s&rsquo;agit \u00abd&rsquo;un acharnement politique parce que je suis candidat \u00e0 la pr\u00e9sidentielle\u00bb<\/h1>\n\n\n\n<p>Publi\u00e9 le :&nbsp;02\/05\/2023 &#8211; 06:49<\/p>\n\n\n\n<p>\u00c9couter &#8211; 09:41<\/p>\n\n\n\n<p>PartagerAjouter \u00e0 la file d&rsquo;attente<\/p>\n\n\n\n<p>En RDC, les ennuis judiciaires ne sont pas termin\u00e9s pour l&rsquo;ancien Premier ministre Matata Ponyo Mapon, qui est soup\u00e7onn\u00e9 d&rsquo;\u00eatre impliqu\u00e9 dans une affaire de d\u00e9tournements de fonds. En effet, la Cour de cassation vient de renvoyer l&rsquo;affaire devant la Cour constitutionnelle. Y a-t-il un lien avec le fait qu&rsquo;il est candidat \u00e0 la pr\u00e9sidentielle de d\u00e9cembre prochain et qu&rsquo;il vient de faire alliance avec trois autres candidats de l&rsquo;opposition radicale ? En ligne de Kinshasa, le Pr\u00e9sident du parti LGD, Leadership et Gouvernance pour le D\u00e9veloppement, r\u00e9pond aux questions de RFI.<\/p>\n\n\n\n<figure class=\"wp-block-image size-full\"><img loading=\"lazy\" decoding=\"async\" width=\"1\" height=\"1\" src=\"https:\/\/congokin.blog\/wp-content\/uploads\/2023\/05\/image.gif\" alt=\"\" class=\"wp-image-12039\"\/><figcaption class=\"wp-element-caption\">L\u2019ancien Premier ministre congolais Matata Ponyo Mapon, pr\u00e9sident du parti, LGD, Leadership et Gouvernance pour le D\u00e9veloppement, est candidat \u00e0 la pr\u00e9sidentielle de la fin 2023 en RDC. Sur la photo, \u00e0 Kinshasa le 13 avril 2015.&nbsp;\u00a9 Frederico Scoppa, AFP<\/figcaption><\/figure>\n\n\n\n<p><strong>RFI&nbsp;: Matata Ponyo&nbsp;<\/strong><strong>Mapon<\/strong><strong>, dans l\u2019affaire du parc agro-industriel de Bukanga Lonzo, o\u00f9 l\u2019on parle d\u2019un d\u00e9tournement de 200 millions de dollars, la Cour de cassation vient de se d\u00e9clarer incomp\u00e9tente et de renvoyer le dossier devant la Cour constitutionnelle. Pourquoi \u00eates-vous d\u00e9\u00e7u&nbsp;?<\/strong><\/p>\n\n\n\n<p><strong>Matata Ponyo&nbsp;<\/strong><strong>Mapon<\/strong><strong>&nbsp;:&nbsp;<\/strong>Ce n\u2019est pas moi qui suis d\u00e9\u00e7u, mais c\u2019est l\u2019ensemble de la communaut\u00e9 nationale et internationale qui est d\u00e9\u00e7ue, parce que, par interf\u00e9rence politique, la Cour de cassation \u00e9tait oblig\u00e9e de renvoyer le dossier aupr\u00e8s de la Cour constitutionnelle, en violation de la Constitution. On voit, depuis le d\u00e9but de ce processus judiciaire il y a deux ans, une violation syst\u00e9matique de la Constitution, et une violation syst\u00e9matique des lois r\u00e9gissant le fonctionnement de la Cour constitutionnelle et le fonctionnement de la Cour de cassation. Donc on se dit qu\u2019il y a certainement des injonctions qui viennent de dehors. Et rappelez-vous de cette lettre que le procureur pr\u00e8s la Cour de cassation avait \u00e9crit au pr\u00e9sident de la R\u00e9publique, pour lui demander des instructions quant \u00e0 l\u2019\u00e9volution du dossier, et \u00e7a, c\u2019est scandaleux. La Constitution de la R\u00e9publique est claire l\u00e0-dessus. Le pr\u00e9sident de la R\u00e9publique et le Premier ministre ne peuvent \u00eatre jug\u00e9s que quand ils sont en fonction, et ils ne sont plus poursuivables quand ils ne sont plus en fonction. C\u2019est la Constitution qui le dit.<\/p>\n\n\n\n<p><strong>Alors vous dites que vous \u00eates prot\u00e9g\u00e9 par la Constitution et que vous ne pouvez pas \u00eatre poursuivi pour vos actes quand vous \u00e9tiez Premier ministre. Et pourtant, vous \u00eates inquiet. Pourquoi&nbsp;?<\/strong><\/p>\n\n\n\n<p>Non, on n\u2019est pas inquiet comme tel. Tout simplement, nous avons l\u2019obligation de pouvoir rappeler aux juges de la Cour constitutionnelle qu\u2019ils ne sont pas au-dessus de la Constitution. Et donc pour nous, le dossier est clos. Toute poursuite de ce dossier ne serait consid\u00e9r\u00e9e que comme de l\u2019acharnement politique contre un candidat \u00e0 la pr\u00e9sidence de la R\u00e9publique.<\/p>\n\n\n\n<p><strong>Pourquoi votre avocat a-t-il parl\u00e9 d\u2019acharnement judiciaire contre vous&nbsp;?<\/strong><\/p>\n\n\n\n<p>Tout simplement parce qu\u2019on ne peut pas comprendre, dans un pays o\u00f9 des d\u00e9tournements de fonds ont eu lieu, o\u00f9 des d\u00e9tournements de fonds continuent \u00e0 se faire et que les coupables sont connus, qu\u2019on n\u2019engage pas de poursuites judiciaires contre ces gens-l\u00e0, mais qu\u2019on s\u2019acharne contre quelqu\u2019un qui n\u2019a jamais d\u00e9tourn\u00e9 un dollar. Et je crois qu\u2019il s\u2019agit l\u00e0 d\u2019un acharnement politique.<\/p>\n\n\n\n<p><strong>Et pourquoi y aurait-il acharnement politique contre vous&nbsp;?<\/strong><\/p>\n\n\n\n<p>Tout simplement, parce que je suis un candidat \u00e0 la pr\u00e9sidence de la R\u00e9publique, et je peux vous le dire, il m\u2019a \u00e9t\u00e9 demand\u00e9 de rejoindre l\u2019Union sacr\u00e9e et j\u2019ai refus\u00e9 de rejoindre l\u2019Union sacr\u00e9e. Voil\u00e0 l\u2019infraction politique que j\u2019ai commise, parce qu\u2019il n\u2019y a pas d\u2019infractions judiciaires.<\/p>\n\n\n\n<p><strong>Matata Ponyo Mapon, vous \u00eates donc candidat \u00e0 la pr\u00e9sidentielle de d\u00e9cembre prochain, et le 14 avril dernier, \u00e0 Lubumbashi, avec trois autres candidats &#8211; Mo\u00efse Katumbi, Martin Fayulu et Delly Sesanga -, vous avez annonc\u00e9 que vous alliez mener des actions communes contre le pouvoir du pr\u00e9sident Tshisekedi.&nbsp; Mais n\u2019est-ce pas une alliance de circonstances entre quatre leaders politiques qui n\u2019ont rien de commun, sinon leur hostilit\u00e9 au pouvoir en place&nbsp;?<\/strong><\/p>\n\n\n\n<p>Lorsque nous savons que nous avons en face de nous un seul pouvoir, qui essaye par plusieurs moyens, par plusieurs tactiques, d\u2019\u00e9touffer les candidatures de ceux qui sont capables de v\u00e9ritablement&nbsp;<em>challenger,&nbsp;<\/em>il \u00e9tait important que nous puissions r\u00e9unir nos syst\u00e8mes de communication, et nous l\u2019avons fait \u00e0 Lubumbashi. Et le 13 mai, nous projetons une marche populaire pour protester contre la vie ch\u00e8re, pour protester contre un processus \u00e9lectoral chaotique, et pour protester contre toute modification, aussi petite soit-elle, de la Constitution.<\/p>\n\n\n\n<p><strong>Et \u00e0 quelle r\u00e9vision en particulier pensez-vous&nbsp;?<\/strong><\/p>\n\n\n\n<p>Vous le savez tr\u00e8s bien, il y a une loi bas\u00e9e sur la congolit\u00e9, et \u00e7a, ce n\u2019est pas acceptable.<\/p>\n\n\n\n<p><strong>Peut-on imaginer une plateforme commune&nbsp;? Un programme commun entre vous quatre&nbsp;?<\/strong><\/p>\n\n\n\n<p>Je pense qu\u2019il ne faut pas aller vite en besogne. Comme je vous l\u2019ai dit, le plus important, c\u2019est cette rencontre que nous avons eue dans le sens de la patrie.<\/p>\n\n\n\n<p><strong>En d\u00e9cembre prochain, \u00e0 la pr\u00e9sidentielle, il n\u2019y aura qu\u2019un seul tour et vous \u00eates d\u00e9j\u00e0 tr\u00e8s nombreux dans l\u2019opposition \u00e0 vous porter candidat. Est-ce que vous pourriez vous entendre entre vous quatre pour qu\u2019un seul de vous soit candidat et que les trois autres le soutiennent&nbsp;?<\/strong><\/p>\n\n\n\n<p>Je souhaite que vous me posiez cette question d\u2019ici quelques mois, le temps pour nous de pouvoir consolider davantage notre syst\u00e8me de travail.<\/p>\n\n\n\n<p><strong>Vous qui avez \u00e9t\u00e9 le Premier ministre de Joseph Kabila pendant pr\u00e8s de cinq ans, pensez-vous qu\u2019il va vers un boycott de cette pr\u00e9sidentielle, avec son mouvement FCC, le Front commun pour le Congo ?<\/strong><\/p>\n\n\n\n<p>Tout ce que je sais, c\u2019est que le PPRD [<em>Parti du peuple pour la reconstruction et la d\u00e9mocratie, Ndlr<\/em>], le parti du pr\u00e9sident honoraire, n\u2019est pas impliqu\u00e9 dans le processus \u00e9lectoral actuel. Maintenant, je ne sais pas faire un commentaire ou un jugement de valeur l\u00e0-dessus.<\/p>\n\n\n\n<p><strong>Et est-ce que votre espoir, c\u2019est de r\u00e9cup\u00e9rer les voix de Joseph Kabila&nbsp;?<\/strong><\/p>\n\n\n\n<p>\u00c7a, je ne sais pas vous le dire.<\/p>\n\n\n\n<p><strong>Mais vous y pensez&nbsp;?<\/strong><\/p>\n\n\n\n<p>Bon, on n\u2019en est pas encore \u00e0 ce stade-l\u00e0.<\/p>\n<div style=\"text-align:center\" class=\"wps-pgfw-pdf-generate-icon__wrapper-frontend\">\n\t\t<a href=\"https:\/\/congokin.blog?action=genpdf&amp;id=12038\" class=\"pgfw-single-pdf-download-button\" ><img src=\"https:\/\/congokin.blog\/wp-content\/plugins\/pdf-generator-for-wp\/admin\/src\/images\/PDF_Tray.svg\" title=\"G\u00e9n\u00e9rer un PDF\" style=\"width:auto; height:45px;\"><\/a>\n\t\t<\/div>","protected":false},"excerpt":{"rendered":"<p>Retour en justice pour Matata Ponyo en RDC: il s&rsquo;agit \u00abd&rsquo;un acharnement politique parce que je suis candidat \u00e0 la pr\u00e9sidentielle\u00bb Publi\u00e9 le :&nbsp;02\/05\/2023 &#8211; 06:49 \u00c9couter &#8211; 09:41 PartagerAjouter \u00e0 la file d&rsquo;attente En RDC, les ennuis judiciaires ne sont pas termin\u00e9s pour l&rsquo;ancien Premier ministre Matata Ponyo Mapon, qui est soup\u00e7onn\u00e9 d&rsquo;\u00eatre impliqu\u00e9 [&hellip;]<\/p>\n","protected":false},"author":9,"featured_media":0,"comment_status":"open","ping_status":"closed","sticky":false,"template":"","format":"standard","meta":{"footnotes":""},"categories":[6,7,8],"tags":[],"class_list":["post-12038","post","type-post","status-publish","format-standard","hentry","category-justice","category-politique","category-societe"],"_links":{"self":[{"href":"https:\/\/congokin.blog\/index.php?rest_route=\/wp\/v2\/posts\/12038","targetHints":{"allow":["GET"]}}],"collection":[{"href":"https:\/\/congokin.blog\/index.php?rest_route=\/wp\/v2\/posts"}],"about":[{"href":"https:\/\/congokin.blog\/index.php?rest_route=\/wp\/v2\/types\/post"}],"author":[{"embeddable":true,"href":"https:\/\/congokin.blog\/index.php?rest_route=\/wp\/v2\/users\/9"}],"replies":[{"embeddable":true,"href":"https:\/\/congokin.blog\/index.php?rest_route=%2Fwp%2Fv2%2Fcomments&post=12038"}],"version-history":[{"count":1,"href":"https:\/\/congokin.blog\/index.php?rest_route=\/wp\/v2\/posts\/12038\/revisions"}],"predecessor-version":[{"id":12040,"href":"https:\/\/congokin.blog\/index.php?rest_route=\/wp\/v2\/posts\/12038\/revisions\/12040"}],"wp:attachment":[{"href":"https:\/\/congokin.blog\/index.php?rest_route=%2Fwp%2Fv2%2Fmedia&parent=12038"}],"wp:term":[{"taxonomy":"category","embeddable":true,"href":"https:\/\/congokin.blog\/index.php?rest_route=%2Fwp%2Fv2%2Fcategories&post=12038"},{"taxonomy":"post_tag","embeddable":true,"href":"https:\/\/congokin.blog\/index.php?rest_route=%2Fwp%2Fv2%2Ftags&post=12038"}],"curies":[{"name":"wp","href":"https:\/\/api.w.org\/{rel}","templated":true}]}}