{"id":12450,"date":"2023-08-14T03:38:15","date_gmt":"2023-08-14T03:38:15","guid":{"rendered":"https:\/\/congokin.blog\/?p=12450"},"modified":"2023-08-14T03:38:16","modified_gmt":"2023-08-14T03:38:16","slug":"en-rdc-kalev-mutond-nest-plus-recherche-par-la-justice","status":"publish","type":"post","link":"https:\/\/congokin.blog\/?p=12450","title":{"rendered":"En RDC, Kalev Mutond n\u2019est plus recherch\u00e9 par la justice"},"content":{"rendered":"\n<h1 class=\"wp-block-heading\">En RDC, Kalev Mutond n\u2019est plus recherch\u00e9 par la justice<\/h1>\n\n\n\n<h2 class=\"wp-block-heading\">L\u2019ancien patron des renseignements congolais, rentr\u00e9 en RDC en ao\u00fbt 2022 apr\u00e8s plusieurs mois d\u2019exil, ne fait plus l\u2019objet d\u2019un avis de recherche de la justice congolaise depuis le 10 ao\u00fbt.<\/h2>\n\n\n\n<p>12 ao\u00fbt 2023 \u00e0 10:09<\/p>\n\n\n\n<p>Par&nbsp;<a href=\"https:\/\/www.jeuneafrique.com\/auteurs\/romain.gras\/\">Romain Gras<\/a><\/p>\n\n\n\n<p>Mis \u00e0 jour le 12 ao\u00fbt 2023 \u00e0 12:34<\/p>\n\n\n\n<figure class=\"wp-block-image is-style-zoooom\"><img decoding=\"async\" src=\"https:\/\/prod.cdn-medias.jeuneafrique.com\/cdn-cgi\/image\/q=100,f=auto,metadata=none,width=1256,height=628\/https:\/\/prod.cdn-medias.jeuneafrique.com\/medias\/2021\/03\/11\/jad20210311-conf-rdc-kalev-mutond-1256x628-1691836432.jpg\" alt=\"\"\/><figcaption class=\"wp-element-caption\">Kalev Mutond. \u00a9 DR<\/figcaption><\/figure>\n\n\n\n<p>Dans une lettre dat\u00e9e du 10 ao\u00fbt 2023, le procureur g\u00e9n\u00e9ral pr\u00e8s la cour d\u2019appel de Kinshasa-Gombe a annonc\u00e9 la suspension de l\u2019avis de recherche qui avait \u00e9t\u00e9 \u00e9mis \u00e0 l\u2019encontre de Kalev Mutond, l\u2019ancien patron des renseignements congolais. Selon le magistrat Robert Kumbu Phanzu, \u00ab&nbsp;les raisons qui ont justifi\u00e9 cet avis de recherche ne subsistent plus&nbsp;\u00bb.<\/p>\n\n\n\n<h2 class=\"wp-block-heading\">Discret retour<\/h2>\n\n\n\n<p>Incontournable s\u00e9curocrate de l\u2019\u00e8re Kabila, \u00ab&nbsp;<a href=\"https:\/\/www.jeuneafrique.com\/898172\/politique\/rdc-kalev-mutond-droit-dans-ses-bottes-malgre-les-soupcons-et-les-sanctions\/\" target=\"_blank\" rel=\"noreferrer noopener\">Kalev&nbsp;\u00bb a dirig\u00e9 l\u2019Agence nationale de renseignement (ANR)<\/a>&nbsp;de 2011 \u00e0 2019, avant de devenir conseiller du Premier ministre, Sylvestre Ilunga Ilunkamba,&nbsp;jusqu\u2019\u00e0&nbsp;la destitution de ce dernier, en janvier 2021. Il avait ensuite eu plusieurs d\u00e9m\u00eal\u00e9s avec la justice congolaise.<\/p>\n\n\n\n<p><a href=\"https:\/\/www.jeuneafrique.com\/1124416\/societe\/rdc-kalev-mutond-lex-patron-de-lanr-de-nouveau-dans-le-viseur-de-la-justice\/\" target=\"_blank\" rel=\"noreferrer noopener\">Mis en cause quelques mois plus tard<\/a>&nbsp;pour des faits de \u00ab&nbsp;tortures physiques et morales, arrestations arbitraires, d\u00e9tention ill\u00e9gale, menaces de mort, et tentative d\u2019assassinat&nbsp;\u00bb, et vis\u00e9 par une plainte de&nbsp;<a href=\"https:\/\/www.jeuneafrique.com\/1124416\/societe\/rdc-kalev-mutond-lex-patron-de-lanr-de-nouveau-dans-le-viseur-de-la-justice\/\" target=\"_blank\" rel=\"noreferrer noopener\">l\u2019ancien b\u00e2tonnier de Lubumbashi&nbsp;<strong>Jean-Claude Muyambo<\/strong><\/a>, Kalev Mutond avait finalement quitt\u00e9 la RDC avant qu\u2019un avis de recherche ne soit \u00e9mis \u00e0 son encontre le 11 mars 2021.\u00c0 LIRE<a href=\"https:\/\/www.jeuneafrique.com\/1135567\/politique\/rdc-comment-le-pouvoir-de-felix-tshisekedi-maintient-la-pression-sur-kalev-mutond\/\">RDC : comment le pouvoir de F\u00e9lix Tshisekedi maintient la pression sur Kalev Mutond<\/a><\/p>\n\n\n\n<p>D\u00e9butait alors un exil de plus d\u2019un an au cours duquel l\u2019ancien ma\u00eetre-espion serait pass\u00e9 par plusieurs pays du continent. Rentr\u00e9 \u00e0 Kinshasa dans le plus grand secret au cours du mois d\u2019ao\u00fbt 2022, Kalev Mutond se faisait tr\u00e8s discret depuis un an. Les conditions qui ont permis son retour en RDC sont d\u2019ailleurs rest\u00e9es floues, alimentant de fait les rumeurs sur un \u00e9ventuel accord lui ayant permis de mettre un terme \u00e0 son exil.<\/p>\n\n\n\n<h2 class=\"wp-block-heading\">Fin des sanctions<\/h2>\n\n\n\n<p>Au cours des derniers mois, Kalev Mutond a en tout cas accumul\u00e9 les&nbsp;motifs&nbsp;de satisfaction. Le 19 juin, l\u2019Union europ\u00e9enne a annonc\u00e9 qu\u2019elle le retirait de la liste des personnalit\u00e9s sous sanctions sur laquelle il avait \u00e9t\u00e9 plac\u00e9 en 2017 pour entrave au processus \u00e9lectoral et violations des droits humains. Cette d\u00e9cision faisait suite \u00e0 un jugement de la Cour europ\u00e9enne de justice rendu le 8 mars, dans lequel cette juridiction estimait qu\u2019il ne subsistait plus suffisamment d\u2019\u00e9l\u00e9ments pour justifier le maintien de ces mesures restrictives. Reste \u00e0 savoir s\u2019il rebondira d\u00e9sormais dans d\u2019autres fonctions. Kalev Mutond est aussi vis\u00e9 par des sanctions am\u00e9ricaines.\u00c0 LIRE<a href=\"https:\/\/www.jeuneafrique.com\/1436507\/politique\/les-sanctions-de-lue-visant-kalev-mutond-et-emmanuel-ramazani-shadary-bientot-levees\/\">Les sanctions de l\u2019UE visant Kalev Mutond et Emmanuel Ramazani Shadary bient\u00f4t lev\u00e9es&nbsp;?<\/a><\/p>\n\n\n\n<p>Cette d\u00e9cision de justice intervient en tout cas au moment o\u00f9 plusieurs autres dossiers judiciaires gel\u00e9s depuis plusieurs mois font un retour au premier plan. Au cours des trois derni\u00e8res semaines, l\u2019ex-<a href=\"https:\/\/www.jeuneafrique.com\/1410448\/politique\/dix-choses-a-savoir-sur-fortunat-biselele-lex-conseiller-prive-de-felix-tshisekedi\/\" target=\"_blank\" rel=\"noreferrer noopener\">conseiller priv\u00e9 de F\u00e9lix Tshisekedi, Fortunat Biselele<\/a>, a b\u00e9n\u00e9fici\u00e9 d\u2019une libert\u00e9 provisoire tandis que les proc\u00e8s de l\u2019ancien&nbsp;<a href=\"https:\/\/www.jeuneafrique.com\/1472530\/politique\/proces-de-francois-beya-va-t-on-juger-le-fantome-de-fantomas\/\" target=\"_blank\" rel=\"noreferrer noopener\">\u00ab&nbsp;Monsieur S\u00e9curit\u00e9&nbsp;\u00bb du pr\u00e9sident, Fran\u00e7ois Beya,<\/a>&nbsp;et de l\u2019ex-patron int\u00e9rimaire de l\u2019Union pour la d\u00e9mocratie et le progr\u00e8s social (UDPS), Jean-Mac Kabund, ont tous&nbsp;deux&nbsp;repris.<\/p>\n<div style=\"text-align:center\" class=\"wps-pgfw-pdf-generate-icon__wrapper-frontend\">\n\t\t<a href=\"https:\/\/congokin.blog?action=genpdf&amp;id=12450\" class=\"pgfw-single-pdf-download-button\" ><img src=\"https:\/\/congokin.blog\/wp-content\/plugins\/pdf-generator-for-wp\/admin\/src\/images\/PDF_Tray.svg\" title=\"G\u00e9n\u00e9rer un PDF\" style=\"width:auto; height:45px;\"><\/a>\n\t\t<\/div>","protected":false},"excerpt":{"rendered":"<p>En RDC, Kalev Mutond n\u2019est plus recherch\u00e9 par la justice L\u2019ancien patron des renseignements congolais, rentr\u00e9 en RDC en ao\u00fbt 2022 apr\u00e8s plusieurs mois d\u2019exil, ne fait plus l\u2019objet d\u2019un avis de recherche de la justice congolaise depuis le 10 ao\u00fbt. 12 ao\u00fbt 2023 \u00e0 10:09 Par&nbsp;Romain Gras Mis \u00e0 jour le 12 ao\u00fbt 2023 [&hellip;]<\/p>\n","protected":false},"author":8,"featured_media":0,"comment_status":"open","ping_status":"closed","sticky":false,"template":"","format":"standard","meta":{"footnotes":""},"categories":[1],"tags":[],"class_list":["post-12450","post","type-post","status-publish","format-standard","hentry","category-uncategorized"],"_links":{"self":[{"href":"https:\/\/congokin.blog\/index.php?rest_route=\/wp\/v2\/posts\/12450","targetHints":{"allow":["GET"]}}],"collection":[{"href":"https:\/\/congokin.blog\/index.php?rest_route=\/wp\/v2\/posts"}],"about":[{"href":"https:\/\/congokin.blog\/index.php?rest_route=\/wp\/v2\/types\/post"}],"author":[{"embeddable":true,"href":"https:\/\/congokin.blog\/index.php?rest_route=\/wp\/v2\/users\/8"}],"replies":[{"embeddable":true,"href":"https:\/\/congokin.blog\/index.php?rest_route=%2Fwp%2Fv2%2Fcomments&post=12450"}],"version-history":[{"count":1,"href":"https:\/\/congokin.blog\/index.php?rest_route=\/wp\/v2\/posts\/12450\/revisions"}],"predecessor-version":[{"id":12451,"href":"https:\/\/congokin.blog\/index.php?rest_route=\/wp\/v2\/posts\/12450\/revisions\/12451"}],"wp:attachment":[{"href":"https:\/\/congokin.blog\/index.php?rest_route=%2Fwp%2Fv2%2Fmedia&parent=12450"}],"wp:term":[{"taxonomy":"category","embeddable":true,"href":"https:\/\/congokin.blog\/index.php?rest_route=%2Fwp%2Fv2%2Fcategories&post=12450"},{"taxonomy":"post_tag","embeddable":true,"href":"https:\/\/congokin.blog\/index.php?rest_route=%2Fwp%2Fv2%2Ftags&post=12450"}],"curies":[{"name":"wp","href":"https:\/\/api.w.org\/{rel}","templated":true}]}}