{"id":12517,"date":"2023-09-01T20:13:22","date_gmt":"2023-09-01T20:13:22","guid":{"rendered":"https:\/\/congokin.blog\/?p=12517"},"modified":"2023-09-01T20:13:23","modified_gmt":"2023-09-01T20:13:23","slug":"lonu-reclame-une-enquete-exhaustive-sur-la-mort-de-dizaines-de-manifestants-en-rdc","status":"publish","type":"post","link":"https:\/\/congokin.blog\/?p=12517","title":{"rendered":"L&rsquo;ONU r\u00e9clame une enqu\u00eate \u00ab\u00a0exhaustive\u00a0\u00bb sur la mort de dizaines de manifestants en RDC"},"content":{"rendered":"\n<h1 class=\"wp-block-heading\">L&rsquo;ONU r\u00e9clame une enqu\u00eate \u00ab\u00a0exhaustive\u00a0\u00bb sur la mort de dizaines de manifestants en RDC<\/h1>\n\n\n\n<h2 class=\"wp-block-heading\">L&rsquo;ONU a r\u00e9clam\u00e9 vendredi une enqu\u00eate \u00ab\u00a0exhaustive\u00a0\u00bb sur la r\u00e9pression mercredi par l&rsquo;arm\u00e9e d&rsquo;une manifestation \u00e0 Goma, en R\u00e9publique d\u00e9mocratique du Congo, qui a fait des dizaines de morts parmi les civils.<\/h2>\n\n\n\n<p><a href=\"https:\/\/www.dhnet.be\/journaliste\/belga-5fd9b0a1d8ad5844d1b9592e\/\"><\/a><\/p>\n\n\n\n<figure class=\"wp-block-image is-style-zoooom\"><img decoding=\"async\" src=\"https:\/\/www.dhnet.be\/resizer\/PC_FE-U9bxBQnd_RAcGSqpjjzSE=\/512x341\/filters:focal(251x175.5:261x165.5)\/cloudfront-eu-central-1.images.arcpublishing.com\/ipmgroup\/GXXVVA542ZEEDC5MC5LKGHJBAM.jpg\" alt=\"L'ONU r\u00e9clame une enqu\u00eate &quot;exhaustive&quot; sur la mort de dizaines de manifestants en RDC\"\/><\/figure>\n\n\n\n<p>L&rsquo;enqu\u00eate des autorit\u00e9s doit examiner \u00ab\u00a0de mani\u00e8re exhaustive l&rsquo;usage de la force par les forces de s\u00e9curit\u00e9\u00a0\u00bb et \u00e9galement \u00eatre \u00ab\u00a0approfondie, efficace et impartiale\u00a0\u00bb, a soulign\u00e9 Ravina Shamdasani, porte-parole du Haut-Commissariat de l&rsquo;ONU aux droits de l&rsquo;Homme lors d&rsquo;un point de presse \u00e0 Gen\u00e8ve.<\/p>\n\n\n\n<p>Mme Shamdasani a \u00e9voqu\u00e9 43 morts, mais a reconnu que le bilan pourrait \u00eatre plus lourd.<\/p>\n\n\n\n<p>La r\u00e9pression de cette manifestation, organis\u00e9e par une secte et dirig\u00e9e contre les forces de l&rsquo;ONU d\u00e9ploy\u00e9es en RDC, a fait 48 morts et 75 bless\u00e9s, selon un document interne des Forces arm\u00e9es congolaises (FARDC) consult\u00e9 par l&rsquo;AFP et authentifi\u00e9 par des sources militaires et du renseignement.<\/p>\n\n\n\n<p>\u00ab\u00a0Les responsables des violations doivent \u00eatre amen\u00e9s \u00e0 r\u00e9pondre de leurs actes, quelle que soit leur affiliation\u00a0\u00bb, a encore soulign\u00e9 Mme Shamdasani.<\/p>\n\n\n\n<p>Mme Shamdasani a pr\u00e9cis\u00e9 que 222 personnes ont \u00e9t\u00e9 arr\u00eat\u00e9es au cours de l&rsquo;op\u00e9ration \u00ab\u00a0y compris des femmes et des enfants\u00a0\u00bb.<\/p>\n\n\n\n<p>\u00ab\u00a0Nous sommes pr\u00e9occup\u00e9s par le risque \u00e9lev\u00e9 de violations des droits de l&rsquo;Homme dans un contexte aussi tendu\u00a0\u00bb, a-t-elle dit.<\/p>\n\n\n\n<p>\u00ab\u00a0Il est essentiel que les droits des personnes arr\u00eat\u00e9es soient pleinement respect\u00e9s, y compris leur droit \u00e0 une proc\u00e9dure r\u00e9guli\u00e8re, et que les autorit\u00e9s comp\u00e9tentes garantissent au Bureau conjoint des Nations Unies pour les droits de l&rsquo;Homme, un acc\u00e8s continu aux personnes d\u00e9tenues\u00a0\u00bb, a-t-elle exig\u00e9.<\/p>\n\n\n\n<p>\u00ab\u00a0Les citoyens ont le droit de s&rsquo;exprimer librement et de se r\u00e9unir pacifiquement, y compris lorsqu&rsquo;il s&rsquo;agit de protester contre les Nations Unies et d&rsquo;autres acteurs\u00a0\u00bb, a indiqu\u00e9 la porte-parole, insistant sur le fait que les autorit\u00e9s doivent faciliter le droit au rassemblement pacifique.<\/p>\n<div style=\"text-align:center\" class=\"wps-pgfw-pdf-generate-icon__wrapper-frontend\">\n\t\t<a href=\"https:\/\/congokin.blog?action=genpdf&amp;id=12517\" class=\"pgfw-single-pdf-download-button\" ><img src=\"https:\/\/congokin.blog\/wp-content\/plugins\/pdf-generator-for-wp\/admin\/src\/images\/PDF_Tray.svg\" title=\"G\u00e9n\u00e9rer un PDF\" style=\"width:auto; height:45px;\"><\/a>\n\t\t<\/div>","protected":false},"excerpt":{"rendered":"<p>L&rsquo;ONU r\u00e9clame une enqu\u00eate \u00ab\u00a0exhaustive\u00a0\u00bb sur la mort de dizaines de manifestants en RDC L&rsquo;ONU a r\u00e9clam\u00e9 vendredi une enqu\u00eate \u00ab\u00a0exhaustive\u00a0\u00bb sur la r\u00e9pression mercredi par l&rsquo;arm\u00e9e d&rsquo;une manifestation \u00e0 Goma, en R\u00e9publique d\u00e9mocratique du Congo, qui a fait des dizaines de morts parmi les civils. L&rsquo;enqu\u00eate des autorit\u00e9s doit examiner \u00ab\u00a0de mani\u00e8re exhaustive l&rsquo;usage [&hellip;]<\/p>\n","protected":false},"author":8,"featured_media":0,"comment_status":"open","ping_status":"closed","sticky":false,"template":"","format":"standard","meta":{"footnotes":""},"categories":[6,7,8],"tags":[],"class_list":["post-12517","post","type-post","status-publish","format-standard","hentry","category-justice","category-politique","category-societe"],"_links":{"self":[{"href":"https:\/\/congokin.blog\/index.php?rest_route=\/wp\/v2\/posts\/12517","targetHints":{"allow":["GET"]}}],"collection":[{"href":"https:\/\/congokin.blog\/index.php?rest_route=\/wp\/v2\/posts"}],"about":[{"href":"https:\/\/congokin.blog\/index.php?rest_route=\/wp\/v2\/types\/post"}],"author":[{"embeddable":true,"href":"https:\/\/congokin.blog\/index.php?rest_route=\/wp\/v2\/users\/8"}],"replies":[{"embeddable":true,"href":"https:\/\/congokin.blog\/index.php?rest_route=%2Fwp%2Fv2%2Fcomments&post=12517"}],"version-history":[{"count":1,"href":"https:\/\/congokin.blog\/index.php?rest_route=\/wp\/v2\/posts\/12517\/revisions"}],"predecessor-version":[{"id":12518,"href":"https:\/\/congokin.blog\/index.php?rest_route=\/wp\/v2\/posts\/12517\/revisions\/12518"}],"wp:attachment":[{"href":"https:\/\/congokin.blog\/index.php?rest_route=%2Fwp%2Fv2%2Fmedia&parent=12517"}],"wp:term":[{"taxonomy":"category","embeddable":true,"href":"https:\/\/congokin.blog\/index.php?rest_route=%2Fwp%2Fv2%2Fcategories&post=12517"},{"taxonomy":"post_tag","embeddable":true,"href":"https:\/\/congokin.blog\/index.php?rest_route=%2Fwp%2Fv2%2Ftags&post=12517"}],"curies":[{"name":"wp","href":"https:\/\/api.w.org\/{rel}","templated":true}]}}