{"id":12519,"date":"2023-09-01T20:24:15","date_gmt":"2023-09-01T20:24:15","guid":{"rendered":"https:\/\/congokin.blog\/?p=12519"},"modified":"2023-09-01T20:24:15","modified_gmt":"2023-09-01T20:24:15","slug":"manifestations-violentes-contre-la-monusco-a-goma-ce-quil-faut-savoir-bbc","status":"publish","type":"post","link":"https:\/\/congokin.blog\/?p=12519","title":{"rendered":"Manifestations violentes contre la MONUSCO \u00e0 Goma : Ce qu&rsquo;il faut savoir (BBC)"},"content":{"rendered":"\n<h1 class=\"wp-block-heading\" id=\"content\">Manifestations violentes contre la MONUSCO \u00e0 Goma : Ce qu&rsquo;il faut savoir<\/h1>\n\n\n\n<ul class=\"wp-block-list\">\n<li>Cherif Ousman Mbardounka<\/li>\n\n\n\n<li>Journaliste BBC Afrique<\/li>\n<\/ul>\n\n\n\n<p>il y a 2 heures<\/p>\n\n\n\n<figure class=\"wp-block-image is-style-zoooom\"><img decoding=\"async\" src=\"https:\/\/ichef.bbci.co.uk\/news\/640\/cpsprodpb\/13F3E\/production\/_130962718_gettyimages-1242108961.jpg\" alt=\"Des manifestants mettent le feu devant le si\u00e8ge de la Mission des Nations Unies pour la Stabilisation du Congo (MONUSCO) \u00e0 Goma, le 25 juillet 2022.\"\/><figcaption class=\"wp-element-caption\">L\u00e9gende image,Des manifestants mettent le feu devant le si\u00e8ge de la Mission des Nations Unies pour la Stabilisation du Congo (MONUSCO) \u00e0 Goma, le 25 juillet 2022.<\/figcaption><\/figure>\n\n\n\n<p><strong>En R\u00e9publique d\u00e9mocratique du Congo, au moins 43 personnes ont \u00e9t\u00e9 tu\u00e9es mercredi \u00e0 Goma dans une op\u00e9ration militaire destin\u00e9e \u00e0 emp\u00eacher une manifestation contre l&rsquo;ONU.<\/strong><\/p>\n\n\n\n<p>Dans un communiqu\u00e9 publi\u00e9 jeudi dans la soir\u00e9e, le gouvernement de Kinshasa donne pr\u00e9cis\u00e9ment un bilan de \u00ab\u00a043 d\u00e9c\u00e8s, 56 bless\u00e9s et 158 personnes appr\u00e9hend\u00e9es\u00a0\u00bb.<\/p>\n\n\n\n<p>Selon les autorit\u00e9s congolaises, les adeptes de la secte \u00ab\u00a0mystico-religieuse\u00a0\u00bb d\u00e9nomm\u00e9e \u00ab\u00a0Foi naturelle juda\u00efque et messianique vers les nations\u00a0\u00bb avaient appel\u00e9 \u00e0 manifester contre la MONUSCO, la Force R\u00e9gionale de la Communaut\u00e9 des \u00c9tats d&rsquo;Afrique de l&rsquo;Est et les ONG internationales. Les cadres de la secte avaient indiqu\u00e9 avoir identifi\u00e9 les domiciles du personnel de la Monusco et avaient d\u00e9clar\u00e9 \u00eatre pr\u00eats \u00e0 piller leurs habitations.<\/p>\n\n\n\n<p><strong>A lire aussi sur BBC Afrique:<\/strong><\/p>\n\n\n\n<ul class=\"wp-block-list\">\n<li><a href=\"https:\/\/www.bbc.com\/afrique\/47458839\">En RDC, Goma proteste contre les tueries<\/a><\/li>\n\n\n\n<li><a href=\"https:\/\/www.bbc.com\/afrique\/region-41801395\">Deux morts dans des affrontements \u00e0 Goma<\/a><\/li>\n\n\n\n<li><a href=\"https:\/\/www.bbc.com\/afrique\/region-38201486\">Des affrontements en RDC<\/a><\/li>\n<\/ul>\n\n\n\n<p>Dans cette qu\u00eate, \u00ab\u00a0ils ont men\u00e9 des actions qui ont port\u00e9 atteinte \u00e0 l&rsquo;ordre public, et qui ont caus\u00e9 la mort par lapidation d&rsquo;un \u00e9l\u00e9ment de la police entra\u00eenant ainsi une intervention des forces de l&rsquo;ordre pour restaurer la qui\u00e9tude et la s\u00e9r\u00e9nit\u00e9 dans la ville\u00a0\u00bb, explique l&rsquo;Etat congolais.<\/p>\n\n\n\n<figure class=\"wp-block-image is-style-zoooom\"><img decoding=\"async\" src=\"https:\/\/ichef.bbci.co.uk\/news\/640\/cpsprodpb\/7FD6\/production\/_130962723_gettyimages-1242127949.jpg\" alt=\"Des soldats congolais tentent de contr\u00f4ler une foule de manifestants lors d'une manifestation contre la MONUSCO\"\/><figcaption class=\"wp-element-caption\">L\u00e9gende image,Des soldats congolais tentent de contr\u00f4ler une foule de manifestants lors d&rsquo;une manifestation contre la MONUSCO<\/figcaption><\/figure>\n\n\n\n<p>Avant que la manifestation &#8211; interdite quelques jours plus t\u00f4t par la mairie de Goma &#8211; ne d\u00e9bute, \u00ab\u00a0les FARDC (arm\u00e9e congolaise) nous ont attaqu\u00e9s au local de notre radio et \u00e0 notre temple et ils ont tu\u00e9 six personnes\u00a0\u00bb, dit \u00e0 l&rsquo;AFP Moleka Maregane, \u00ab\u00a0charg\u00e9 de s\u00e9curit\u00e9\u00a0\u00bb de la secte. Il ajoute qu&rsquo;au cours de cet assaut lanc\u00e9 par l&rsquo;arm\u00e9e, leur leader Mutumishi Efraimu Bisimwa a \u00e9t\u00e9 arr\u00eat\u00e9. Pour le gouvernorat du Nord-Kivu, il s&rsquo;agit d&rsquo;un \u00ab\u00a0groupe de bandits arm\u00e9s, drogu\u00e9s et manipul\u00e9s qui ont pr\u00e9m\u00e9dit\u00e9 et sem\u00e9 le chaos dans la ville\u00a0\u00bb.<\/p>\n\n\n\n<h2 class=\"wp-block-heading\" id=\"LONU-r\u00e9clame-une-enqu\u00eate-exhaustive\">L&rsquo;ONU r\u00e9clame une enqu\u00eate \u00ab\u00a0exhaustive\u00a0\u00bb<\/h2>\n\n\n\n<p>Le Gouvernement de la RDC a pr\u00e9sent\u00e9 ses condol\u00e9ances aux familles des victimes et exprime toute sa compassion aux bless\u00e9s tout en d\u00e9plorant les pertes en vies humaines.<\/p>\n\n\n\n<p>Une enqu\u00eate a \u00e9t\u00e9 ouverte aupr\u00e8s de l&rsquo;Auditorat Militaire de Garnison de Goma pour que les \u00ab\u00a0responsabilit\u00e9s soient d\u00e9gag\u00e9es et que les coupables puissent r\u00e9pondre de leurs actes devant la justice\u00a0\u00bb a indiqu\u00e9 le minist\u00e8re de la communication dans un communiqu\u00e9. Une enqu\u00eate soutenue par Kinshasa.<\/p>\n\n\n\n<p>Les services de s\u00e9curit\u00e9 sont formellement instruits \u00e0 collaborer avec la Justice Militaire dans la collecte des \u00e9l\u00e9ments de preuve, ajoute le minist\u00e8re de la communication qui indique \u00ab\u00a0qu&rsquo;aucune impunit\u00e9 ne saurait \u00eatre tol\u00e9r\u00e9e \u00ab\u00a0.<\/p>\n\n\n\n<figure class=\"wp-block-image is-style-zoooom\"><img decoding=\"async\" src=\"https:\/\/ichef.bbci.co.uk\/news\/640\/cpsprodpb\/162CA\/production\/_130962809_gettyimages-1248077143.jpg\" alt=\"Conf\u00e9rence de presse \u00e0 la suite d'une mission du Conseil de s\u00e9curit\u00e9 de l'ONU, \u00e0 Goma, le 12 mars 2023.\"\/><figcaption class=\"wp-element-caption\">L\u00e9gende image,Conf\u00e9rence de presse \u00e0 la suite d&rsquo;une mission du Conseil de s\u00e9curit\u00e9 de l&rsquo;ONU, \u00e0 Goma, le 12 mars 2023.<\/figcaption><\/figure>\n\n\n\n<p>L&rsquo;enqu\u00eate des autorit\u00e9s doit examiner \u00ab\u00a0de mani\u00e8re exhaustive l&rsquo;usage de la force par les forces de s\u00e9curit\u00e9\u00a0\u00bb et \u00e9galement \u00eatre \u00ab\u00a0approfondie, efficace et impartiale\u00a0\u00bb, a soulign\u00e9 vendredi Ravina Shamdasani, porte-parole du Haut-Commissariat de l&rsquo;ONU aux droits de l&rsquo;Homme lors d&rsquo;un point de presse \u00e0 Gen\u00e8ve.<\/p>\n\n\n\n<p>\u00ab\u00a0Il est essentiel que les droits des personnes arr\u00eat\u00e9es soient pleinement respect\u00e9s, y compris leur droit \u00e0 une proc\u00e9dure r\u00e9guli\u00e8re, et que les autorit\u00e9s comp\u00e9tentes garantissent au Bureau conjoint des Nations Unies pour les droits de l&rsquo;Homme, un acc\u00e8s continu aux personnes d\u00e9tenues\u00a0\u00bb, a-t-elle exig\u00e9.<\/p>\n\n\n\n<ul class=\"wp-block-list\">\n<li><a href=\"https:\/\/www.bbc.com\/afrique\/articles\/cgryydej51wo\">Pourquoi des manifestants attaquent la Monusco \u00e0 Goma ?<\/a><\/li>\n\n\n\n<li><a href=\"https:\/\/www.bbc.com\/afrique\/articles\/c4nwpypqdnno\">La MONUSCO a-t-elle \u00e9chou\u00e9 ?<\/a><\/li>\n<\/ul>\n\n\n\n<h2 class=\"wp-block-heading\" id=\"Indignation-et-\u00e9moi\">Indignation et \u00e9moi<\/h2>\n\n\n\n<p>Un des cadres du mouvement Lucha, Bienvenu Matumo, a dans une vid\u00e9o envoy\u00e9e \u00e0 l&rsquo;AFP d\u00e9nonc\u00e9 ce \u00ab\u00a0carnage\u00a0\u00bb de \u00ab\u00a0plus de 50 civils\u00a0\u00bb selon lui. Un autre activiste pro-d\u00e9mocratie, Jack Sinzahera, accuse les FARDC d&rsquo;avoir men\u00e9 \u00ab\u00a0un assaut sur la radio\u00a0\u00bb de la secte. Les deux activistes ont exig\u00e9 des enqu\u00eates ind\u00e9pendantes sur ces tueries.<\/p>\n\n\n\n<p>L&rsquo;ONG Human Rights Watch (HRW) a d\u00e9nonc\u00e9 \u00ab\u00a0une mani\u00e8re extr\u00eamement brutale et ill\u00e9gale de faire respecter une interdiction\u00a0\u00bb. HRW sugg\u00e8re par ailleurs que \u00ab\u00a0les hauts responsables militaires qui ont ordonn\u00e9 le recours \u00e0 une force meurtri\u00e8re ill\u00e9gale devraient \u00eatre suspendus, faire l&rsquo;objet d&rsquo;une enqu\u00eate et r\u00e9pondre de leurs actes dans le cadre de proc\u00e8s publics et \u00e9quitables\u00a0\u00bb.<\/p>\n\n\n\n<h2 class=\"wp-block-heading\" id=\"La-MONUSCO-contest\u00e9e\">La MONUSCO contest\u00e9e<\/h2>\n\n\n\n<figure class=\"wp-block-image is-style-zoooom\"><img decoding=\"async\" src=\"https:\/\/ichef.bbci.co.uk\/news\/640\/cpsprodpb\/2A4A\/production\/_130962801_gettyimages-458224866.jpg\" alt=\"Des casques bleus de la MONUSCO assis \u00e0 l'arri\u00e8re d'un pick-up de l'ONU, le 23 octobre 2014 \u00e0 Beni.\"\/><figcaption class=\"wp-element-caption\">L\u00e9gende image,Des casques bleus de la MONUSCO assis \u00e0 l&rsquo;arri\u00e8re d&rsquo;un pick-up de l&rsquo;ONU, le 23 octobre 2014 \u00e0 Beni.<\/figcaption><\/figure>\n\n\n\n<p>Ces \u00e9v\u00e8nements violents s&rsquo;inscrivent dans une s\u00e9rie d&rsquo;attaques et de manifestations contre la mission de l&rsquo;ONU en RDC, la Monusco. Elle est accus\u00e9e d&rsquo;inefficacit\u00e9 dans la lutte contre les groupes arm\u00e9s.<\/p>\n\n\n\n<p>En juillet 2022, dans plusieurs villes des provinces du Nord-Kivu et du Sud-Kivu, des manifestants avaient pris d&rsquo;assaut les installations de la Monusco. Selon les autorit\u00e9s, 36 personnes, dont quatre Casques bleus, avaient \u00e9t\u00e9 tu\u00e9es.<\/p>\n\n\n\n<p>En juin dernier au cours d&rsquo;une visite \u00e0 Kinshasa, le secr\u00e9taire g\u00e9n\u00e9ral adjoint des Nations unies pour les op\u00e9rations de paix Jean-Pierre Lacroix, expliquait que l&rsquo;ONU \u00e9tudie comment retirer sa force de maintien de la paix en RDC \u00ab\u00a0le plus rapidement possible\u00a0\u00bb mais de mani\u00e8re \u00ab\u00a0graduelle et responsable\u00a0\u00bb. Et d&rsquo;ajouter qu'\u00a0\u00bbil y a une frustration d&rsquo;une partie de la population (&#8230;), parce que la situation s\u00e9curitaire est encore pr\u00e9occupante\u00a0\u00bb mais qu'\u00a0\u00bbil y a aussi des manipulations, parce que tout le monde n&rsquo;a pas int\u00e9r\u00eat au retour de la paix\u00a0\u00bb.<\/p>\n\n\n\n<p>Les manifestations se sont multipli\u00e9es depuis deux ans contre la Monusco, \u00e0 qui les habitants reprochent \u00e9galement de ne pas parvenir \u00e0 neutraliser les dizaines de groupes arm\u00e9s qui s\u00e9vissent dans l&rsquo;est de la RDC depuis pr\u00e8s de 30 ans, notamment les rebelles du M23.<\/p>\n\n\n\n<h2 class=\"wp-block-heading\" id=\"Vers-un-d\u00e9part-de-la-MONUSCO\">Vers un d\u00e9part de la MONUSCO<\/h2>\n\n\n\n<p>D\u00e9but ao\u00fbt, le secr\u00e9taire g\u00e9n\u00e9ral des Nations Unies annon\u00e7ait dans un rapport au Conseil de s\u00e9curit\u00e9 que la Monusco entrait \u00ab\u00a0dans sa phase finale\u00a0\u00bb malgr\u00e9 une situation \u00ab\u00a0en forte d\u00e9t\u00e9rioration\u00a0\u00bb.<\/p>\n\n\n\n<p>Selon lui, la Monusco \u00ab\u00a0demeure l&rsquo;une des cibles du m\u00e9contentement et de la frustration des populations qui lui reprochent de faire preuve de passivit\u00e9\u00a0\u00bb.<\/p>\n\n\n\n<p>Terrain de crispation et de discours populistes en RDC, le d\u00e9part d\u00e9finitif de la mission de l&rsquo;ONU est au c\u0153ur des d\u00e9bats sur l&rsquo;avenir du pays depuis plusieurs ann\u00e9es.<\/p>\n\n\n\n<figure class=\"wp-block-image is-style-zoooom\"><img decoding=\"async\" src=\"https:\/\/ichef.bbci.co.uk\/news\/640\/cpsprodpb\/C68A\/production\/_130962805_gettyimages-1248077109.jpg\" alt=\"Bintou Keita, cheffe de la MONUSCO\"\/><figcaption class=\"wp-element-caption\">L\u00e9gende image,\u00a0\u00bbLe d\u00e9part de la MONUSCO est d\u00e9j\u00e0 enclench\u00e9\u00a0\u00bb selon Bintou Keita la cheffe de la MONUSO<\/figcaption><\/figure>\n\n\n\n<p>En juillet dernier, la Repr\u00e9sentante sp\u00e9ciale du Secr\u00e9taire g\u00e9n\u00e9ral des Nations Unies en RDC, Bintou Keita a expliqu\u00e9 que la MONUSCO est d\u00e9j\u00e0 sur le d\u00e9part. \u00ab\u00a0Le d\u00e9part de la MONUSCO est d\u00e9j\u00e0 enclench\u00e9\u00a0\u00bb, avait-elle soutenu, tout en ajoutant qu&rsquo;il faut que ce retrait soit digne et pacifique. \u00ab\u00a0On ne d\u00e9mant\u00e8le pas une mission en un jour, moins encore par un claquement des doigts\u00a0\u00bb, a-t-elle pr\u00e9cis\u00e9.<\/p>\n\n\n\n<p>Bien avant, en septembre 2022, en visite \u00e0 New York pour l&rsquo;assembl\u00e9e g\u00e9n\u00e9rale des Nations unies, le pr\u00e9sident congolais F\u00e9lix Tshisekedi d\u00e9clarait d\u00e9j\u00e0 dans une interview accord\u00e9e \u00e0 France 24 qu&rsquo;au-del\u00e0 de l&rsquo;\u00e9lection pr\u00e9sidentielle de d\u00e9cembre 2023, \u00ab\u00a0qu&rsquo;il n&rsquo;y aura plus de raison que la Monusco reste.\u00a0\u00bb<\/p>\n<div style=\"text-align:center\" class=\"wps-pgfw-pdf-generate-icon__wrapper-frontend\">\n\t\t<a href=\"https:\/\/congokin.blog?action=genpdf&amp;id=12519\" class=\"pgfw-single-pdf-download-button\" ><img src=\"https:\/\/congokin.blog\/wp-content\/plugins\/pdf-generator-for-wp\/admin\/src\/images\/PDF_Tray.svg\" title=\"G\u00e9n\u00e9rer un PDF\" style=\"width:auto; height:45px;\"><\/a>\n\t\t<\/div>","protected":false},"excerpt":{"rendered":"<p>Manifestations violentes contre la MONUSCO \u00e0 Goma : Ce qu&rsquo;il faut savoir il y a 2 heures En R\u00e9publique d\u00e9mocratique du Congo, au moins 43 personnes ont \u00e9t\u00e9 tu\u00e9es mercredi \u00e0 Goma dans une op\u00e9ration militaire destin\u00e9e \u00e0 emp\u00eacher une manifestation contre l&rsquo;ONU. Dans un communiqu\u00e9 publi\u00e9 jeudi dans la soir\u00e9e, le gouvernement de Kinshasa [&hellip;]<\/p>\n","protected":false},"author":8,"featured_media":0,"comment_status":"open","ping_status":"closed","sticky":false,"template":"","format":"standard","meta":{"footnotes":""},"categories":[6,7,8],"tags":[],"class_list":["post-12519","post","type-post","status-publish","format-standard","hentry","category-justice","category-politique","category-societe"],"_links":{"self":[{"href":"https:\/\/congokin.blog\/index.php?rest_route=\/wp\/v2\/posts\/12519","targetHints":{"allow":["GET"]}}],"collection":[{"href":"https:\/\/congokin.blog\/index.php?rest_route=\/wp\/v2\/posts"}],"about":[{"href":"https:\/\/congokin.blog\/index.php?rest_route=\/wp\/v2\/types\/post"}],"author":[{"embeddable":true,"href":"https:\/\/congokin.blog\/index.php?rest_route=\/wp\/v2\/users\/8"}],"replies":[{"embeddable":true,"href":"https:\/\/congokin.blog\/index.php?rest_route=%2Fwp%2Fv2%2Fcomments&post=12519"}],"version-history":[{"count":1,"href":"https:\/\/congokin.blog\/index.php?rest_route=\/wp\/v2\/posts\/12519\/revisions"}],"predecessor-version":[{"id":12520,"href":"https:\/\/congokin.blog\/index.php?rest_route=\/wp\/v2\/posts\/12519\/revisions\/12520"}],"wp:attachment":[{"href":"https:\/\/congokin.blog\/index.php?rest_route=%2Fwp%2Fv2%2Fmedia&parent=12519"}],"wp:term":[{"taxonomy":"category","embeddable":true,"href":"https:\/\/congokin.blog\/index.php?rest_route=%2Fwp%2Fv2%2Fcategories&post=12519"},{"taxonomy":"post_tag","embeddable":true,"href":"https:\/\/congokin.blog\/index.php?rest_route=%2Fwp%2Fv2%2Ftags&post=12519"}],"curies":[{"name":"wp","href":"https:\/\/api.w.org\/{rel}","templated":true}]}}