{"id":12521,"date":"2023-09-04T22:22:15","date_gmt":"2023-09-04T22:22:15","guid":{"rendered":"https:\/\/congokin.blog\/?p=12521"},"modified":"2023-09-04T22:22:16","modified_gmt":"2023-09-04T22:22:16","slug":"en-rdc-comment-la-repression-dune-manifestation-a-goma-a-vire-au-bain-de-sang","status":"publish","type":"post","link":"https:\/\/congokin.blog\/?p=12521","title":{"rendered":"En RDC, comment la r\u00e9pression d\u2019une manifestation \u00e0 Goma a vir\u00e9 au bain de sang"},"content":{"rendered":"\n<h1 class=\"wp-block-heading\">En RDC, comment la r\u00e9pression d\u2019une manifestation \u00e0 Goma a vir\u00e9 au bain de sang<\/h1>\n\n\n\n<h2 class=\"wp-block-heading\">Une cinquantaine de personnes ont \u00e9t\u00e9 tu\u00e9es le 30 ao\u00fbt dans la capitale du Nord-Kivu. \u00c0 l\u2019origine du drame, une manifestation interdite contre la Monusco organis\u00e9e par une secte mystico-religieuse appel\u00e9e Foi naturelle juda\u00efque et messia<\/h2>\n\n\n\n<p>1 septembre 2023 \u00e0 18:56<\/p>\n\n\n\n<p>Par&nbsp;<a href=\"https:\/\/www.jeuneafrique.com\/auteurs\/v.duhem\/\">Vincent Duhem<\/a>&nbsp;et&nbsp;<a href=\"https:\/\/www.jeuneafrique.com\/auteurs\/s.bujakeratshiamala\/\">Stanis Bujakera Tshiamala<\/a><\/p>\n\n\n\n<p>Mis \u00e0 jour le 2 septembre 2023 \u00e0 08:24<\/p>\n\n\n\n<figure class=\"wp-block-image is-style-zoooom\"><img decoding=\"async\" src=\"https:\/\/prod.cdn-medias.jeuneafrique.com\/cdn-cgi\/image\/q=100,f=auto,metadata=none,width=1256,height=628\/https:\/\/prod.cdn-medias.jeuneafrique.com\/medias\/2023\/09\/01\/jad20230901-ass-rdc-manifestation-goma-01-1256x628-1693584673.jpg\" alt=\"\"\/><figcaption class=\"wp-element-caption\">Des personnes arr\u00eat\u00e9es lors d\u2019une op\u00e9ration militaire visant \u00e0 emp\u00eacher une manifestation contre la Monusco organis\u00e9e par une secte religieuse, \u00e0 Goma, dans l\u2019est de la RDC, le 30 ao\u00fbt 2023. \u00a9 AFP<\/figcaption><\/figure>\n\n\n\n<p>Les images sont insoutenables. Des dizaines de corps tra\u00een\u00e9s au sol puis empil\u00e9s dans des camions par des membres des forces arm\u00e9es congolaises (FARDC) casqu\u00e9s. Un par un, sans m\u00e9nagement, comme on jetterait des sacs poubelle dans une benne \u00e0 ordures. La plupart des corps sont inertes. On semble parfois d\u00e9celer un tressaillement. La sc\u00e8ne se d\u00e9roule \u00e0 Goma, dans la journ\u00e9e du 30 ao\u00fbt.&nbsp;<a href=\"https:\/\/www.jeuneafrique.com\/1477610\/politique\/en-rdc-intervention-armee-meurtriere-a-goma\/\">Quelques heures plus t\u00f4t, une manifestation interdite a \u00e9t\u00e9 violemment r\u00e9prim\u00e9e<\/a>. Le bilan est lourd : officiellement, pr\u00e8s d\u2019une cinquantaine de morts. Mais selon certaines sources locales jointes par&nbsp;<em>Jeune Afrique<\/em>, il pourrait rapidement grimper \u00e0 une centaine. Plus de 150 personnes ont \u00e9t\u00e9 arr\u00eat\u00e9es, dont certaines ont \u00e9t\u00e9 imm\u00e9diatement jug\u00e9es.<\/p>\n\n\n\n<h2 class=\"wp-block-heading\">Carnage<\/h2>\n\n\n\n<p>Le carnage fait grand bruit et a entra\u00een\u00e9 de fortes tensions au sein de l\u2019appareil militaire congolais. Lors du Conseil des ministres du 1er septembre, F\u00e9lix Tshisekedi, a promis des sanctions s\u00e9v\u00e8res contre les autorit\u00e9s impliqu\u00e9es. \u00ab&nbsp;Le chef de l\u2019\u00c9tat est particuli\u00e8rement remont\u00e9&nbsp;\u00bb, raconte un membre du gouvernement.<\/p>\n\n\n\n<p>Le vice-Premier ministre charg\u00e9 de la D\u00e9fense, Jean-Pierre Bemba, celui de l\u2019Int\u00e9rieur, Peter Kazadi, et des Droits humains, Fabrice Puela, sont attendus \u00e0 Goma ce samedi. La d\u00e9l\u00e9gation va mener une s\u00e9rie d\u2019auditions.<\/p>\n\n\n\n<p>\u00ab&nbsp;Les forces militaires congolaises&nbsp;semblent&nbsp;avoir tir\u00e9 sur la foule pour emp\u00eacher une manifestation, une mani\u00e8re extr\u00eamement brutale et ill\u00e9gale de faire respecter une interdiction. Depuis deux ans, les autorit\u00e9s militaires utilisent l\u2019\u00e9tat de si\u00e8ge dans la province du Nord-Kivu pour r\u00e9primer brutalement les libert\u00e9s fondamentales&nbsp;\u00bb, a d\u00e9clar\u00e9 Thomas Fessy, chercheur \u00e0 Human Rights Watch.\u00c0 LIRE<a href=\"https:\/\/www.jeuneafrique.com\/1369477\/politique\/rdc-la-monusco-doit-elle-partir\/\">RDC : la Monusco doit-elle partir ?<\/a><\/p>\n\n\n\n<p>Que s\u2019est-il exactement pass\u00e9 ? Depuis plusieurs jours, une secte appel\u00e9e la Foi naturelle juda\u00efque messianique vers les nations (FNJMN, Agano La Uwezo Wa Neno\/Wazalendo) avait lanc\u00e9 un appel \u00e0 manifester pour, notamment, demander&nbsp;<a href=\"https:\/\/www.jeuneafrique.com\/1387982\/politique\/rdc-dans-lest-la-monusco-fait-profil-bas\/\">\u00e0 la mission de maintien de la paix des Nations unies (Monusco)<\/a>&nbsp;et \u00e0&nbsp;<a href=\"https:\/\/www.jeuneafrique.com\/1477662\/politique\/en-rdc-la-force-regionale-est-africaine-maintenue-malgre-les-doutes\/\">la force r\u00e9gionale de la Communaut\u00e9 d\u2019Afrique de l\u2019Est (EAC, en anglais)<\/a>&nbsp;de quitter le pays. Elle appelait \u00e0 une journ\u00e9e ville morte, et \u00e0 marcher vers une base de la Monusco \u00e0 Goma.<\/p>\n\n\n\n<p>Cr\u00e9\u00e9e il y a quelques mois, la secte s\u2019est rapidement d\u00e9velopp\u00e9e en surfant sur un discours politico-religieux, m\u00ealant opposition \u00e0 la pr\u00e9sence des Casques bleus et rejet du Rwanda. Son leader, Mutumishi Bisimwa, originaire du Sud-Kivu, s\u2019est fait un nom en multipliant les interventions sur la radio Uwezo Wa Neno, qui appartient \u00e0 son organisation et \u00e9met depuis Goma.<\/p>\n\n\n\n<h2 class=\"wp-block-heading\">En pleine nuit, des coups de feu<\/h2>\n\n\n\n<p>Par deux fois, la secte avait pr\u00e9c\u00e9demment battu le pav\u00e9 dans la capitale du Nord-Kivu pour d\u00e9noncer la pr\u00e9sence de la Monusco. Des manifestations \u00e0 chaque fois autoris\u00e9es et encadr\u00e9es par la police. Mais cette fois, la marche du mercredi 30 ao\u00fbt \u00e9tait interdite.<\/p>\n\n\n\n<p>Selon plusieurs t\u00e9moins, la situation a d\u00e9g\u00e9n\u00e9r\u00e9 dans la nuit de mardi \u00e0 mercredi. Les premiers coups de feu r\u00e9sonnent en pleine nuit, vers quatre heures du matin dans le quartier de Kisheru, o\u00f9 se situe les locaux de la radio Uwezo Wa Neno. D\u00e9ploy\u00e9e sur place, la police a tent\u00e9 d\u2019arr\u00eater une animatrice et cinq hommes. Ceux-ci ont r\u00e9sist\u00e9. Ils seront tu\u00e9s dans des conditions floues.\u00c0 LIRE<a href=\"https:\/\/www.jeuneafrique.com\/1387982\/politique\/rdc-dans-lest-la-monusco-fait-profil-bas\/\">RDC : dans l\u2019Est, la Monusco fait profil bas<\/a><\/p>\n\n\n\n<p>Quelques heures plus tard, vers 6-7 heures du matin, la police et l\u2019arm\u00e9e \u2013 notamment des unit\u00e9s des forces sp\u00e9ciales de la garde r\u00e9publicaine (GR) reconnaissables \u00e0 leurs b\u00e9rets rouges \u2013 se d\u00e9ploient devant ce qui fait office d\u2019\u00e9glise dans un autre quartier de Goma, Nyabushongo. Sur une vid\u00e9o amateur, on voit l\u2019arm\u00e9e et des dizaines de personnes, certaines arm\u00e9es de b\u00e2tons et de gris-gris, se faire face. La situation d\u00e9g\u00e9n\u00e8re pour des raisons encore difficiles \u00e0 \u00e9tablir. Sur d\u2019autres vid\u00e9os du drame tourn\u00e9es au m\u00eame endroit\u00a0et\u00a0diffus\u00e9es sur les r\u00e9seaux sociaux, on aper\u00e7oit des dizaines de corps allong\u00e9s sur le sol. L\u2019\u00e9glise sera \u00e9galement incendi\u00e9e par les forces de s\u00e9curit\u00e9, le reste des membres de la secte dispers\u00e9s, et un policier lynch\u00e9 \u00e0 mort par la foule.<\/p>\n\n\n\n<p>Une question se pose : pourquoi les unit\u00e9s d\u2019\u00e9lite de la GR ont-elles \u00e9t\u00e9 d\u00e9ploy\u00e9es sur une op\u00e9ration de maintien de l\u2019ordre ? Compos\u00e9e officiellement de 12 000 hommes, la garde r\u00e9publicaine est charg\u00e9e de la garde et de la protection du chef de l\u2019\u00c9tat. Elle est dirig\u00e9e par le g\u00e9n\u00e9ral-major Ephra\u00efm Kabi. Son repr\u00e9sentant \u00e0 Goma est le colonel Mike Kalamba Mikombe. Depuis quelques semaines, environ 500 \u00e9l\u00e9ments de son 13e r\u00e9giment ont \u00e9t\u00e9 d\u00e9ploy\u00e9s \u00e0 Goma apr\u00e8s avoir \u00e9t\u00e9 form\u00e9s par une soci\u00e9t\u00e9 isra\u00e9lienne pr\u00e8s de Lubumbashi. C\u2019est ce r\u00e9giment qui serait impliqu\u00e9 dans les \u00e9v\u00e9nements du 30 ao\u00fbt.\u00c0 LIRE<a href=\"https:\/\/www.jeuneafrique.com\/1382255\/politique\/rdc-felix-tshisekedi-chamboule-le-commandement-de-larmee\/\">RDC : F\u00e9lix Tshisekedi chamboule le commandement de l\u2019arm\u00e9e<\/a><\/p>\n\n\n\n<p>Une source proche du renseignement militaire pointe la responsabilit\u00e9 du gouverneur du Nord-Kivu,&nbsp;<a href=\"https:\/\/www.jeuneafrique.com\/1169731\/politique\/etat-de-siege-en-rdc-qui-sont-les-chefs-militaires-choisis-par-felix-tshisekedi\/\">le lieutenant-g\u00e9n\u00e9ral Constant Ndima Kongba,<\/a>&nbsp;qui depuis l\u2019\u00e9tat d\u2019urgence, assure la direction du commandement des op\u00e9rations militaires dans la province. Mais certains proches du gouverneur assurent qu\u2019il n\u2019a pas eu la main. \u00ab&nbsp;Dans la nuit du 30 ao\u00fbt, il a re\u00e7u un appel du colonel Mike, qui dirige la GR \u00e0 Goma. Ce dernier lui a expliqu\u00e9 que le g\u00e9n\u00e9ral Kabi avait d\u00e9cid\u00e9 que le 13e r\u00e9giment serait d\u00e9ploy\u00e9 pour encadrer la manifestation&nbsp;\u00bb, raconte l\u2019un deux.<\/p>\n\n\n\n<p>Selon une source militaire \u00e0 Goma, le colonel Mike aurait m\u00eame confi\u00e9 \u00e0 plusieurs interlocuteurs avoir eu pour consigne de tirer au cas o\u00f9 les choses d\u00e9g\u00e9n\u00e9reraient. Contact\u00e9 par JA, le gouverneur militaire n\u2019a pas r\u00e9pondu \u00e0 nos sollicitations. Le 30 ao\u00fbt, il avait donn\u00e9 sa version des \u00e9v\u00e9nements lors d\u2019une conf\u00e9rence de presse, imputant la responsabilit\u00e9 du drame \u00e0 la secte.\u00c0 LIRE<a href=\"https:\/\/www.jeuneafrique.com\/1397871\/politique\/massacre-dans-lest-de-la-rdc-deuil-national-plus-dune-centaine-de-morts-selon-kinshasa\/\">Massacre dans l\u2019est de la RDC : deuil national, plus \u00ab d\u2019une centaine&nbsp;\u00bb de morts selon Kinshasa<\/a><\/p>\n\n\n\n<p>\u00ab&nbsp;Pendant que la police faisait son travail, ils ont arrach\u00e9 un policier, ils l\u2019ont amen\u00e9 chez eux et l\u2019ont tu\u00e9 en emportant son arme, a-t-il assur\u00e9. D\u2019un coup, il y a eu un retentissement des armes dans le groupe. Ils allaient investir la base de la Monusco, ils allaient commencer \u00e0 chasser les blancs, ils allaient commencer \u00e0 s\u2019attaquer aux ONG et aux forces de l\u2019EAC. Les policiers n\u2019ont pas pu contenir le feu. C\u2019est ainsi que l\u2019arm\u00e9e est intervenue. Cela ressemble \u00e0 une manipulation pure et simple, avec des jeunes gens drogu\u00e9s, qui n\u2019avaient rien \u00e0 avoir avec&nbsp;ces&nbsp;sectes.&nbsp;\u00bb<\/p>\n<div style=\"text-align:center\" class=\"wps-pgfw-pdf-generate-icon__wrapper-frontend\">\n\t\t<a href=\"https:\/\/congokin.blog?action=genpdf&amp;id=12521\" class=\"pgfw-single-pdf-download-button\" ><img src=\"https:\/\/congokin.blog\/wp-content\/plugins\/pdf-generator-for-wp\/admin\/src\/images\/PDF_Tray.svg\" title=\"G\u00e9n\u00e9rer un PDF\" style=\"width:auto; height:45px;\"><\/a>\n\t\t<\/div>","protected":false},"excerpt":{"rendered":"<p>En RDC, comment la r\u00e9pression d\u2019une manifestation \u00e0 Goma a vir\u00e9 au bain de sang Une cinquantaine de personnes ont \u00e9t\u00e9 tu\u00e9es le 30 ao\u00fbt dans la capitale du Nord-Kivu. \u00c0 l\u2019origine du drame, une manifestation interdite contre la Monusco organis\u00e9e par une secte mystico-religieuse appel\u00e9e Foi naturelle juda\u00efque et messia 1 septembre 2023 \u00e0 [&hellip;]<\/p>\n","protected":false},"author":8,"featured_media":0,"comment_status":"open","ping_status":"closed","sticky":false,"template":"","format":"standard","meta":{"footnotes":""},"categories":[6,7,8],"tags":[],"class_list":["post-12521","post","type-post","status-publish","format-standard","hentry","category-justice","category-politique","category-societe"],"_links":{"self":[{"href":"https:\/\/congokin.blog\/index.php?rest_route=\/wp\/v2\/posts\/12521","targetHints":{"allow":["GET"]}}],"collection":[{"href":"https:\/\/congokin.blog\/index.php?rest_route=\/wp\/v2\/posts"}],"about":[{"href":"https:\/\/congokin.blog\/index.php?rest_route=\/wp\/v2\/types\/post"}],"author":[{"embeddable":true,"href":"https:\/\/congokin.blog\/index.php?rest_route=\/wp\/v2\/users\/8"}],"replies":[{"embeddable":true,"href":"https:\/\/congokin.blog\/index.php?rest_route=%2Fwp%2Fv2%2Fcomments&post=12521"}],"version-history":[{"count":1,"href":"https:\/\/congokin.blog\/index.php?rest_route=\/wp\/v2\/posts\/12521\/revisions"}],"predecessor-version":[{"id":12522,"href":"https:\/\/congokin.blog\/index.php?rest_route=\/wp\/v2\/posts\/12521\/revisions\/12522"}],"wp:attachment":[{"href":"https:\/\/congokin.blog\/index.php?rest_route=%2Fwp%2Fv2%2Fmedia&parent=12521"}],"wp:term":[{"taxonomy":"category","embeddable":true,"href":"https:\/\/congokin.blog\/index.php?rest_route=%2Fwp%2Fv2%2Fcategories&post=12521"},{"taxonomy":"post_tag","embeddable":true,"href":"https:\/\/congokin.blog\/index.php?rest_route=%2Fwp%2Fv2%2Ftags&post=12521"}],"curies":[{"name":"wp","href":"https:\/\/api.w.org\/{rel}","templated":true}]}}