{"id":12523,"date":"2023-09-05T05:34:45","date_gmt":"2023-09-05T05:34:45","guid":{"rendered":"https:\/\/congokin.blog\/?p=12523"},"modified":"2023-09-05T07:07:35","modified_gmt":"2023-09-05T07:07:35","slug":"erreur-historique-de-lelite-congolaise","status":"publish","type":"post","link":"https:\/\/congokin.blog\/?p=12523","title":{"rendered":"ERREUR HISTORIQUE DE L&rsquo;ELITE CONGOLAISE"},"content":{"rendered":"\n<figure class=\"wp-block-image size-full is-style-zoooom\"><img loading=\"lazy\" decoding=\"async\" width=\"1001\" height=\"478\" src=\"https:\/\/congokin.blog\/wp-content\/uploads\/2018\/10\/PierrePicture.gif\" alt=\"\" class=\"wp-image-3528\"\/><figcaption class=\"wp-element-caption\">Coordonateur du CET<\/figcaption><\/figure>\n\n\n\n<p class=\"has-pale-cyan-blue-background-color has-background\"><strong>L\u2019\u00c9LITE BOURGEOISE CONGOLAISE<\/strong><\/p>\n\n\n\n<p class=\"has-pale-cyan-blue-background-color has-background\"><a><\/a><a><strong>L\u2019\u00e9lite politique congolaise de 1960 est issue de la classe des \u00ab&nbsp;\u00e9volu\u00e9s&nbsp;\u00bb dont les membres ont \u00e9t\u00e9 form\u00e9s afin de servir d\u2019auxiliaires aux agents europ\u00e9ens pour l\u2019exploitation du Congo. <\/strong><\/a><strong>C\u2019est seulement quelques ann\u00e9es avant l\u2019ind\u00e9pendance que le terme discriminatoire d\u2019\u00ab&nbsp;\u00e9volu\u00e9&nbsp;\u00bb sera remplac\u00e9 par \u00ab&nbsp;classe moyenne &nbsp;\u00bb. &nbsp;La majorit\u00e9 de cette \u00e9lite est demeur\u00e9e fid\u00e8le&nbsp; \u00e0 la Belgique. N\u2019a-t-on pas entendu le pr\u00e9sident de la RDC annoncer publiquement que la Belgique est non pas seulement un pays ami mais, son propre pays&nbsp;?<\/strong><\/p>\n\n\n\n<p class=\"has-pale-cyan-blue-background-color has-background\">Le terme \u00ab&nbsp;\u00e9lite&nbsp;\u00bb est utilis\u00e9 dans un sens fonctionnel pour d\u00e9signer les groupes qui, au sein d\u2019une soci\u00e9t\u00e9, occupent les postes de direction dans la conception et la prise de d\u00e9cisions publiques.<\/p>\n\n\n\n<p class=\"has-pale-cyan-blue-background-color has-background\">Vilfredo Pareto et Gaetano Mosca, deux principaux th\u00e9oriciens de l\u2019\u00ab&nbsp;\u00e9lite&nbsp;\u00bb au d\u00e9but du 20e&nbsp;si\u00e8cle, insistent sur le fait que, dans chaque soci\u00e9t\u00e9, il existerait d\u2019une part l\u2019\u00e9lite, une minorit\u00e9 organis\u00e9e dominante, et d\u2019autre part la masse, une majorit\u00e9 moins organis\u00e9e. Des conflits internes au sein des \u00c9tats \u00e9clatent non pas entre la masse et l\u2019\u00e9lite, mais entre les membres de l\u2019\u00e9lite eux-m\u00eames, qui ont de l\u2019influence sur les masses. Les membres d\u2019une \u00e9lite irresponsable laissent d\u00e9g\u00e9n\u00e9rer des conflits au lieu de le g\u00e9rer.&nbsp; L\u2019incapacit\u00e9 des membres de l\u2019\u00e9lite \u00e0 surmonter leurs contradictions conduit ainsi aux d\u00e9sordres sociaux voire guerres civiles pouvant&nbsp; emp\u00eacher le d\u00e9veloppement harmonieux&nbsp; de l\u2019Etat&nbsp; et parfois, menacer l\u2019existence de ce dernier.&nbsp; La qualit\u00e9 de l\u2019\u00e9lite est donc le facteur d\u00e9terminant du d\u00e9veloppement et de la long\u00e9vit\u00e9 d\u2019un \u00c9tat. &nbsp;Selon Pareto et Mosca La competition non antagonique &nbsp;entre les membres&nbsp; de l\u2019\u00e9lite &nbsp;responsable est n\u00e9cessaire &nbsp;pour le progr\u00e8s des nations.<\/p>\n\n\n\n<p class=\"has-pale-cyan-blue-background-color has-background\">Karl Marx pour sa part donne une autre analyse au d\u00e9veloppement de la soci\u00e9t\u00e9. Il d\u00e9finit la soci\u00e9t\u00e9 capitaliste comme \u00e9tant compos\u00e9e principalement de deux classes en contradiction antagoniques&nbsp;: la bourgeoise (propri\u00e9taire du capital et des moyens de production sociale) ou classe dominante, et le prol\u00e9tariat (dont les membres ne poss\u00e8dent ni capital ni moyens de production et doivent donc, pour subvenir \u00e0 leurs besoins, vendre leur travail), qui est une classe exploit\u00e9e.<\/p>\n\n\n\n<p class=\"has-pale-cyan-blue-background-color has-background\">Toutefois, il mentionne aussi l\u2019existence d\u2019une \u00ab&nbsp;classe transitoire&nbsp;\u00bb (les auxiliaires), la petite bourgeoisie, dont les membres sont propri\u00e9taires des petits moyens de production (petites usines, plantations) ou les intellectuels exer\u00e7ant des fonctions lib\u00e9rales (enseignant, m\u00e9decin, ing\u00e9nieurs, avocats, \u00e9conomistes, etc.), mais vivant de leurs salaires.<\/p>\n\n\n\n<p class=\"has-pale-cyan-blue-background-color has-background\">Pour les auteurs marxistes, le changement dans la soci\u00e9t\u00e9 d\u00e9coule de la lutte des classes. Et, comme le reconna\u00eet Karl Marx dans son ouvrage historique de 1847 (<em>Le manifeste du Parti communiste<\/em>), \u00ab&nbsp;la bourgeoisie a jou\u00e9 dans l\u2019histoire un r\u00f4le \u00e9minemment r\u00e9volutionnaire&nbsp;\u00bb.<a href=\"#_edn1\" id=\"_ednref1\">[i]<\/a><\/p>\n\n\n\n<p class=\"has-pale-cyan-blue-background-color has-background\">N\u00e9anmoins, la th\u00e9orie de Pareto et celle de Max n\u2019expliquent que partiellement la situation de d\u00e9ch\u00e9ance de notre pays.<\/p>\n\n\n\n<p class=\"has-pale-cyan-blue-background-color has-background\">En effet, comme nous l\u2019avons dit, l\u2019\u00e9lite ou la classe dirigeante congolaise de 1960 est issue de la classe des \u00ab&nbsp;\u00e9volu\u00e9s&nbsp;\u00bb, une petite bourgeoisie, dont les membres ont \u00e9t\u00e9 form\u00e9s pour servir d\u2019auxiliaires aux agents europ\u00e9ens. Toutefois, il ne s\u2019agit ici pas d\u2019une vraie classe sociale similaire \u00e0 la bourgeoisie dans les soci\u00e9t\u00e9s capitalistes mais d\u2019une classe embryonnaire que la puissance coloniale cr\u00e9a \u00e0 la va-vite pour servir d\u2019\u00e9cran contre la mont\u00e9e du nationalisme.<\/p>\n\n\n\n<p class=\"has-pale-cyan-blue-background-color has-background\">Il faut noter que lors de la d\u00e9colonisation du Congo belge, contrairement aux petites bourgeoisies dans les colonies britanniques et fran\u00e7aises, la petite bourgeoisie congolaise ne dispose d\u2019aucun moyen de production (nombre r\u00e9duit de commer\u00e7ants congolais) , n\u2019est pas suffisamment form\u00e9e et n\u2019a m\u00eame pas b\u00e9n\u00e9fici\u00e9 d\u2019une exp\u00e9rience politique \u00e0 l\u2019\u00e9tranger (les \u00e9volu\u00e9s Congolais \u00e9taient quasi interdits de voyager) comme Senghor, Kwame Nkrumah, Nyerere.<\/p>\n\n\n\n<p class=\"has-pale-cyan-blue-background-color has-background\">Ainsi, la petite bourgeoisie congolaise est principalement une bourgeoisie bureaucratique, une bourgeoisie qui accumule son capital en utilisant sa position aux fonctions de l\u2019\u00c9tat. Elle est aussi une bourgeoisie compradore, c.-\u00e0-d. une bourgeoisie qui sert les int\u00e9r\u00eats de l\u2019\u00e9tranger.<\/p>\n\n\n\n<p class=\"has-pale-cyan-blue-background-color has-background\">Bomboko, Tshombe et autres &nbsp;choisiront&nbsp; de d\u00e9stabiliser leur pays &nbsp;d\u00e8s la deuxi\u00e8me semaine de l\u2019ind\u00e9pendance&nbsp;; et ce au &nbsp;profit de la Belgique&nbsp;! &nbsp;Plus tard, Albert Kalonji &nbsp;ne demandera-t-il pas pardon au peuple congolais [lors de la Conf\u00e9rence Nationale Souveraine en 1992] pour avoir &nbsp;accept\u00e9 l\u2019argent de la Formini\u00e8re &nbsp;afin de faire la &nbsp;s\u00e9cession au Sud Kasa\u00ef&nbsp;? Une petite bourgeoisie compradore &nbsp;au servir de la Belgique&nbsp;!<\/p>\n\n\n\n<p class=\"has-pale-cyan-blue-background-color has-background\">Frantz Fanon avait \u00e9crit&nbsp; que \u00ab&nbsp;dans un pays sous-d\u00e9velopp\u00e9, <em><u>une bourgeoisie nationale authentique doit se faire un devoir imp\u00e9rieux de trahir la vocation \u00e0 laquelle elle \u00e9tait destin\u00e9e, de se mettre \u00e0 l\u2019\u00e9cole du peuple, c\u2019est-\u00e0-dire de mettre \u00e0 la disposition du peuple le capital intellectuel et technique qu\u2019elle a arrach\u00e9 lors de son passage dans les universit\u00e9s coloniales.&nbsp;\u00bb<\/u><\/em><\/p>\n\n\n\n<p class=\"has-pale-cyan-blue-background-color has-background\"><strong>L\u2019erreur historique de la classe politique congolise &nbsp;n\u2019est donc &nbsp;pas due \u00e0 son origine. Mais au fait que beaucoup de ses membres, au lieu d\u2019adopter une posture avant-gardiste et \u00eatre pr\u00eats \u00e0 creuser dans le roc la voie pour le d\u00e9veloppement de la nation, garderont celle de suiviste sans mettre en cause leur loyaut\u00e9 \u00e0 la Belgique pour la p\u00e9rennit\u00e9 de la domination belge sur le Congo&nbsp;; et ce malgr\u00e9 les avertissements de Patrice Lumumba qui \u00e9tait un de leurs.<\/strong><\/p>\n\n\n\n<p><strong>LA RECONNAISSANCE INTERNATIONALE DE LUMUMBA<\/strong><\/p>\n\n\n\n<p class=\"has-luminous-vivid-amber-background-color has-background\">Deux cas illustratifs&nbsp;: la m\u00e9moire de Lumumba est honor\u00e9e aussi bien en Russie qu\u2019aux \u00c9tats-Unis.<\/p>\n\n\n\n<p class=\"has-luminous-vivid-amber-background-color has-background\">Depuis 1961, l\u2019Universit\u00e9 de l\u2019Amiti\u00e9 des peuples de Moscou, principale institution d\u2019enseignement sup\u00e9rieur internationale pendant la guerre froide, avait \u00e9t\u00e9 d\u00e9di\u00e9e \u00e0 la m\u00e9moire de Patrice Lumumba.&nbsp;<\/p>\n\n\n\n<p class=\"has-luminous-vivid-amber-background-color has-background\">Jusqu&rsquo;\u00e0 l&rsquo;effondrement de l&rsquo;Union sovi\u00e9tique, cette universit\u00e9 qui a form\u00e9&nbsp; notamment des milliers des cadres&nbsp; de pays d&rsquo;Asie, d&rsquo;Am\u00e9rique latine et d&rsquo;Afrique (\u00e0 l&rsquo;exception de ceux de la R\u00e9publique d\u00e9mocratique du Congo), permettra&nbsp; ainsi aux \u00e9lites de pays du tiers monde de&nbsp; mieux comprendre la vision de Lumumba alors qu\u2019au Congo la pens\u00e9e de Lumumba demeurait interdite !<\/p>\n\n\n\n<p class=\"has-luminous-vivid-amber-background-color has-background\">&nbsp;<strong>Le 28 juillet 2023, dans son discours au sommet Russie-Afrique, Vladimir Poutine, le Pr\u00e9sident de la F\u00e9d\u00e9ration de Russie, a rendu hommage aux combattants africains de la libert\u00e9. Il a cit\u00e9 en t\u00eate de liste Patrice Lumumba, Nelson Mandela, et Kwame Nkrumah. Pendant que les autres Africains applaudissaient cet honneur fait aux h\u00e9ros africains, Bemba [fils d\u2019un mobutiste], repr\u00e9sentant du Pr\u00e9sident de la RDC, dormait dans la salle&nbsp;!<\/strong><\/p>\n\n\n\n<p class=\"has-luminous-vivid-amber-background-color has-background\">Dans le camp occidental, la m\u00e9moire de Lumumba a \u00e9t\u00e9 aussi honor\u00e9e malgr\u00e9 l\u2019hostilit\u00e9 \u00e0 travers les prises de position gouvernementales. Une des photos les plus m\u00e9morables du Pr\u00e9sident Kennedy \u00e0 la Maison-Blanche est celle prise quand il a appris la mort de Lumumba&nbsp;; et ce, m\u00eame si, publiquement et politiquement, il ne pouvait se distancier de la position politique anti-Lumumba de son pr\u00e9d\u00e9cesseur.<\/p>\n\n\n\n<p class=\"has-luminous-vivid-amber-background-color has-background\">En effet, dans son livre publi\u00e9 en 1983, Lowe, l\u2019ancien photographe de Kennedy, a fait la r\u00e9v\u00e9lation &nbsp;ci-apr\u00e8s, accompagnant cette photo&nbsp;: <\/p>\n\n\n\n<p class=\"has-vivid-red-color has-luminous-vivid-amber-background-color has-text-color has-background\"><strong>\u00ab&nbsp;Le 13 f\u00e9vrier 1961, l\u2019ambassadeur des Nations Unies Adlai Stevenson \u00e9tait au t\u00e9l\u00e9phone. J\u2019\u00e9tais seul avec le Pr\u00e9sident&nbsp;; sa main se porta sur sa t\u00eate dans un d\u00e9sespoir total. \u201cOh, non\u201d, je l\u2019entendis g\u00e9mir. [\u2026]<\/strong><\/p>\n\n\n\n<figure class=\"wp-block-image size-full is-style-zoooom\"><img loading=\"lazy\" decoding=\"async\" width=\"684\" height=\"640\" src=\"https:\/\/congokin.blog\/wp-content\/uploads\/2023\/08\/KennedyLumumba.jpg\" alt=\"\" class=\"wp-image-12496\" srcset=\"https:\/\/congokin.blog\/wp-content\/uploads\/2023\/08\/KennedyLumumba.jpg 684w, https:\/\/congokin.blog\/wp-content\/uploads\/2023\/08\/KennedyLumumba-300x281.jpg 300w\" sizes=\"auto, (max-width: 684px) 100vw, 684px\" \/><\/figure>\n\n\n\n<p class=\"has-vivid-red-color has-luminous-vivid-amber-background-color has-text-color has-background\"><strong>l\u2019attitude de Kennedy envers l\u2019Afrique noire \u00e9tait que beaucoup de ceux qui \u00e9taient consid\u00e9r\u00e9s comme de gauche \u00e9taient en fait des nationalistes et des patriotes, anti-Occidentaux en raison d\u2019ann\u00e9es de colonisation<\/strong> [\u2026].<strong>L\u2019appel lui a donc laiss\u00e9 le c\u0153ur bris\u00e9, dira-t-il, car il savait que le meurtre serait un pr\u00e9lude au chaos <\/strong>\u00bb<\/p>\n\n\n\n<p class=\"has-luminous-vivid-amber-background-color has-background\">La vision de Patrice Lumumba tant honor\u00e9e au monde, m\u00e9rite d\u2019\u00eatre enseign\u00e9e aux g\u00e9n\u00e9rations de Congolais. Le CET ne se d\u00e9partira pas de cette t\u00e2che.<\/p>\n\n\n\n<p><strong>LE N\u00c9OCOLONIALISME, PREMI\u00c8RE CAUSE D\u2019INSTABILIT\u00c9 EN RDC<\/strong><\/p>\n\n\n\n<p class=\"has-cyan-bluish-gray-background-color has-background\">Le &nbsp;document&nbsp; de diagnostic de la Banque Mondiale d\u00e9crit &nbsp;comme-ci l\u2019instabilit\u00e9&nbsp; qui est &nbsp;la premi\u00e8re cause de la faillite de l\u2019Etat en RDC&nbsp;:<\/p>\n\n\n\n<p class=\"has-cyan-bluish-gray-background-color has-background\">\u00ab Le Premier ministre \u00e9lu pour la premi\u00e8re fois a \u00e9t\u00e9 renvers\u00e9 et assassin\u00e9 apr\u00e8s seulement dix semaines en fonction. \u00c0 la suite de l\u2019ind\u00e9pendance, les provinces du Kasa\u00ef et Katanga ont cherch\u00e9 \u00e0 faire s\u00e9cession [\u2026].\u00bb<\/p>\n\n\n\n<p class=\"has-cyan-bluish-gray-background-color has-background\">Nous sommes d\u2019accord sur le fait que les membres de l\u2019\u00e9lite sont \u00e0 bl\u00e2mer dans l\u2019instabilit\u00e9 des institutions, qui remonte \u00e0 1960&nbsp;; et, par ailleurs, sur le fait que la comp\u00e9tition des membres de l\u2019\u00e9lite &nbsp;&nbsp;s\u2019appuyant sur la diversit\u00e9 ethnique a jou\u00e9 un r\u00f4le dans le manque de coh\u00e9sion nationale. Mais la diversit\u00e9 ethnique est-elle la cause principale&nbsp;?<\/p>\n\n\n\n<p class=\"has-cyan-bluish-gray-background-color has-background\">En effet, dans un document interne annon\u00e7ant la politique des \u00c9tats-Unis \u00e0 l\u2019\u00e9gard de l\u2019Afrique au sud du Sahara r\u00e9dig\u00e9 en 1957, il est not\u00e9 ce qui suit&nbsp;concernant l\u2019autod\u00e9termination&nbsp;:<\/p>\n\n\n\n<p class=\"has-cyan-bluish-gray-background-color has-background\"><em>\u00ab&nbsp;nous soutenons le processus d\u2019\u00e9volution ordonn\u00e9e d\u2019autod\u00e9termination [mais] nous ne voulons pas supplanter les pouvoirs m\u00e9tropolitains et nous n\u2019approuvons pas la fuite en avant vers l\u2019ind\u00e9pendance. Nous voulons que les puissances m\u00e9tropolitaines [continuent de] jouer le premier r\u00f4le dans les territoires dont ils \u00e9taient auparavant responsables avant l\u2019ind\u00e9pendance.&nbsp;\u00bb (archives du d\u00e9partement d\u2019Etat)<\/em><\/p>\n\n\n\n<p class=\"has-cyan-bluish-gray-background-color has-background\">Trois ans avant l\u2019accession du Congo \u00e0 l\u2019ind\u00e9pendance, il \u00e9tait donc d\u00e9j\u00e0 d\u00e9cid\u00e9 que la Belgique gardera son r\u00f4le de m\u00e9tropole &nbsp;au Congo apr\u00e8s l\u2019ind\u00e9pendance juridique. Pour ce faire, tout en interdisant les organisations politiques susceptibles de cr\u00e9er une conscience nationale, la Belgique encouragea le regroupement des Congolais &nbsp;bas\u00e9e sur les origines ethniques.<\/p>\n\n\n\n<p class=\"has-cyan-bluish-gray-background-color has-background\">Comme l\u2019a \u00e9crit Luc de Heusch dans son <em>Plaidoyer \u00e0 la m\u00e9moire de Patrice Lumumba<a href=\"#_edn2\" id=\"_ednref2\"><strong>[ii]<\/strong><\/a>&nbsp;<\/em>: \u00ab&nbsp;l\u2019\u00c9tat colonial ne fit rien&nbsp;[\u2026]&nbsp;pour cr\u00e9er la conscience civique sur laquelle s\u2019appuie une nation moderne. Cette conscience civique, l\u2019\u00e9ducation de masse s\u2019\u00e9tait bien gard\u00e9e d\u2019en fournir les bases. Le Congo acc\u00e9da \u00e0 l\u2019ind\u00e9pendance sans qu\u2019une conscience nationale authentique se soit forg\u00e9e. Le Congo \u00e9tait demeur\u00e9 prisonnier de ses divisions ethnographiques.&nbsp;\u00bb<\/p>\n\n\n\n<p class=\"has-cyan-bluish-gray-background-color has-background\">\u00c0 partir du d\u00e9but du mois de juillet 1960, la France et la Belgique \u00e9tablissaient une base de d\u00e9stabilisation du Congo ex-belge \u00e0 Brazzaville, o\u00f9 il \u00e9tait d\u00e9cid\u00e9 que&nbsp;<strong>\u00ab&nbsp;la seule solution [pour se d\u00e9barrasser de Lumumba et du lumumbisme] est de <\/strong><strong>faire<\/strong><strong> jouer actuellement les particularismes ethniques avec tous les risques que cela comporte de fa\u00e7on \u00e0 <\/strong><strong>isoler<\/strong><strong> Lumumba&nbsp;\u00bb.<\/strong><\/p>\n\n\n\n<p class=\"has-cyan-bluish-gray-background-color has-background\">Apr\u00e8s le \u00ab&nbsp;succ\u00e8s&nbsp;\u00bb apparent &nbsp;de la s\u00e9cession &nbsp;au Katanga, les services secrets fran\u00e7ais et belges bases \u00e0 Brazzaville &nbsp;complot\u00e8rent pour l\u2019organisation des s\u00e9cessions au Bas-Congo, au Sud Kasa\u00ef et dans la province de l\u2019Equateur.<\/p>\n\n\n\n<p class=\"has-cyan-bluish-gray-background-color has-background\">Le n\u00e9ocolonialisme&nbsp; entreprenait donc de d\u00e9stabiliser totalement le Congo en utilisant la diversit\u00e9 ethnique des Congolais et la na\u00efvet\u00e9 &nbsp;de la petite bourgeoisie nationale.<\/p>\n\n\n\n<p class=\"has-cyan-bluish-gray-background-color has-background\">Conscient de cette situation, Patrice Lumumba demandait aux Congolais de mettre fin aux querelles ethniques et r\u00e9gionales pour construire l\u2019ind\u00e9pendance.<\/p>\n\n\n\n<p class=\"has-cyan-bluish-gray-background-color has-background\">Un mois apr\u00e8s l\u2019assassinat de Lumumba, la France et la Belgique avaient d\u00e9cid\u00e9 de sceller le sort du Congo en jouant sur les particularismes ethniques et r\u00e9gionaux. Ils organis\u00e8rent une Conf\u00e9rence \u00e0 Tananarive pour choisir les structures du Congo, sans la participation des lumumbistes, pourtant la plus grande force politique du pays&nbsp;; et dans l\u2019ignorance totale de l\u2019existence du parlement&nbsp;!<\/p>\n\n\n\n<p class=\"has-cyan-bluish-gray-background-color has-background\">&nbsp;Les s\u00e9paratistes Kasa-Vubu, Tshomb\u00e9, Kalonji y sign\u00e8rent la fin de l\u2019existence juridique de la R\u00e9publique du Congo et son remplacement par un certain nombre d\u2019\u00c9tats ethniques souverains li\u00e9s seulement par des accords de coop\u00e9ration impr\u00e9cis.<\/p>\n\n\n\n<p class=\"has-cyan-bluish-gray-background-color has-background\">Ce sont les r\u00e9actions vives des pays africains progressistes (le bloc de Casablanca), appuy\u00e9s par les pays non align\u00e9s, notamment l\u2019Inde de Nerhu, qui accul\u00e8rent les \u00c9tats-Unis et l\u2019ONU \u00e0 se distancier des accords de Tananarive.<\/p>\n\n\n\n<p class=\"has-cyan-bluish-gray-background-color has-background\">Nous sommes donc d\u2019accord avec le diagnostic de la Banque Mondiale selon&nbsp; lequel les &nbsp;premiers actes &nbsp;de l\u2019Instabilit\u00e9 que la RDC continue \u00e0 vivre &nbsp;sont principalement &nbsp;&nbsp;le renversement du pouvoir lumumbiste et l\u2019assassinat de Lumumba. Toutefois, nous croyons que l\u2019on ne devrait pas jeter tous les bl\u00e2mes sur &nbsp;l\u2019incomp\u00e9tence de l\u2019\u00e9lite congolaise &nbsp;dont &nbsp;des membres ont \u00e9t\u00e9 manipul\u00e9e par le n\u00e9ocolonialisme en utilisant <strong>&nbsp;les particularismes ethniques.<\/strong><\/p>\n\n\n\n<p class=\"has-cyan-bluish-gray-background-color has-background\">Aujourd\u2019hui pour faire balkaniser le Congo, le n\u00e9ocolonialisme finance des membres de l\u2019\u00e9lite congolaise &nbsp;dans l\u2019entourage de Felix Tshisekedi pour semer des discours haineux qui ne peuvent qu\u2019exacerber davantage les tensions ethniques et mener le pays vers l\u2019\u00e9clatement.<\/p>\n\n\n\n<p class=\"has-cyan-bluish-gray-background-color has-background\">Ainsi, pour la survie du pays, la n\u00e9cessit\u00e9 de fournir des efforts pour l\u2019int\u00e9gration nationale ne doit pas \u00eatre sous-estim\u00e9e, sinon ce sont les particularismes ethniques qui deviennent le seul rep\u00e8re, et ceux qui veulent nous dominer en profiteront &nbsp;avec des cons\u00e9quences catastrophiques pour notre ind\u00e9pendance.<\/p>\n\n\n\n<p><strong>L\u2019ACCAPAREMENT DES RESSOURCES de l\u2019\u00c9TAT PAR L\u2019\u00c9LITE<\/strong><\/p>\n\n\n\n<p class=\"has-pale-cyan-blue-background-color has-background\">La deuxi\u00e8me cause de la d\u00e9ch\u00e9ance de notre pays, li\u00e9e \u00e0 l\u2019instabilit\u00e9 &nbsp;demeure l\u2019accaparement des ressources publique par l\u2019\u00e9lite. Ci-dessous un extrait du document&nbsp;:<\/p>\n\n\n\n<p class=\"has-pale-cyan-blue-background-color has-background\">\u00ab Cet accaparement se manifeste par un syst\u00e8me qui tend \u00e0 d\u00e9tourner le processus de prise de d\u00e9cision au profit de certains individus [\u2026]. La RDC se trouve dans une situation o\u00f9 les connexions politiques sont utilis\u00e9es pour d\u00e9tourner des ressources qui sont, \u00e0 leur tour, exploit\u00e9es pour perp\u00e9tuer les dominations politiques et sociales [\u2026].&nbsp;L\u2019accaparement des ressources par les \u00e9lites induit une corruption \u00e0 tous les niveaux, grevant lourdement la capacit\u00e9 des services publics \u00e0 offrir les services de base, et continue d\u2019entraver les perspectives de d\u00e9veloppement de la RDC.&nbsp;\u00bb<\/p>\n\n\n\n<p class=\"has-pale-cyan-blue-background-color has-background\">Par accaparement, on n\u2019entend pas seulement l\u2019appropriation des ressources financi\u00e8res. Quand&nbsp; les dirigeants politiques utilisent la justice et la police pour arr\u00eater et &nbsp;pers\u00e9cuter les opposants, il y a &nbsp;accaparement des ressources publique par l\u2019\u00e9lite au pouvoir. N\u00e9anmoins, pour faciliter la compr\u00e9hension, nous allons nous limiter&nbsp; au cas d\u2019accaparement des ressources financi\u00e8res de l\u2019Etat.<\/p>\n\n\n\n<p class=\"has-pale-cyan-blue-background-color has-background\">Selon Hugues Leclercq, dans son livre sur l\u2019\u00e9conomie congolaise de 1960 \u00e0 1966, la cause unique du d\u00e9sordre mon\u00e9taire que la RDC connaitra dans la p\u00e9riode postcoloniale est \u00e0 rechercher dans le d\u00e9ficit permanent et important des finances publiques. C\u2019est ce d\u00e9ficit, financ\u00e9 par les avances du syst\u00e8me bancaire, qui a nourri l\u2019expansion mon\u00e9taire et de la dette &nbsp;ext\u00e9rieure qui deviendra insolvable \u00e0 la fin du r\u00e9gime Mobutu. &nbsp;Toutefois, la Banque Mondiale&nbsp; a eu sa part de responsabilit\u00e9 dans cette situation qui tend a revenir avec le r\u00e9gime Tshisekedi.<\/p>\n\n\n\n<p class=\"has-pale-cyan-blue-background-color has-background\">En effet, \u00ab&nbsp;<em>Le financement mon\u00e9taire du d\u00e9ficit conduisit \u00e0 d\u00e9verser sous forme de traitements, soldes, indemnit\u00e9s, subsides, avances et pr\u00e9l\u00e8vements de toute nature des sommes consid\u00e9rables dans une \u00e9conomie ou l&rsquo;offre globale se r\u00e9duisait. Aussi, le gonflement des revenus mon\u00e9taires devait-il in\u00e9luctablement d\u00e9clencher le processus inflatoire qui bouleversa profond\u00e9ment le fonctionnement de l &lsquo;\u00e9conomie congolaise<\/em>&nbsp;\u00bb. (cf. Hugues LECLERCQ, 1069, p. L&rsquo;\u00c9conomie congolaise de 1960 \u00e0 1965, p.51)<\/p>\n\n\n\n<p class=\"has-pale-cyan-blue-background-color has-background\">Pourtant&nbsp; dans son premier discours a la nation, Patrice Lumumba avait mis en garde l\u2019\u00e9lite&nbsp;contre la tendance a vouloir&nbsp; des augmentations des salaires avant que le programme de d\u00e9veloppement du pays ne commence a porter ses fruits. L\u2019histoire est connue. Le Ministre Nkaya de l\u2019Abako introduisit un bar\u00e8me de salaire tr\u00e8s all\u00e9chants aux parlementaires en triplant le salaire propos\u00e9 &nbsp;par le l\u00e9gislateur belge. L\u2019\u00e9lite congolaise voulait vivre \u00ab&nbsp;dignement&nbsp;\u00bb. La tradition est demeur\u00e9e jusqu\u2019aujourd\u2019hui.<\/p>\n\n\n\n<figure class=\"wp-block-image size-full is-style-zoooom\"><img loading=\"lazy\" decoding=\"async\" width=\"716\" height=\"419\" src=\"https:\/\/congokin.blog\/wp-content\/uploads\/2023\/09\/image.png\" alt=\"\" class=\"wp-image-12524\" srcset=\"https:\/\/congokin.blog\/wp-content\/uploads\/2023\/09\/image.png 716w, https:\/\/congokin.blog\/wp-content\/uploads\/2023\/09\/image-300x176.png 300w\" sizes=\"auto, (max-width: 716px) 100vw, 716px\" \/><\/figure>\n\n\n\n<p class=\"has-pale-cyan-blue-background-color has-background\">Cette mauvaise culture de gestion de tr\u00e9sorerie, qui s\u2019est install\u00e9e d\u00e8s les premi\u00e8res heures de notre ind\u00e9pendance (cf. le tableau ci-dessus), continue jusqu\u2019\u00e0 pr\u00e9sent. Le budget de l\u2019\u00c9tat est gonfl\u00e9 par les membres de l\u2019\u00e9lite non pas pour servir le pays&#8230; mais pour se servir eux-m\u00eames. Quand 70% du budget de l\u2019\u00c9tat est allou\u00e9 au paiement du personnel politique et administratif, le pays n\u2019a aucune chance de se d\u00e9velopper.<\/p>\n\n\n\n<p class=\"has-pale-cyan-blue-background-color has-background\">Certes, on pourrait objecter que l\u2019entretien du d\u00e9ficit budg\u00e9taire peut parfois \u00eatre utile pour financer le d\u00e9veloppement d\u2019un pays. L\u2019Inde de Nehru l\u2019avait fait.<\/p>\n\n\n\n<p class=\"has-pale-cyan-blue-background-color has-background\">Toutefois, il existe des pr\u00e9alables, tels que la redevabilit\u00e9 et la transparence totale dans les d\u00e9penses publiques.<\/p>\n\n\n\n<p class=\"has-pale-cyan-blue-background-color has-background\">En effet, un syst\u00e8me n\u00e9o-patrimonial de type \u00ab&nbsp;patron-client&nbsp;\u00bb, qui ne se croit pas redevable, pillera les fonds emprunt\u00e9s et les orientera dans des projets de prestige [Inga-Shaba], dans des domaines qui r\u00e9compensent la loyaut\u00e9 des clients et qui ne stimulent pas la croissance de l\u2019\u00e9conomie, laissant derri\u00e8re lui d\u2019\u00e9normes dettes, une monnaie faible et des r\u00e9serves \u00e9puis\u00e9es pour le gouvernement suivant. Nous l\u2019avons v\u00e9cu sous Mobutu. L\u2019histoire b\u00e9gaie avec le r\u00e9gime Tshisekedi.<\/p>\n\n\n\n<p class=\"has-pale-cyan-blue-background-color has-background\">\u00c0 titre d\u2019exemple, il y a quelques mois, quand Vital Kamerhe a \u00e9t\u00e9 arr\u00eat\u00e9 pour d\u00e9tournement des ressources publiques, il s\u2019est expliqu\u00e9 comme suit lors de son jugement t\u00e9l\u00e9vis\u00e9&nbsp;:<\/p>\n\n\n\n<p class=\"has-pale-cyan-blue-background-color has-background\"><strong><em>\u00ab&nbsp;Partout o\u00f9 je suis pass\u00e9, je me suis occup\u00e9 du social. \u00c0 l\u2019Assembl\u00e9e nationale, on g\u00e8re le fonds secret que j\u2019avais transform\u00e9 en montant qu\u2019on appelle \u00ab&nbsp;des invisibles&nbsp;\u00bb. Tous les d\u00e9put\u00e9s le savent. J\u2019ai multipli\u00e9 le salaire des agents de l\u2019Assembl\u00e9e nationale par six. J\u2019ai multipli\u00e9 le salaire des d\u00e9put\u00e9s par trois et j\u2019ai donn\u00e9 un v\u00e9hicule \u00e0 chaque d\u00e9put\u00e9.[\u2026] Je viens d\u2019arriver \u00e0 la pr\u00e9sidence, demandez aux conseillers&nbsp;: leur salaire est multipli\u00e9 par trois&nbsp;! Partout o\u00f9 je passerai, je ferai vie sociale. Je vous supplie de poser des questions \u00e0 la pr\u00e9sidence, [suite \u00e0 mes interventions], nous recevons deux fois par mois 400 000 $ am\u00e9ricains, qu\u2019on appelle \u00ab&nbsp;caisse de secours&nbsp;\u00bb.<\/em><\/strong><strong><\/strong><\/p>\n\n\n\n<p class=\"has-pale-cyan-blue-background-color has-background\"><strong>Cet argument a fini par &nbsp;susciter la solidarit\u00e9&nbsp; de l\u2019\u00e9lite &nbsp;qui n\u2019avait aucun int\u00e9r\u00eat &nbsp;pour voir les salaires des dirigeants et autres \u00ab&nbsp;invisibles&nbsp;\u00bb divulgu\u00e9s &nbsp;en public. Un r\u00e8glement \u00e0 l\u2019amiable&nbsp; se fera malgr\u00e9 une condamnation initiale en justice de 20 ans de prison et Kamerhe se retrouvera en libert\u00e9 sans avoir revers\u00e9 au tr\u00e9sor public les&nbsp; sommes d\u00e9tourn\u00e9es !<\/strong><\/p>\n\n\n\n<p class=\"has-pale-cyan-blue-background-color has-background\">Toutefois, il apparait pour tous que le syst\u00e8me ne peut \u00eatre r\u00e9form\u00e9 par&nbsp; des elections. Un d\u00e9put\u00e9 congolais touche aujourd\u2019hui $21000 par mois soit $252 000 par an [sans compter les \u00ab&nbsp;invisibles&nbsp;\u00bb et autre avantages], soit 504 fois le PIB par habitant en RDC&#8230; qui est l\u2019un des pays les plus pauvres de la plan\u00e8te&nbsp;! &nbsp;Ce rapport du salaire annuel du d\u00e9put\u00e9 &nbsp;au PIB par habitant n\u2019est que 70 fois au Nig\u00e9ria, 20 fois au Rwanda et 3 fois aux \u00c9tats-Unis.<\/p>\n\n\n\n<p class=\"has-pale-cyan-blue-background-color has-background\">Comme le dit&nbsp; en r\u00e9sum\u00e9 le document de la Banque Mondiale, la \u00ab&nbsp;RDC se trouve dans une situation o\u00f9 les connexions politiques sont utilis\u00e9es pour d\u00e9tourner des ressources qui sont, \u00e0 leur tour, exploit\u00e9es pour perp\u00e9tuer les dominations politiques et sociales.&nbsp;\u00bb. Aucune voie r\u00e9formiste notamment par un processus \u00e9lectoral ne peut apporter de changement escompt\u00e9 \u00e0 un syst\u00e8me dont le mal est aussi gangren\u00e9.<\/p>\n\n\n\n<p class=\"has-pale-cyan-blue-background-color has-background\">Nous devons prendre nos responsabilit\u00e9s pour &nbsp;tout remettre \u00e0 plat.&nbsp;<\/p>\n\n\n\n<hr class=\"wp-block-separator has-alpha-channel-opacity\"\/>\n\n\n\n<p><a href=\"#_ednref1\" id=\"_edn1\">[i]<\/a> Ibid.<\/p>\n\n\n\n<p><a href=\"#_ednref2\" id=\"_edn2\">[ii]<\/a> Luc de Heusch, <em>Plaidoyer \u00e0 la m\u00e9moire de Patrice Lumumba<\/em>, <em>Pourquoi l&rsquo;\u00e9pouser&nbsp;?<\/em> (1971), pages 289 \u00e0 315.<\/p>\n<div style=\"text-align:center\" class=\"wps-pgfw-pdf-generate-icon__wrapper-frontend\">\n\t\t<a href=\"https:\/\/congokin.blog?action=genpdf&amp;id=12523\" class=\"pgfw-single-pdf-download-button\" ><img src=\"https:\/\/congokin.blog\/wp-content\/plugins\/pdf-generator-for-wp\/admin\/src\/images\/PDF_Tray.svg\" title=\"G\u00e9n\u00e9rer un PDF\" style=\"width:auto; height:45px;\"><\/a>\n\t\t<\/div>","protected":false},"excerpt":{"rendered":"<p>L\u2019\u00c9LITE BOURGEOISE CONGOLAISE L\u2019\u00e9lite politique congolaise de 1960 est issue de la classe des \u00ab&nbsp;\u00e9volu\u00e9s&nbsp;\u00bb dont les membres ont \u00e9t\u00e9 form\u00e9s afin de servir d\u2019auxiliaires aux agents europ\u00e9ens pour l\u2019exploitation du Congo. C\u2019est seulement quelques ann\u00e9es avant l\u2019ind\u00e9pendance que le terme discriminatoire d\u2019\u00ab&nbsp;\u00e9volu\u00e9&nbsp;\u00bb sera remplac\u00e9 par \u00ab&nbsp;classe moyenne &nbsp;\u00bb. &nbsp;La majorit\u00e9 de cette \u00e9lite est [&hellip;]<\/p>\n","protected":false},"author":8,"featured_media":0,"comment_status":"open","ping_status":"closed","sticky":false,"template":"","format":"standard","meta":{"footnotes":""},"categories":[1],"tags":[],"class_list":["post-12523","post","type-post","status-publish","format-standard","hentry","category-uncategorized"],"_links":{"self":[{"href":"https:\/\/congokin.blog\/index.php?rest_route=\/wp\/v2\/posts\/12523","targetHints":{"allow":["GET"]}}],"collection":[{"href":"https:\/\/congokin.blog\/index.php?rest_route=\/wp\/v2\/posts"}],"about":[{"href":"https:\/\/congokin.blog\/index.php?rest_route=\/wp\/v2\/types\/post"}],"author":[{"embeddable":true,"href":"https:\/\/congokin.blog\/index.php?rest_route=\/wp\/v2\/users\/8"}],"replies":[{"embeddable":true,"href":"https:\/\/congokin.blog\/index.php?rest_route=%2Fwp%2Fv2%2Fcomments&post=12523"}],"version-history":[{"count":3,"href":"https:\/\/congokin.blog\/index.php?rest_route=\/wp\/v2\/posts\/12523\/revisions"}],"predecessor-version":[{"id":12529,"href":"https:\/\/congokin.blog\/index.php?rest_route=\/wp\/v2\/posts\/12523\/revisions\/12529"}],"wp:attachment":[{"href":"https:\/\/congokin.blog\/index.php?rest_route=%2Fwp%2Fv2%2Fmedia&parent=12523"}],"wp:term":[{"taxonomy":"category","embeddable":true,"href":"https:\/\/congokin.blog\/index.php?rest_route=%2Fwp%2Fv2%2Fcategories&post=12523"},{"taxonomy":"post_tag","embeddable":true,"href":"https:\/\/congokin.blog\/index.php?rest_route=%2Fwp%2Fv2%2Ftags&post=12523"}],"curies":[{"name":"wp","href":"https:\/\/api.w.org\/{rel}","templated":true}]}}