{"id":12530,"date":"2023-09-05T19:24:01","date_gmt":"2023-09-05T19:24:01","guid":{"rendered":"https:\/\/congokin.blog\/?p=12530"},"modified":"2023-09-05T19:24:01","modified_gmt":"2023-09-05T19:24:01","slug":"en-rdc-des-elections-le-20-decembre-vaille-que-vaille","status":"publish","type":"post","link":"https:\/\/congokin.blog\/?p=12530","title":{"rendered":"En RDC, des \u00e9lections le 20\u00a0d\u00e9cembre, vaille que vaille"},"content":{"rendered":"\n<p>POLITIQUE<\/p>\n\n\n\n<h1 class=\"wp-block-heading\">En RDC, des \u00e9lections le 20&nbsp;d\u00e9cembre, vaille que vaille<\/h1>\n\n\n\n<h2 class=\"wp-block-heading\">En convoquant le corps \u00e9lectoral pour la pr\u00e9sidentielle, la commission \u00e9lectorale s\u2019engage \u00e0 organiser les scrutins dans les d\u00e9lais constitutionnels, malgr\u00e9 des critiques de l\u2019opposition et de la soci\u00e9t\u00e9 civile.<\/h2>\n\n\n\n<p>5 septembre 2023 \u00e0 09:14<\/p>\n\n\n\n<p>Par&nbsp;<a href=\"https:\/\/www.jeuneafrique.com\/auteurs\/s.nsimba\/\">Socrate Nsimba<\/a>&nbsp;&#8211; \u00e0 Kinshasa<\/p>\n\n\n\n<p>Mis \u00e0 jour le 5 septembre 2023 \u00e0 15:04<\/p>\n\n\n\n<figure class=\"wp-block-image is-style-zoooom\"><img decoding=\"async\" src=\"https:\/\/prod.cdn-medias.jeuneafrique.com\/cdn-cgi\/image\/q=100,f=auto,metadata=none,width=1256,height=628\/https:\/\/prod.cdn-medias.jeuneafrique.com\/medias\/2023\/09\/04\/jad20230904-ass-rdc-elections-1256x628-1693847454.jpg\" alt=\"\"\/><figcaption class=\"wp-element-caption\">Le pr\u00e9sident de la Commission \u00e9lectorale nationale Ind\u00e9pendante (Ceni), Denis Kadima, le 1er septembre 2023. \u00a9 TWITTER CENI-RDC<\/figcaption><\/figure>\n\n\n\n<p><a href=\"https:\/\/www.jeuneafrique.com\/1431666\/politique\/en-rdc-entre-denis-kadima-et-corneille-nangaa-le-torchon-brule\/\">Denis Kadima<\/a>&nbsp;entrevoit-il le bout du tunnel, lui qui, dans une interview accord\u00e9e \u00e0&nbsp;<em>Jeune Afrique,<\/em>&nbsp;<a href=\"https:\/\/www.jeuneafrique.com\/1427360\/politique\/rdc-denis-kadima-jai-hate-den-finir-avec-ces-elections\/\">avait dit avoir \u00ab&nbsp;h\u00e2te d\u2019en finir avec ces \u00e9lections&nbsp;\u00bb&nbsp;?<\/a>&nbsp;Le 1er septembre, le pr\u00e9sident de la Commission \u00e9lectorale nationale ind\u00e9pendante (Ceni) a officiellement convoqu\u00e9 le corps \u00e9lectoral pour le scrutin pr\u00e9sidentiel du 20 d\u00e9cembre.\u00c0 LIRE<a href=\"https:\/\/www.jeuneafrique.com\/1428277\/politique\/denis-kadima-le-maitre-du-temps-en-rdc\/\">Denis Kadima, le ma\u00eetre du temps en RDC<\/a><\/p>\n\n\n\n<p>\u00ab&nbsp;\u00c0 ces proph\u00e8tes de malheur qui esp\u00e8rent et affirment \u00e0 haute voix que la Ceni sera la cause d\u2019un violent conflit post\u00e9lectoral, qui justifierait une grave instabilit\u00e9 politique et qui conduirait \u00e0 un changement de r\u00e9gime antid\u00e9mocratique, nous r\u00e9pondons simplement en deux mots : sans effets&nbsp;\u00bb, a-t-il lanc\u00e9 depuis le QG de la Ceni en pleine r\u00e9fection. Dans sa ligne de mire : la mission d\u2019observation de la&nbsp;Conf\u00e9rence&nbsp;\u00e9piscopale nationale du Congo (Cenco) et de l\u2019\u00c9glise du Christ au Congo (ECC).<\/p>\n\n\n\n<h2 class=\"wp-block-heading\">\u00ab&nbsp;Audit citoyen&nbsp;\u00bb<\/h2>\n\n\n\n<p>Le 3 ao\u00fbt dernier, alors que Denis Kadima rencontrait la sous-secr\u00e9taire d\u2019\u00c9tat am\u00e9ricaine par int\u00e9rim, Victoria Nuland, une d\u00e9l\u00e9gation de cette mission d\u2019observation \u2013 emmen\u00e9e notamment&nbsp;<a href=\"https:\/\/www.jeuneafrique.com\/1432409\/politique\/donatien-nshole-la-loi-tshiani-est-une-bombe\/\">par Mgr Donatien Nshole, secr\u00e9taire g\u00e9n\u00e9ral de la Cenco<\/a>&nbsp;\u2013 se proposait de mener un \u00ab&nbsp;audit citoyen&nbsp;\u00bb du fichier \u00e9lectoral pour \u00ab&nbsp;garantir des \u00e9lections inclusives et honn\u00eates&nbsp;\u00bb. Une demande \u00e0 laquelle la Ceni n\u2019a pas souhait\u00e9 donner suite.<\/p>\n\n\n\n<p>Les jours suivants, Mgr Donatien Nshole a publiquement mis en garde contre le risque d\u2019une \u00ab&nbsp;r\u00e9volution qui n\u2019attendra qu\u2019un leader courageux&nbsp;\u00bb, si la Ceni ne \u00ab&nbsp;comprend pas la pertinence des propositions formul\u00e9es&nbsp;\u00bb.\u00c0 LIRE<a href=\"https:\/\/www.jeuneafrique.com\/1457287\/politique\/entre-felix-tshisekedi-et-leglise-le-bras-de-fer-aura-t-il-lieu\/\">Entre F\u00e9lix Tshisekedi et l\u2019\u00c9glise, le bras de fer aura-t-il lieu&nbsp;?<\/a><\/p>\n\n\n\n<p>En juillet, l\u2019institution \u00e9lectorale avait d\u00e9j\u00e0 r\u00e9serv\u00e9 une m\u00eame fin de non-recevoir \u00e0 quatre candidats de l\u2019opposition \u2014 Martin Fayulu, Delly Sesanga,&nbsp;<a href=\"https:\/\/www.jeuneafrique.com\/1471220\/politique\/presidentielle-en-rdc-matata-ponyo-mapon-trace-sa-route-malgre-les-doutes\/\">Matata Ponyo Mapon<\/a>&nbsp;et Mo\u00efse Katumbi \u2014 qui avaient plaid\u00e9, apr\u00e8s avoir rencontr\u00e9 Denis Kadima le 30 juin, pour l\u2019organisation d\u2019un nouvel audit du fichier \u00e9lectoral par un organisme international.<\/p>\n\n\n\n<p>En effet, l\u2019Organisation internationale de la francophonie (OIF) s\u2019\u00e9tant d\u00e9sist\u00e9e au motif que les d\u00e9lais \u00e9taient \u00ab&nbsp;trop courts&nbsp;\u00bb, la commission \u00e9lectorale&nbsp;<a href=\"https:\/\/www.jeuneafrique.com\/1442616\/politique\/en-rdc-la-ceni-recherche-le-futur-auditeur-de-son-fichier-electoral\/\">avait recrut\u00e9 cinq experts pour auditer le fichier \u00e9lectoral, en mai dernier.<\/a>&nbsp;Mais qualifi\u00e9s d\u2019\u00ab&nbsp;amis de Kadima&nbsp;\u00bb, ils n\u2019ont jamais \u00e9t\u00e9 cr\u00e9dibles aux yeux de l\u2019opposition.<\/p>\n\n\n\n<h2 class=\"wp-block-heading\">Boycott<\/h2>\n\n\n\n<p>C\u2019est ce refus cat\u00e9gorique de la Ceni de proc\u00e9der \u00e0 un nouvel audit qui a pouss\u00e9 Martin Fayulu \u00e0 refuser de prendre part au processus \u00e9lectoral. Campant sur sa position, il n\u2019a&nbsp;pas&nbsp;pr\u00e9sent\u00e9 de candidats pour les l\u00e9gislatives ni pour les provinciales et les municipales. Il se retrouve en cela sur la m\u00eame ligne que&nbsp;<a href=\"https:\/\/www.jeuneafrique.com\/1455184\/politique\/face-a-felix-tshisekedi-joseph-kabila-renfile-les-gants\/\">Joseph Kabila et ses alli\u00e9s du Front commun pour le Congo (FCC)<\/a>&nbsp;qui, depuis le d\u00e9but des op\u00e9rations d\u2019enregistrement des \u00e9lecteurs, boycottent le processus, r\u00e9clamant des changements dans la composition de la Ceni et jusque parmi les juges de la Cour constitutionnelle.\u00c0 LIRE<a href=\"https:\/\/www.jeuneafrique.com\/1471769\/politique\/en-rdc-martin-fayulu-fait-cavalier-seul-dans-la-derniere-ligne-droite\/\">En RDC, Martin Fayulu fait cavalier seul dans la derni\u00e8re ligne droite<\/a><\/p>\n\n\n\n<p>Malgr\u00e9 les critiques, Denis Kadima et son \u00e9quipe ont donc choisi d\u2019avancer. La convocation de l\u2019\u00e9lectorat pour la pr\u00e9sidentielle marque, selon le successeur de Corneille Nangaa, un \u00ab&nbsp;tournant important&nbsp;\u00bb pour la tenue des scrutins dans les d\u00e9lais pr\u00e9vus par la Constitution. Lui qui a plusieurs fois r\u00e9p\u00e9t\u00e9 que \u00ab&nbsp;le glissement ne faisait pas partie de son vocabulaire&nbsp;\u00bb n\u2019a pas cach\u00e9 sa satisfaction, ce 1er septembre. M\u00eame l\u2019aspect financier ne semble plus poser probl\u00e8me, alors qu\u2019en juin dernier, Denis Kadima parlait d\u2019un retard d\u2019au moins six mois dans le financement des op\u00e9rations \u00e9lectorales.<\/p>\n\n\n\n<p>Et quid des contraintes s\u00e9curitaires ? Dans les territoires de Rutshuru et Masisi (Nord-Kivu) et&nbsp;<a href=\"https:\/\/www.jeuneafrique.com\/1446880\/politique\/le-jaccuse-des-eveques-congolais-dans-le-mai-ndombe\/\">de Kwamouth (Ma\u00ef-Ndombe)<\/a>, le niveau de violence n\u2019a pas permis l\u2019enregistrement des \u00e9lecteurs. Et si la Ceni laisse entendre qu\u2019une normalisation de la situation est encore possible dans les r\u00e9gions jouxtant Kinshasa, ce n\u2019est pas le cas dans plusieurs zones de l\u2019est du pays, que continuent d\u2019occuper les rebelles du M23&nbsp;<a href=\"https:\/\/www.jeuneafrique.com\/1477662\/politique\/en-rdc-la-force-regionale-est-africaine-maintenue-malgre-les-doutes\/\">malgr\u00e9 la pr\u00e9sence de la force r\u00e9gionale de la Communaut\u00e9 d\u2019Afrique de l\u2019Est (EAC,&nbsp;en&nbsp;anglais).<\/a><\/p>\n<div style=\"text-align:center\" class=\"wps-pgfw-pdf-generate-icon__wrapper-frontend\">\n\t\t<a href=\"https:\/\/congokin.blog?action=genpdf&amp;id=12530\" class=\"pgfw-single-pdf-download-button\" ><img src=\"https:\/\/congokin.blog\/wp-content\/plugins\/pdf-generator-for-wp\/admin\/src\/images\/PDF_Tray.svg\" title=\"G\u00e9n\u00e9rer un PDF\" style=\"width:auto; height:45px;\"><\/a>\n\t\t<\/div>","protected":false},"excerpt":{"rendered":"<p>POLITIQUE En RDC, des \u00e9lections le 20&nbsp;d\u00e9cembre, vaille que vaille En convoquant le corps \u00e9lectoral pour la pr\u00e9sidentielle, la commission \u00e9lectorale s\u2019engage \u00e0 organiser les scrutins dans les d\u00e9lais constitutionnels, malgr\u00e9 des critiques de l\u2019opposition et de la soci\u00e9t\u00e9 civile. 5 septembre 2023 \u00e0 09:14 Par&nbsp;Socrate Nsimba&nbsp;&#8211; \u00e0 Kinshasa Mis \u00e0 jour le 5 septembre [&hellip;]<\/p>\n","protected":false},"author":8,"featured_media":0,"comment_status":"open","ping_status":"closed","sticky":false,"template":"","format":"standard","meta":{"footnotes":""},"categories":[6,7,8],"tags":[],"class_list":["post-12530","post","type-post","status-publish","format-standard","hentry","category-justice","category-politique","category-societe"],"_links":{"self":[{"href":"https:\/\/congokin.blog\/index.php?rest_route=\/wp\/v2\/posts\/12530","targetHints":{"allow":["GET"]}}],"collection":[{"href":"https:\/\/congokin.blog\/index.php?rest_route=\/wp\/v2\/posts"}],"about":[{"href":"https:\/\/congokin.blog\/index.php?rest_route=\/wp\/v2\/types\/post"}],"author":[{"embeddable":true,"href":"https:\/\/congokin.blog\/index.php?rest_route=\/wp\/v2\/users\/8"}],"replies":[{"embeddable":true,"href":"https:\/\/congokin.blog\/index.php?rest_route=%2Fwp%2Fv2%2Fcomments&post=12530"}],"version-history":[{"count":1,"href":"https:\/\/congokin.blog\/index.php?rest_route=\/wp\/v2\/posts\/12530\/revisions"}],"predecessor-version":[{"id":12531,"href":"https:\/\/congokin.blog\/index.php?rest_route=\/wp\/v2\/posts\/12530\/revisions\/12531"}],"wp:attachment":[{"href":"https:\/\/congokin.blog\/index.php?rest_route=%2Fwp%2Fv2%2Fmedia&parent=12530"}],"wp:term":[{"taxonomy":"category","embeddable":true,"href":"https:\/\/congokin.blog\/index.php?rest_route=%2Fwp%2Fv2%2Fcategories&post=12530"},{"taxonomy":"post_tag","embeddable":true,"href":"https:\/\/congokin.blog\/index.php?rest_route=%2Fwp%2Fv2%2Ftags&post=12530"}],"curies":[{"name":"wp","href":"https:\/\/api.w.org\/{rel}","templated":true}]}}