{"id":12532,"date":"2023-09-06T19:13:59","date_gmt":"2023-09-06T19:13:59","guid":{"rendered":"https:\/\/congokin.blog\/?p=12532"},"modified":"2023-09-06T19:14:00","modified_gmt":"2023-09-06T19:14:00","slug":"la-force-de-leac-prolonge-son-mandat-en-rdc","status":"publish","type":"post","link":"https:\/\/congokin.blog\/?p=12532","title":{"rendered":"La force de l\u2019EAC prolonge son mandat en RDC"},"content":{"rendered":"\n<h1 class=\"wp-block-heading\">La force de l\u2019EAC prolonge son mandat en RDC<\/h1>\n\n\n\n<h2 class=\"wp-block-heading\">Les pays d\u2019Afrique de l\u2019Est sont tomb\u00e9s d\u2019accord pour rester dans la r\u00e9gion jusqu\u2019au 8 d\u00e9cembre.<\/h2>\n\n\n\n<p>6 septembre 2023 \u00e0 09:15<\/p>\n\n\n\n<p>Par&nbsp;<em>Jeune Afrique<\/em><\/p>\n\n\n\n<p>Mis \u00e0 jour le 6 septembre 2023 \u00e0 09:24<\/p>\n\n\n\n<figure class=\"wp-block-image is-style-zoooom\"><img decoding=\"async\" src=\"https:\/\/prod.cdn-medias.jeuneafrique.com\/cdn-cgi\/image\/q=100,f=auto,metadata=none,width=1256,height=628\/https:\/\/prod.cdn-medias.jeuneafrique.com\/medias\/2023\/09\/06\/ituri-scaled-1256x628-1693983192.jpg\" alt=\"\"\/><figcaption class=\"wp-element-caption\">Des personnes d\u00e9plac\u00e9es dans un camp \u00e0 Komanda, dans la province d\u2019Ituri, le 30 ao\u00fbt 2023. \u00a9 GLODY MURHABAZI \/ AFP<\/figcaption><\/figure>\n\n\n\n<p>Les dirigeants des pays d\u2019Afrique de l\u2019Est ont d\u00e9cid\u00e9 le 5 septembre de prolonger le mandat de leur force d\u00e9ploy\u00e9e dans l\u2019est de la RDC pour tenter d\u2019y ramener la paix.\u00c0 LIRE<a href=\"https:\/\/www.jeuneafrique.com\/1388706\/politique\/est-de-la-rdc-felix-tshisekedi-peut-il-vraiment-compter-sur-la-force-regionale-conjointe\/\">Est de la RDC : F\u00e9lix Tshisekedi peut-il vraiment compter sur la force r\u00e9gionale conjointe ?<\/a><\/p>\n\n\n\n<p>\u00c0 l\u2019issue d\u2019un sommet \u00e0&nbsp;Nairobi,&nbsp;les sept pays de la&nbsp;<a href=\"https:\/\/www.jeuneafrique.com\/institutions\/eac\/\">Communaut\u00e9 des \u00c9tats d\u2019Afrique de l\u2019Est<\/a>&nbsp;(EAC) ont annonc\u00e9 qu\u2019ils \u00e9taient tomb\u00e9s d\u2019accord pour \u00ab&nbsp;prolonger la dur\u00e9e du mandat&nbsp;\u00bb de cette force r\u00e9gionale jusqu\u2019au 8 d\u00e9cembre.<\/p>\n\n\n\n<h2 class=\"wp-block-heading\">Critiques<\/h2>\n\n\n\n<p>Cette force de plusieurs milliers de soldats s\u2019est d\u00e9ploy\u00e9e en novembre 2022 dans l\u2019est de la RDC, r\u00e9gion en proie aux violences de dizaines de groupes arm\u00e9s et r\u00e9bellions depuis pr\u00e8s de 30 ans. Sa cible s\u2019est resserr\u00e9e pour se focaliser&nbsp;sur&nbsp;les zones d\u2019op\u00e9rations des rebelles du M23 au nord et au nord-ouest de Goma, chef-lieu du Nord-Kivu.<\/p>\n\n\n\n<p><a href=\"https:\/\/www.jeuneafrique.com\/1477662\/politique\/en-rdc-la-force-regionale-est-africaine-maintenue-malgre-les-doutes\/\">L\u2019avenir de cette force avait \u00e9t\u00e9 mis en question<\/a>&nbsp;apr\u00e8s des critiques du pr\u00e9sident de RDC Felix Tshisekedi, mais l\u2019EAC avait finalement d\u00e9cid\u00e9 en juin de prolonger son mandat de trois mois.<\/p>\n\n\n\n<p>La force de l\u2019EAC a repris certaines zones pr\u00e9c\u00e9demment occup\u00e9es par le M23, mais n\u2019a pas r\u00e9ussi jusqu\u2019\u00e0 pr\u00e9sent \u00e0&nbsp;contrecarrer&nbsp;l\u2019insurrection.<\/p>\n\n\n\n<p><strong>(Avec AFP<\/strong><\/p>\n<div style=\"text-align:center\" class=\"wps-pgfw-pdf-generate-icon__wrapper-frontend\">\n\t\t<a href=\"https:\/\/congokin.blog?action=genpdf&amp;id=12532\" class=\"pgfw-single-pdf-download-button\" ><img src=\"https:\/\/congokin.blog\/wp-content\/plugins\/pdf-generator-for-wp\/admin\/src\/images\/PDF_Tray.svg\" title=\"G\u00e9n\u00e9rer un PDF\" style=\"width:auto; height:45px;\"><\/a>\n\t\t<\/div>","protected":false},"excerpt":{"rendered":"<p>La force de l\u2019EAC prolonge son mandat en RDC Les pays d\u2019Afrique de l\u2019Est sont tomb\u00e9s d\u2019accord pour rester dans la r\u00e9gion jusqu\u2019au 8 d\u00e9cembre. 6 septembre 2023 \u00e0 09:15 Par&nbsp;Jeune Afrique Mis \u00e0 jour le 6 septembre 2023 \u00e0 09:24 Les dirigeants des pays d\u2019Afrique de l\u2019Est ont d\u00e9cid\u00e9 le 5 septembre de prolonger [&hellip;]<\/p>\n","protected":false},"author":8,"featured_media":0,"comment_status":"open","ping_status":"closed","sticky":false,"template":"","format":"standard","meta":{"footnotes":""},"categories":[7,8],"tags":[],"class_list":["post-12532","post","type-post","status-publish","format-standard","hentry","category-politique","category-societe"],"_links":{"self":[{"href":"https:\/\/congokin.blog\/index.php?rest_route=\/wp\/v2\/posts\/12532","targetHints":{"allow":["GET"]}}],"collection":[{"href":"https:\/\/congokin.blog\/index.php?rest_route=\/wp\/v2\/posts"}],"about":[{"href":"https:\/\/congokin.blog\/index.php?rest_route=\/wp\/v2\/types\/post"}],"author":[{"embeddable":true,"href":"https:\/\/congokin.blog\/index.php?rest_route=\/wp\/v2\/users\/8"}],"replies":[{"embeddable":true,"href":"https:\/\/congokin.blog\/index.php?rest_route=%2Fwp%2Fv2%2Fcomments&post=12532"}],"version-history":[{"count":1,"href":"https:\/\/congokin.blog\/index.php?rest_route=\/wp\/v2\/posts\/12532\/revisions"}],"predecessor-version":[{"id":12533,"href":"https:\/\/congokin.blog\/index.php?rest_route=\/wp\/v2\/posts\/12532\/revisions\/12533"}],"wp:attachment":[{"href":"https:\/\/congokin.blog\/index.php?rest_route=%2Fwp%2Fv2%2Fmedia&parent=12532"}],"wp:term":[{"taxonomy":"category","embeddable":true,"href":"https:\/\/congokin.blog\/index.php?rest_route=%2Fwp%2Fv2%2Fcategories&post=12532"},{"taxonomy":"post_tag","embeddable":true,"href":"https:\/\/congokin.blog\/index.php?rest_route=%2Fwp%2Fv2%2Ftags&post=12532"}],"curies":[{"name":"wp","href":"https:\/\/api.w.org\/{rel}","templated":true}]}}