{"id":12536,"date":"2023-09-06T20:17:33","date_gmt":"2023-09-06T20:17:33","guid":{"rendered":"https:\/\/congokin.blog\/?p=12536"},"modified":"2023-09-06T20:17:34","modified_gmt":"2023-09-06T20:17:34","slug":"reaction-a-propos-derreur-historique-de-lelite-congolaise","status":"publish","type":"post","link":"https:\/\/congokin.blog\/?p=12536","title":{"rendered":"R\u00e9action \u00e0 propos d&rsquo;erreur historique de l&rsquo;\u00e9lite congolaise"},"content":{"rendered":"\n<p>[\u2026]<\/p>\n\n\n\n<p class=\"has-pale-pink-background-color has-background\">A part les politiciens et autres leaders etranger, Qui a entedu ou lu ces messsages de Lumumba ?..<\/p>\n\n\n\n<p class=\"has-pale-pink-background-color has-background\">Je pense que notre devoir est plus d apprendre de leurs eurreures que de continuer a remuer le passe. (Ntumba)<\/p>\n\n\n\n<p class=\"has-pale-cyan-blue-background-color has-background\">Cher Monsieur,<\/p>\n\n\n\n<p class=\"has-pale-cyan-blue-background-color has-background\">Si vous voulez apprendre des erreurs de l\u2019\u00e9lite lors de la d\u00e9colonisation, alors int\u00e9ressez-vous pr\u00e9cis\u00e9ment \u00e0 l\u2019Histoire \u2013 m\u00eame et surtout \u00e0 celle que vous semblez m\u00e9conna\u00eetre.<\/p>\n\n\n\n<p class=\"has-pale-cyan-blue-background-color has-background\">Votre position envers Lumumba est de votre responsabilit\u00e9. D\u00e9clarer que j\u2019aurais fait des affirmations gratuites en faveur de Lumumba l\u2019est aussi \u2013 mais encore faut-il le prouver, sans cela vous nous entra\u00eenez dans des bavardages&nbsp;st\u00e9riles.<\/p>\n\n\n\n<p class=\"has-pale-cyan-blue-background-color has-background\">Les messages de Patrice Lumumba \u00e9taient connus au Congo et hors du Congo avant sa mort. \u00c0 titre d\u2019exemple, Patrice Lumumba avait prononc\u00e9 un discours rest\u00e9 c\u00e9l\u00e8bre \u00e0 Ibanda en 1959. En juillet 1960, il \u00e9tait triomphalement accueilli par les Am\u00e9ricains d\u2019origine africaine \u00e0 Harlem-Manatthan, \u00e0 New York.<\/p>\n\n\n\n<p class=\"has-pale-cyan-blue-background-color has-background\">Ci-dessous, une photo d\u2019un meeting en octobre 1960.<\/p>\n\n\n\n<figure class=\"wp-block-image size-large is-style-zoooom\"><img loading=\"lazy\" decoding=\"async\" width=\"1024\" height=\"657\" src=\"https:\/\/congokin.blog\/wp-content\/uploads\/2023\/09\/image-1-1024x657.png\" alt=\"\" class=\"wp-image-12537\" srcset=\"https:\/\/congokin.blog\/wp-content\/uploads\/2023\/09\/image-1-1024x657.png 1024w, https:\/\/congokin.blog\/wp-content\/uploads\/2023\/09\/image-1-300x193.png 300w, https:\/\/congokin.blog\/wp-content\/uploads\/2023\/09\/image-1-768x493.png 768w, https:\/\/congokin.blog\/wp-content\/uploads\/2023\/09\/image-1.png 1112w\" sizes=\"auto, (max-width: 1024px) 100vw, 1024px\" \/><\/figure>\n\n\n\n<p>D&rsquo;une part, Patrice Lumumba \u00e9tait d\u00e9j\u00e0 tr\u00e8s connu comme un d\u00e9fenseur progressiste de la cause de l\u2019ind\u00e9pendance et de l\u2019unit\u00e9 africaine\u00a0avant son assassinat ; et ce, tout comme  d&rsquo;autre part Kasa-Vubu, Kalonji et Tshomb\u00e9 \u00e9taient connus en tant que s\u00e9paratistes marionnettes des occidentaux. <\/p>\n\n\n\n<p>Toutefois, l\u2019assassinat de Lumumba pr\u00e9tendument pour combattre le communisme va \u00e9veiller davantage la conscience des peuples opprim\u00e9s, notamment en Afrique, parce que Lumumba n\u2019\u00e9tait ni un communiste ni un extr\u00e9miste. C\u2019est d\u2019ailleurs l\u2019opinion exprim\u00e9e par le Pr\u00e9sident am\u00e9ricain John Kennedy \u00e0 son photographe, en apprenant la nouvelle de l\u2019assassinat de Lumumba.<\/p>\n\n\n\n<p>Ci-dessous un extrait de la d\u00e9claration du photographe officiel de Kennedy\u00a0:<\/p>\n\n\n\n<p class=\"has-vivid-red-color has-text-color\">\u00ab&nbsp;Le 13 f\u00e9vrier 1961, l\u2019ambassadeur des Nations Unies Adlai Stevenson \u00e9tait au t\u00e9l\u00e9phone. J\u2019\u00e9tais seul avec le Pr\u00e9sident&nbsp;; sa main se porta sur sa t\u00eate dans un d\u00e9sespoir total. \u201cOh, non\u201d, je l\u2019entendis g\u00e9mir. [\u2026]<\/p>\n\n\n\n<p class=\"has-vivid-red-color has-text-color\">Mais l\u2019attitude de Kennedy envers l\u2019Afrique noire \u00e9tait que beaucoup de ceux qui \u00e9taient consid\u00e9r\u00e9s comme de gauche \u00e9taient en fait des nationalistes et des patriotes, anti-Occidentaux en raison d\u2019ann\u00e9es de colonisation [\u2026].<\/p>\n\n\n\n<p class=\"has-vivid-red-color has-text-color\">L\u2019appel lui a donc laiss\u00e9 le c\u0153ur bris\u00e9, dira-t-il, car il savait que le meurtre serait un pr\u00e9lude au chaos, dira-t-il. \u00bb<\/p>\n\n\n\n<figure class=\"wp-block-image size-full is-style-zoooom\"><img loading=\"lazy\" decoding=\"async\" width=\"684\" height=\"640\" src=\"https:\/\/congokin.blog\/wp-content\/uploads\/2023\/08\/KennedyLumumba.jpg\" alt=\"\" class=\"wp-image-12496\" srcset=\"https:\/\/congokin.blog\/wp-content\/uploads\/2023\/08\/KennedyLumumba.jpg 684w, https:\/\/congokin.blog\/wp-content\/uploads\/2023\/08\/KennedyLumumba-300x281.jpg 300w\" sizes=\"auto, (max-width: 684px) 100vw, 684px\" \/><\/figure>\n\n\n\n<p><strong>Nous pensons que le fiasco av\u00e9r\u00e9 de l\u2019\u00e9lite pro-occidentale dans l\u2019\u00e9dification nationale devrait pousser davantage les Congolais de la nouvelle g\u00e9n\u00e9ration, non pas \u00e0 vouloir essayer perp\u00e9tuellement des pseudo-solutions vou\u00e9es d\u2019avance \u00e0 l\u2019\u00e9chec d\u2019apr\u00e8s le diagnostic d\u2019une institution de Bretton Woods, mais remettre tout \u00e0 plat et appliquer la vision de Lumumba telle que pr\u00e9conis\u00e9e par le CE<\/strong>T.<\/p>\n\n\n\n<p><strong>Bien que les membres du CET r\u00e9sident en Am\u00e9rique du Nord, ce sont d\u2019abord des patriotes congolais\u00a0; et donc, \u00ab\u00a0pro-Congo\u00a0\u00bb. O\u00f9 que l\u2019on vive, dans le pays ou \u00e0 l\u2019ext\u00e9rieur, si la RDC a une place dans notre c\u0153ur, l\u2019am\u00e9lioration continue de la connaissance de son Histoire est vivement recommand\u00e9e. Sinon les opinions seront n\u00e9cessairement biais\u00e9es.<\/strong><\/p>\n<div style=\"text-align:center\" class=\"wps-pgfw-pdf-generate-icon__wrapper-frontend\">\n\t\t<a href=\"https:\/\/congokin.blog?action=genpdf&amp;id=12536\" class=\"pgfw-single-pdf-download-button\" ><img src=\"https:\/\/congokin.blog\/wp-content\/plugins\/pdf-generator-for-wp\/admin\/src\/images\/PDF_Tray.svg\" title=\"G\u00e9n\u00e9rer un PDF\" style=\"width:auto; height:45px;\"><\/a>\n\t\t<\/div>","protected":false},"excerpt":{"rendered":"<p>[\u2026] A part les politiciens et autres leaders etranger, Qui a entedu ou lu ces messsages de Lumumba ?.. Je pense que notre devoir est plus d apprendre de leurs eurreures que de continuer a remuer le passe. (Ntumba) Cher Monsieur, Si vous voulez apprendre des erreurs de l\u2019\u00e9lite lors de la d\u00e9colonisation, alors int\u00e9ressez-vous [&hellip;]<\/p>\n","protected":false},"author":8,"featured_media":0,"comment_status":"open","ping_status":"closed","sticky":false,"template":"","format":"standard","meta":{"footnotes":""},"categories":[1],"tags":[],"class_list":["post-12536","post","type-post","status-publish","format-standard","hentry","category-uncategorized"],"_links":{"self":[{"href":"https:\/\/congokin.blog\/index.php?rest_route=\/wp\/v2\/posts\/12536","targetHints":{"allow":["GET"]}}],"collection":[{"href":"https:\/\/congokin.blog\/index.php?rest_route=\/wp\/v2\/posts"}],"about":[{"href":"https:\/\/congokin.blog\/index.php?rest_route=\/wp\/v2\/types\/post"}],"author":[{"embeddable":true,"href":"https:\/\/congokin.blog\/index.php?rest_route=\/wp\/v2\/users\/8"}],"replies":[{"embeddable":true,"href":"https:\/\/congokin.blog\/index.php?rest_route=%2Fwp%2Fv2%2Fcomments&post=12536"}],"version-history":[{"count":1,"href":"https:\/\/congokin.blog\/index.php?rest_route=\/wp\/v2\/posts\/12536\/revisions"}],"predecessor-version":[{"id":12538,"href":"https:\/\/congokin.blog\/index.php?rest_route=\/wp\/v2\/posts\/12536\/revisions\/12538"}],"wp:attachment":[{"href":"https:\/\/congokin.blog\/index.php?rest_route=%2Fwp%2Fv2%2Fmedia&parent=12536"}],"wp:term":[{"taxonomy":"category","embeddable":true,"href":"https:\/\/congokin.blog\/index.php?rest_route=%2Fwp%2Fv2%2Fcategories&post=12536"},{"taxonomy":"post_tag","embeddable":true,"href":"https:\/\/congokin.blog\/index.php?rest_route=%2Fwp%2Fv2%2Ftags&post=12536"}],"curies":[{"name":"wp","href":"https:\/\/api.w.org\/{rel}","templated":true}]}}