{"id":12541,"date":"2023-09-09T21:22:01","date_gmt":"2023-09-09T21:22:01","guid":{"rendered":"https:\/\/congokin.blog\/?p=12541"},"modified":"2023-09-09T21:22:02","modified_gmt":"2023-09-09T21:22:02","slug":"le-correspondant-de-jeune-afrique-interpelle-en-rdc","status":"publish","type":"post","link":"https:\/\/congokin.blog\/?p=12541","title":{"rendered":"Le correspondant de Jeune Afrique interpell\u00e9 en RDC"},"content":{"rendered":"\n<p>POLITIQUE<\/p>\n\n\n\n<h1 class=\"wp-block-heading\">Le correspondant de Jeune Afrique interpell\u00e9 en RDC<\/h1>\n\n\n\n<h2 class=\"wp-block-heading\">Jeune Afrique a appris l\u2019arrestation ce vendredi 8 septembre au soir de Stanis Bujakera Tshiamala, son correspondant en R\u00e9publique d\u00e9mocratique du Congo.<\/h2>\n\n\n\n<p>9 septembre 2023 \u00e0 11:33<\/p>\n\n\n\n<p>Par&nbsp;<em>Jeune Afrique<\/em><\/p>\n\n\n\n<p>Mis \u00e0 jour le 9 septembre 2023 \u00e0 12:16<\/p>\n\n\n\n<figure class=\"wp-block-image is-style-zoooom\"><img decoding=\"async\" src=\"https:\/\/prod.cdn-medias.jeuneafrique.com\/cdn-cgi\/image\/q=100,f=auto,metadata=none,width=1256,height=628\/https:\/\/prod.cdn-medias.jeuneafrique.com\/medias\/2023\/09\/09\/stan-1256x628-1694252188.jpeg\" alt=\"\"\/><figcaption class=\"wp-element-caption\">\u00a9 Stanis Bujakera Tshiamala<\/figcaption><\/figure>\n\n\n\n<p>Stanis Bujakera Tshiamala, correspondant de Jeune Afrique \u00e0 Kinshasa, a \u00e9t\u00e9 interpell\u00e9 ce vendredi 8 septembre aux alentours de 22 h 30 alors&nbsp;qu\u2019il&nbsp;se trouvait \u00e0 l\u2019a\u00e9roport de N\u2019Djili, en partance pour Lubumbashi pour un s\u00e9jour professionnel. Il a \u00e9t\u00e9 plac\u00e9 en d\u00e9tention par la police judiciaire.<\/p>\n\n\n\n<p>Stanis Bujakera Tshiamala demeure en cellule \u00e0 l\u2019heure o\u00f9 nous \u00e9crivons ces lignes ce 9 septembre. Nous n\u2019avons pour l\u2019heure&nbsp;aucune&nbsp;information sur les motifs de cette interpellation. Nous attendons des \u00e9claircissements de la part des services comp\u00e9tents.<\/p>\n\n\n\n<p><em>Jeune Afrique<\/em>&nbsp;demande la lib\u00e9ration imm\u00e9diate de son correspondant. Nous osons croire \u00e0 l\u2019attachement des autorit\u00e9s congolaises au libre exercice du journalisme en R\u00e9publique d\u00e9mocratique&nbsp;du&nbsp;Congo.<\/p>\n<div style=\"text-align:center\" class=\"wps-pgfw-pdf-generate-icon__wrapper-frontend\">\n\t\t<a href=\"https:\/\/congokin.blog?action=genpdf&amp;id=12541\" class=\"pgfw-single-pdf-download-button\" ><img src=\"https:\/\/congokin.blog\/wp-content\/plugins\/pdf-generator-for-wp\/admin\/src\/images\/PDF_Tray.svg\" title=\"G\u00e9n\u00e9rer un PDF\" style=\"width:auto; height:45px;\"><\/a>\n\t\t<\/div>","protected":false},"excerpt":{"rendered":"<p>POLITIQUE Le correspondant de Jeune Afrique interpell\u00e9 en RDC Jeune Afrique a appris l\u2019arrestation ce vendredi 8 septembre au soir de Stanis Bujakera Tshiamala, son correspondant en R\u00e9publique d\u00e9mocratique du Congo. 9 septembre 2023 \u00e0 11:33 Par&nbsp;Jeune Afrique Mis \u00e0 jour le 9 septembre 2023 \u00e0 12:16 Stanis Bujakera Tshiamala, correspondant de Jeune Afrique \u00e0 [&hellip;]<\/p>\n","protected":false},"author":8,"featured_media":0,"comment_status":"open","ping_status":"closed","sticky":false,"template":"","format":"standard","meta":{"footnotes":""},"categories":[6,7,8],"tags":[],"class_list":["post-12541","post","type-post","status-publish","format-standard","hentry","category-justice","category-politique","category-societe"],"_links":{"self":[{"href":"https:\/\/congokin.blog\/index.php?rest_route=\/wp\/v2\/posts\/12541","targetHints":{"allow":["GET"]}}],"collection":[{"href":"https:\/\/congokin.blog\/index.php?rest_route=\/wp\/v2\/posts"}],"about":[{"href":"https:\/\/congokin.blog\/index.php?rest_route=\/wp\/v2\/types\/post"}],"author":[{"embeddable":true,"href":"https:\/\/congokin.blog\/index.php?rest_route=\/wp\/v2\/users\/8"}],"replies":[{"embeddable":true,"href":"https:\/\/congokin.blog\/index.php?rest_route=%2Fwp%2Fv2%2Fcomments&post=12541"}],"version-history":[{"count":1,"href":"https:\/\/congokin.blog\/index.php?rest_route=\/wp\/v2\/posts\/12541\/revisions"}],"predecessor-version":[{"id":12542,"href":"https:\/\/congokin.blog\/index.php?rest_route=\/wp\/v2\/posts\/12541\/revisions\/12542"}],"wp:attachment":[{"href":"https:\/\/congokin.blog\/index.php?rest_route=%2Fwp%2Fv2%2Fmedia&parent=12541"}],"wp:term":[{"taxonomy":"category","embeddable":true,"href":"https:\/\/congokin.blog\/index.php?rest_route=%2Fwp%2Fv2%2Fcategories&post=12541"},{"taxonomy":"post_tag","embeddable":true,"href":"https:\/\/congokin.blog\/index.php?rest_route=%2Fwp%2Fv2%2Ftags&post=12541"}],"curies":[{"name":"wp","href":"https:\/\/api.w.org\/{rel}","templated":true}]}}