{"id":12544,"date":"2023-09-11T21:51:41","date_gmt":"2023-09-11T21:51:41","guid":{"rendered":"https:\/\/congokin.blog\/?p=12544"},"modified":"2023-09-11T21:51:42","modified_gmt":"2023-09-11T21:51:42","slug":"rdc-stanis-bujakera-tshiamala-place-sous-mandat-darret-provisoire","status":"publish","type":"post","link":"https:\/\/congokin.blog\/?p=12544","title":{"rendered":"RDC : Stanis Bujakera Tshiamala plac\u00e9 sous mandat d\u2019arr\u00eat provisoire"},"content":{"rendered":"\n<p>POLITIQUE<\/p>\n\n\n\n<h1 class=\"wp-block-heading\">RDC : Stanis Bujakera Tshiamala plac\u00e9 sous mandat d\u2019arr\u00eat provisoire<\/h1>\n\n\n\n<h2 class=\"wp-block-heading\">Notre correspondant en RDC a \u00e9t\u00e9 plac\u00e9 sous mandat d\u2019arr\u00eat provisoire ce 11 septembre. Jeune Afrique continue de r\u00e9clamer sa lib\u00e9ration imm\u00e9diate et d\u00e9nonce une atteinte grave \u00e0 la libert\u00e9 de la presse.<\/h2>\n\n\n\n<p>11 septembre 2023 \u00e0 23:06<\/p>\n\n\n\n<p>Par&nbsp;<em>Jeune Afrique<\/em><\/p>\n\n\n\n<p>Mis \u00e0 jour le 11 septembre 2023 \u00e0 23:06<\/p>\n\n\n\n<figure class=\"wp-block-image is-style-zoooom\"><img decoding=\"async\" src=\"https:\/\/prod.cdn-medias.jeuneafrique.com\/cdn-cgi\/image\/q=100,f=auto,metadata=none,width=1256,height=628\/https:\/\/prod.cdn-medias.jeuneafrique.com\/medias\/2023\/09\/09\/stan-1256x628-1694424890.jpeg\" alt=\"\"\/><figcaption class=\"wp-element-caption\">Le journaliste congolais Stanis Bujakera Tshiamala. \u00a9 DR<\/figcaption><\/figure>\n\n\n\n<p>Stanis Bujakera Tshiamala, correspondant de&nbsp;<em>Jeune Afrique<\/em>&nbsp;\u00e0 Kinshasa, a \u00e9t\u00e9 officiellement plac\u00e9 sous mandat d\u2019arr\u00eat provisoire ce lundi 11 septembre. Il doit d\u00e9sormais \u00eatre conduit en d\u00e9tention, apr\u00e8s trois jours de garde \u00e0 vue.<\/p>\n\n\n\n<p>Interpell\u00e9 dans la soir\u00e9e du 8, Stanis Bujakera Tshiamala a \u00e9t\u00e9 entendu \u00e0 plusieurs reprises par la commission charg\u00e9e d\u2019enqu\u00eater sur le meurtre de l\u2019ancien ministre et d\u00e9put\u00e9 congolais Ch\u00e9rubin Okende. Il a \u00e9t\u00e9 de nouveau auditionn\u00e9 ce 11 septembre,&nbsp;mais&nbsp;cette fois par le parquet de Kinshasa.<\/p>\n\n\n\n<p>Ce dernier a donc d\u00e9cid\u00e9 de son placement en d\u00e9tention provisoire. Les faits qui lui sont reproch\u00e9s sont la \u00ab propagation de faux bruits \u00bb et la \u00ab diffusion de fausses informations \u00bb.<\/p>\n\n\n\n<h2 class=\"wp-block-heading\">Un article que Stanis n\u2019a pas sign\u00e9<\/h2>\n\n\n\n<p>Ces accusations concernent un article publi\u00e9 sur le site de&nbsp;<em>Jeune Afrique<\/em>&nbsp;le 31 ao\u00fbt et qui ne porte pas la signature de notre correspondant, mais celle de&nbsp;<em>Jeune Afrique<\/em>. Notre confr\u00e8re a donc \u00e9t\u00e9 interrog\u00e9 et est aujourd\u2019hui envoy\u00e9 en d\u00e9tention en raison de suspicions concernant un contenu qu\u2019il n\u2019a pas sign\u00e9 et pour lequel il ne peut \u00eatre tenu responsable.<\/p>\n\n\n\n<p>L\u2019article en question faisait mention d\u2019un document attribu\u00e9 \u00e0 l\u2019Agence nationale de renseignements (ANR), dont les autorit\u00e9s congolaises contestent l\u2019authenticit\u00e9. Elles nous ont fait parvenir, quelques heures apr\u00e8s l\u2019arrestation de Stanis Bujakera Tshiamala, un courrier d\u00e9non\u00e7ant \u201cles fausses informations publi\u00e9es sur&nbsp;base&nbsp;d\u2019un rapport attribu\u00e9 ind\u00fbment \u00e0 l\u2019ANR, pr\u00e9tendant retracer les circonstances de la mort de Ch\u00e9rubin Okende\u201d.<\/p>\n\n\n\n<p>Elles affirment que<em>&nbsp;Jeune Afrique<\/em>&nbsp;a exploit\u00e9 une \u201cfausse note attribu\u00e9e \u00e0 l\u2019ANR\u201d et disent regretter \u201cque des m\u00e9dias jug\u00e9s cr\u00e9dibles professionnellement se soient laiss\u00e9 d\u00e9voyer au point de relayer un document au contenu fallacieux\u201d.&nbsp;<em>Jeune Afrique<\/em>&nbsp;r\u00e9it\u00e8re sa pleine confiance \u00e0 l\u2019ensemble de ses journalistes, qui ont \u00e0 c\u0153ur de proposer une information juste et v\u00e9rifi\u00e9e, et qui travaillent avec s\u00e9rieux et professionnalisme.<\/p>\n\n\n\n<p>Nous continuons de demander la lib\u00e9ration imm\u00e9diate de Stanis Bujakera Tshiamala. Plusieurs personnalit\u00e9s politiques congolaises, organisations de soci\u00e9t\u00e9 civile et repr\u00e9sentations diplomatiques \u2013 dont les \u00c9tats-Unis, la France, le Royaume-Uni, la Belgique, la Suisse et l\u2019Union europ\u00e9enne \u2013 ont fait part de leur inqui\u00e9tude concernant la situation de notre correspondant.<\/p>\n\n\n\n<p><em>Jeune Afrique<\/em>&nbsp;d\u00e9nonce \u00e9galement une atteinte grave \u00e0 la libert\u00e9 d\u2019informer et appelle au respect des droits de&nbsp;son&nbsp;journaliste.<\/p>\n<div style=\"text-align:center\" class=\"wps-pgfw-pdf-generate-icon__wrapper-frontend\">\n\t\t<a href=\"https:\/\/congokin.blog?action=genpdf&amp;id=12544\" class=\"pgfw-single-pdf-download-button\" ><img src=\"https:\/\/congokin.blog\/wp-content\/plugins\/pdf-generator-for-wp\/admin\/src\/images\/PDF_Tray.svg\" title=\"G\u00e9n\u00e9rer un PDF\" style=\"width:auto; height:45px;\"><\/a>\n\t\t<\/div>","protected":false},"excerpt":{"rendered":"<p>POLITIQUE RDC : Stanis Bujakera Tshiamala plac\u00e9 sous mandat d\u2019arr\u00eat provisoire Notre correspondant en RDC a \u00e9t\u00e9 plac\u00e9 sous mandat d\u2019arr\u00eat provisoire ce 11 septembre. Jeune Afrique continue de r\u00e9clamer sa lib\u00e9ration imm\u00e9diate et d\u00e9nonce une atteinte grave \u00e0 la libert\u00e9 de la presse. 11 septembre 2023 \u00e0 23:06 Par&nbsp;Jeune Afrique Mis \u00e0 jour le [&hellip;]<\/p>\n","protected":false},"author":8,"featured_media":0,"comment_status":"open","ping_status":"closed","sticky":false,"template":"","format":"standard","meta":{"footnotes":""},"categories":[6,7,8],"tags":[],"class_list":["post-12544","post","type-post","status-publish","format-standard","hentry","category-justice","category-politique","category-societe"],"_links":{"self":[{"href":"https:\/\/congokin.blog\/index.php?rest_route=\/wp\/v2\/posts\/12544","targetHints":{"allow":["GET"]}}],"collection":[{"href":"https:\/\/congokin.blog\/index.php?rest_route=\/wp\/v2\/posts"}],"about":[{"href":"https:\/\/congokin.blog\/index.php?rest_route=\/wp\/v2\/types\/post"}],"author":[{"embeddable":true,"href":"https:\/\/congokin.blog\/index.php?rest_route=\/wp\/v2\/users\/8"}],"replies":[{"embeddable":true,"href":"https:\/\/congokin.blog\/index.php?rest_route=%2Fwp%2Fv2%2Fcomments&post=12544"}],"version-history":[{"count":1,"href":"https:\/\/congokin.blog\/index.php?rest_route=\/wp\/v2\/posts\/12544\/revisions"}],"predecessor-version":[{"id":12545,"href":"https:\/\/congokin.blog\/index.php?rest_route=\/wp\/v2\/posts\/12544\/revisions\/12545"}],"wp:attachment":[{"href":"https:\/\/congokin.blog\/index.php?rest_route=%2Fwp%2Fv2%2Fmedia&parent=12544"}],"wp:term":[{"taxonomy":"category","embeddable":true,"href":"https:\/\/congokin.blog\/index.php?rest_route=%2Fwp%2Fv2%2Fcategories&post=12544"},{"taxonomy":"post_tag","embeddable":true,"href":"https:\/\/congokin.blog\/index.php?rest_route=%2Fwp%2Fv2%2Ftags&post=12544"}],"curies":[{"name":"wp","href":"https:\/\/api.w.org\/{rel}","templated":true}]}}