{"id":12552,"date":"2023-09-11T21:57:35","date_gmt":"2023-09-11T21:57:35","guid":{"rendered":"https:\/\/congokin.blog\/?p=12552"},"modified":"2023-09-11T21:57:58","modified_gmt":"2023-09-11T21:57:58","slug":"12552","status":"publish","type":"post","link":"https:\/\/congokin.blog\/?p=12552","title":{"rendered":"la compagnie nationale Congo Airways interrompt \u00ab\u00a0momentan\u00e9ment\u00a0\u00bb ses vols"},"content":{"rendered":"\n<h1 class=\"wp-block-heading\">RDC&nbsp;: la compagnie nationale Congo Airways interrompt \u00ab\u00a0momentan\u00e9ment\u00a0\u00bb ses vols<\/h1>\n\n\n\n<figure class=\"wp-block-image is-style-zoooom\"><img loading=\"lazy\" decoding=\"async\" width=\"1920\" height=\"1076\" src=\"https:\/\/congokin.blog\/wp-content\/uploads\/2023\/09\/image-1.jpeg\" alt=\"Des passagers embarquent sur le vol inaugural de Congo Airways le 9\u00a0octobre 2015 depuis l\u2019a\u00e9roport international de Kinshasa.\" class=\"wp-image-12553\" srcset=\"https:\/\/congokin.blog\/wp-content\/uploads\/2023\/09\/image-1.jpeg 1920w, https:\/\/congokin.blog\/wp-content\/uploads\/2023\/09\/image-1-300x168.jpeg 300w, https:\/\/congokin.blog\/wp-content\/uploads\/2023\/09\/image-1-1024x574.jpeg 1024w, https:\/\/congokin.blog\/wp-content\/uploads\/2023\/09\/image-1-768x430.jpeg 768w, https:\/\/congokin.blog\/wp-content\/uploads\/2023\/09\/image-1-1536x861.jpeg 1536w, https:\/\/congokin.blog\/wp-content\/uploads\/2023\/09\/image-1-1320x740.jpeg 1320w\" sizes=\"auto, (max-width: 1920px) 100vw, 1920px\" \/><\/figure>\n\n\n\n<p>\u00a9&nbsp;Belga<\/p>\n\n\n\n<p><\/p>\n\n\n\n<p>La compagnie a\u00e9rienne Congo Airways a annonc\u00e9 dimanche l\u2019interruption \u00ab\u00a0<em>momentan\u00e9e<\/em>\u00a0\u00bb de ses activit\u00e9s d\u00e8s ce lundi 11&nbsp;septembre sur toute l\u2019\u00e9tendue du territoire de la<a href=\"https:\/\/www.rtbf.be\/mot-cle\/rdc\">&nbsp;R\u00e9publique d\u00e9mocratique du Congo (RDC)<\/a>, a rapport\u00e9 l\u2019agence congolaise de presse.<\/p>\n\n\n\n<h2 class=\"wp-block-heading\">\u00c0 lire aussi<\/h2>\n\n\n\n<p><a href=\"https:\/\/www.rtbf.be\/article\/violences-en-rdc-l-union-europeenne-active-un-nouveau-pont-aerien-humanitaire-vers-goma-11244388\">Violences en RDC&nbsp;: l\u2019Union europ\u00e9enne active un nouveau pont a\u00e9rien humanitaire vers Goma<\/a><\/p>\n\n\n\n<p>\u00ab\u00a0<em>Congo Airways porte \u00e0 la connaissance de son aimable client\u00e8le que, dans le souci de garantir la s\u00e9curit\u00e9 de ses passagers, conform\u00e9ment aux normes de l\u2019Association du transport a\u00e9rien international (IATA) dont elle fait partie et du fait de ses certifications Iata operational safety audit (IOSA), elle proc\u00e8de \u00e0 la r\u00e9organisation de ses outils d\u2019exploitation \u00e0 dater du 11&nbsp;septembre 2023. A cet effet, l\u2019option de l\u2019interruption temporaire de ses op\u00e9rations a \u00e9t\u00e9 lev\u00e9e, de mani\u00e8re \u00e0 am\u00e9liorer l\u2019efficacit\u00e9 des services de la compagnie nationale apr\u00e8s une courte dur\u00e9e<\/em>\u00ab\u00a0.<\/p>\n\n\n\n<p>Par ailleurs, Congo Airways a remerci\u00e9 le pr\u00e9sident de la R\u00e9publique,&nbsp;<a href=\"https:\/\/www.rtbf.be\/mot-cle\/felix-tshisekedi\">F\u00e9lix&nbsp;Tshisekedi<\/a>&nbsp;pour l\u2019instruction donn\u00e9e aux membres du gouvernement, lors de la 111e r\u00e9union du conseil des ministres, concernant la mise \u00e0 disposition urgente des fonds pour le maintien de ses op\u00e9rations.<\/p>\n\n\n\n<p>En outre, Congo Airways S.A, a pr\u00e9sent\u00e9 \u00e0 sa client\u00e8le des excuses pour tout d\u00e9sagr\u00e9ment qui r\u00e9sulterait de cette interruption. \u00ab\u00a0<em>Elle se fera le plaisir d\u2019informer l\u2019opinion de la reprise des op\u00e9rations pr\u00e9vue dans tr\u00e8s peu de temps<\/em>\u00ab\u00a0, a conclu la source. Cr\u00e9\u00e9e le 15&nbsp;ao\u00fbt 2014, la compagnie nationale Congo Airways a pour objectif le d\u00e9senclavement de la RDC, la promotion de la s\u00e9curit\u00e9 et la d\u00e9mocratisation du transport a\u00e9rien et de favoriser l\u2019int\u00e9gration socio-\u00e9conomique du pays, \u00e0 travers d\u2019importants mouvements des personnes et de leurs biens.<\/p>\n<div style=\"text-align:center\" class=\"wps-pgfw-pdf-generate-icon__wrapper-frontend\">\n\t\t<a href=\"https:\/\/congokin.blog?action=genpdf&amp;id=12552\" class=\"pgfw-single-pdf-download-button\" ><img src=\"https:\/\/congokin.blog\/wp-content\/plugins\/pdf-generator-for-wp\/admin\/src\/images\/PDF_Tray.svg\" title=\"G\u00e9n\u00e9rer un PDF\" style=\"width:auto; height:45px;\"><\/a>\n\t\t<\/div>","protected":false},"excerpt":{"rendered":"<p>RDC&nbsp;: la compagnie nationale Congo Airways interrompt \u00ab\u00a0momentan\u00e9ment\u00a0\u00bb ses vols \u00a9&nbsp;Belga La compagnie a\u00e9rienne Congo Airways a annonc\u00e9 dimanche l\u2019interruption \u00ab\u00a0momentan\u00e9e\u00a0\u00bb de ses activit\u00e9s d\u00e8s ce lundi 11&nbsp;septembre sur toute l\u2019\u00e9tendue du territoire de la&nbsp;R\u00e9publique d\u00e9mocratique du Congo (RDC), a rapport\u00e9 l\u2019agence congolaise de presse. \u00c0 lire aussi Violences en RDC&nbsp;: l\u2019Union europ\u00e9enne active un [&hellip;]<\/p>\n","protected":false},"author":8,"featured_media":0,"comment_status":"open","ping_status":"closed","sticky":false,"template":"","format":"standard","meta":{"footnotes":""},"categories":[1],"tags":[],"class_list":["post-12552","post","type-post","status-publish","format-standard","hentry","category-uncategorized"],"_links":{"self":[{"href":"https:\/\/congokin.blog\/index.php?rest_route=\/wp\/v2\/posts\/12552","targetHints":{"allow":["GET"]}}],"collection":[{"href":"https:\/\/congokin.blog\/index.php?rest_route=\/wp\/v2\/posts"}],"about":[{"href":"https:\/\/congokin.blog\/index.php?rest_route=\/wp\/v2\/types\/post"}],"author":[{"embeddable":true,"href":"https:\/\/congokin.blog\/index.php?rest_route=\/wp\/v2\/users\/8"}],"replies":[{"embeddable":true,"href":"https:\/\/congokin.blog\/index.php?rest_route=%2Fwp%2Fv2%2Fcomments&post=12552"}],"version-history":[{"count":2,"href":"https:\/\/congokin.blog\/index.php?rest_route=\/wp\/v2\/posts\/12552\/revisions"}],"predecessor-version":[{"id":12555,"href":"https:\/\/congokin.blog\/index.php?rest_route=\/wp\/v2\/posts\/12552\/revisions\/12555"}],"wp:attachment":[{"href":"https:\/\/congokin.blog\/index.php?rest_route=%2Fwp%2Fv2%2Fmedia&parent=12552"}],"wp:term":[{"taxonomy":"category","embeddable":true,"href":"https:\/\/congokin.blog\/index.php?rest_route=%2Fwp%2Fv2%2Fcategories&post=12552"},{"taxonomy":"post_tag","embeddable":true,"href":"https:\/\/congokin.blog\/index.php?rest_route=%2Fwp%2Fv2%2Ftags&post=12552"}],"curies":[{"name":"wp","href":"https:\/\/api.w.org\/{rel}","templated":true}]}}