{"id":12568,"date":"2023-09-14T22:05:22","date_gmt":"2023-09-14T22:05:22","guid":{"rendered":"https:\/\/congokin.blog\/?p=12568"},"modified":"2023-09-14T22:05:22","modified_gmt":"2023-09-14T22:05:22","slug":"quand-mandela-etait-un-terroriste-pour-loccident","status":"publish","type":"post","link":"https:\/\/congokin.blog\/?p=12568","title":{"rendered":"Quand Mandela \u00e9tait un \u00ab\u00a0terroriste\u00a0\u00bb pour l\u2019Occident"},"content":{"rendered":"\n<h1 class=\"wp-block-heading\">Quand Mandela \u00e9tait un \u00ab&nbsp;terroriste&nbsp;\u00bb pour l\u2019Occident<\/h1>\n\n\n\n<p>Le pass\u00e9 rattrape les hommages d\u2019aujourd\u2019hui<\/p>\n\n\n\n<p>mardi 10 d\u00e9cembre 2013<\/p>\n\n\n\n<hr class=\"wp-block-separator has-alpha-channel-opacity\"\/>\n\n\n\n<p>Voici un texte publi\u00e9 dans le journal \u2019Elwatan\u2019, le 8 d\u00e9cembre qui illustre la diff\u00e9rence de traitement entre l\u2019Occident et l\u2019Afrique du combat men\u00e9 par Nelson Mandela contre l\u2019apartheid.<\/p>\n\n\n\n<hr class=\"wp-block-separator has-alpha-channel-opacity\"\/>\n\n\n\n<p>\u00ab&nbsp;Des hommages fusent de tous les coins de la plan\u00e8te&nbsp;; chefs d\u2019Etat, personnalit\u00e9s et opinions publiques sont unanimes \u00e0 reconna\u00eetre les qualit\u00e9s de l\u2019homme et la valeur du leader. Certains hommages sonnent toutefois mal aujourd\u2019hui et confirment cette hypocrite attitude de ne reconna\u00eetre l\u2019effort qu\u2019apr\u00e8s que le verdict de l\u2019histoire ait prouv\u00e9 qu\u2019il est encore plus grand que les basses man\u0153uvres politiciennes et les int\u00e9r\u00eats mercantilistes de quelques puissants. O\u00f9 se trouvaient ces puissants lorsque Mandela luttait contre l\u2019apartheid&nbsp;? O\u00f9 \u00e9tait l\u2019Occident lorsque Madiba et ses compagnons se battaient contre un r\u00e9gime raciste et r\u00e9pressif&nbsp;? Le soutien de l\u2019Occident aurait \u00e9t\u00e9 d\u2019un grand secours pour \u00e9viter \u00e0 Mandela 27&nbsp;longues ann\u00e9es de d\u00e9tention. Il aurait \u00e9t\u00e9 le bienvenu pour mettre fin le plus t\u00f4t \u00e0 la condition de sous-citoyens dans laquelle vivaient les Noirs sous le pire des r\u00e9gimes. Ce m\u00eame Occident, h\u00e9ritier d\u2019une longue histoire colonialiste, se trouvait du c\u00f4t\u00e9 de ce r\u00e9gime. Il s\u2019\u00e9meut aujourd\u2019hui et verse des larmes de tristesse apr\u00e8s la mort de celui qui a donn\u00e9 au monde entier une le\u00e7on de justice et de grandeur d\u2019\u00e2me. Un homme qui, faut-il encore le rappeler, \u00e9tait consid\u00e9r\u00e9, avec ses compagnons du Congr\u00e8s national africain (ANC), comme un terroriste.<\/p>\n\n\n\n<p>Il n\u2019y a pas si longtemps, Mandela, leader charismatique de la lutte contre l\u2019apartheid, prix Nobel de la paix, h\u00e9ros de la r\u00e9conciliation entre les Noirs et les Blancs, premier pr\u00e9sident de l\u2019Afrique du Sud apr\u00e8s la fin de l\u2019apartheid, figurait encore sur la liste noire du terrorisme \u00e9tablie par les Etats-Unis. L\u2019ancien pr\u00e9sident am\u00e9ricain, Ronald Reagan, avait, dans les ann\u00e9es 1980, introduit une l\u00e9gislation classant l\u2019ANC et tous ses membres dans la case&nbsp;<em>\u00ab&nbsp;terroristes&nbsp;\u00bb.&nbsp;<\/em>Le pire est que le leader sud-africain a continu\u00e9 \u00e0 figurer sur cette liste jusqu\u2019en 2008, c\u2019est-\u00e0-dire 18 ans apr\u00e8s sa lib\u00e9ration et 14&nbsp;ans apr\u00e8s son \u00e9lection \u00e0 la pr\u00e9sidence de l\u2019Afrique du Sud. Simple oubli ou sceau de la compromission avec les vieux d\u00e9mons de l\u2019apartheid&nbsp;? Ce maintien de la mention de l\u2019ANC comme groupe terroriste par les Etats-Unis renseigne sur la notion tr\u00e8s approximative et opportuniste du mot&nbsp;<em>\u00ab&nbsp;terroriste&nbsp;\u00bb.&nbsp;<\/em>Comment le combat juste de l\u2019ANC pour la libert\u00e9 et l\u2019\u00e9galit\u00e9 peut-il \u00eatre consid\u00e9r\u00e9 comme du terrorisme&nbsp;? La Grande-Bretagne consid\u00e9rait aussi l\u2019ANC comme un mouvement terroriste et s\u2019opposait fortement aux sanctions contre le r\u00e9gime de l\u2019apartheid.<\/p>\n\n\n\n<p>Le terrorisme devenant une accusation dont on affuble ceux qui sont dans le camp ennemi. Si la France n\u2019a pas us\u00e9 de ce qualificatif, elle a toutefois adopt\u00e9 une position ambigu\u00eb en soutenant l\u2019embargo contre l\u2019apartheid et en le dotant d\u2019un autre c\u00f4t\u00e9 de la puissance nucl\u00e9aire, comme le souligne Philippe Hugon, directeur de recherche \u00e0 l\u2019Institut des relations internationales et strat\u00e9giques cit\u00e9 par le journal Le Point. Jean-Luc M\u00e9lenchon, pr\u00e9sident du Front de gauche en France, s\u2019est \u00e9lev\u00e9 contre des hommages hypocrites.&nbsp;<em>\u00ab&nbsp;Des milliers de bonnes paroles vont se d\u00e9verser sur la m\u00e9moire de Nelson Mandela par ceux qui, le reste du temps, n\u2019h\u00e9sitent pas \u00e0 pourchasser les enfants roms. Ils trouvent magnifique le combat qui a \u00e9t\u00e9 men\u00e9 autrefois, il y a tr\u00e8s loin&nbsp;\u00bb,&nbsp;<\/em>dit-il pour d\u00e9noncer la mont\u00e9e du racisme en France. Et d\u2019ajouter&nbsp;:&nbsp;<em>\u00ab&nbsp;Dans un pays o\u00f9 des enfants mal \u00e9lev\u00e9s jettent des bananes \u00e0 un ministre qui n\u2019a pas la bonne couleur, il y a quelque chose de surprenant \u00e0 voir cette unanimit\u00e9 se construire&nbsp;\u00bb&nbsp;<\/em>.<\/p>\n\n\n\n<p>Apr\u00e8s sa lib\u00e9ration, l\u2019aura et la reconnaissance plan\u00e9taire dont Mandela a fait l\u2019objet ne l\u2019ont pas fait d\u00e9vier de la d\u00e9fense de la justice et les droits de l\u2019homme partout dans le monde. Il a autant d\u00e9nonc\u00e9 les attaques du 11 septembre, que l\u2019invasion de l\u2019Irak et la guerre en Afghanistan. Il eut cette parole cinglante sur les Etats-Unis&nbsp;:&nbsp;<em>\u00ab&nbsp;S\u2019il y a bien un pays qui a commis les atrocit\u00e9s les plus innommables dans le monde, ce sont les Etats-Unis. Et ils ne s\u2019en soucient gu\u00e8re&nbsp;\u00bb.&nbsp;<\/em>&nbsp;\u00bb<\/p>\n<div style=\"text-align:center\" class=\"wps-pgfw-pdf-generate-icon__wrapper-frontend\">\n\t\t<a href=\"https:\/\/congokin.blog?action=genpdf&amp;id=12568\" class=\"pgfw-single-pdf-download-button\" ><img src=\"https:\/\/congokin.blog\/wp-content\/plugins\/pdf-generator-for-wp\/admin\/src\/images\/PDF_Tray.svg\" title=\"G\u00e9n\u00e9rer un PDF\" style=\"width:auto; height:45px;\"><\/a>\n\t\t<\/div>","protected":false},"excerpt":{"rendered":"<p>Quand Mandela \u00e9tait un \u00ab&nbsp;terroriste&nbsp;\u00bb pour l\u2019Occident Le pass\u00e9 rattrape les hommages d\u2019aujourd\u2019hui mardi 10 d\u00e9cembre 2013 Voici un texte publi\u00e9 dans le journal \u2019Elwatan\u2019, le 8 d\u00e9cembre qui illustre la diff\u00e9rence de traitement entre l\u2019Occident et l\u2019Afrique du combat men\u00e9 par Nelson Mandela contre l\u2019apartheid. \u00ab&nbsp;Des hommages fusent de tous les coins de la [&hellip;]<\/p>\n","protected":false},"author":8,"featured_media":0,"comment_status":"open","ping_status":"closed","sticky":false,"template":"","format":"standard","meta":{"footnotes":""},"categories":[4,12],"tags":[],"class_list":["post-12568","post","type-post","status-publish","format-standard","hentry","category-documents","category-opinions"],"_links":{"self":[{"href":"https:\/\/congokin.blog\/index.php?rest_route=\/wp\/v2\/posts\/12568","targetHints":{"allow":["GET"]}}],"collection":[{"href":"https:\/\/congokin.blog\/index.php?rest_route=\/wp\/v2\/posts"}],"about":[{"href":"https:\/\/congokin.blog\/index.php?rest_route=\/wp\/v2\/types\/post"}],"author":[{"embeddable":true,"href":"https:\/\/congokin.blog\/index.php?rest_route=\/wp\/v2\/users\/8"}],"replies":[{"embeddable":true,"href":"https:\/\/congokin.blog\/index.php?rest_route=%2Fwp%2Fv2%2Fcomments&post=12568"}],"version-history":[{"count":1,"href":"https:\/\/congokin.blog\/index.php?rest_route=\/wp\/v2\/posts\/12568\/revisions"}],"predecessor-version":[{"id":12569,"href":"https:\/\/congokin.blog\/index.php?rest_route=\/wp\/v2\/posts\/12568\/revisions\/12569"}],"wp:attachment":[{"href":"https:\/\/congokin.blog\/index.php?rest_route=%2Fwp%2Fv2%2Fmedia&parent=12568"}],"wp:term":[{"taxonomy":"category","embeddable":true,"href":"https:\/\/congokin.blog\/index.php?rest_route=%2Fwp%2Fv2%2Fcategories&post=12568"},{"taxonomy":"post_tag","embeddable":true,"href":"https:\/\/congokin.blog\/index.php?rest_route=%2Fwp%2Fv2%2Ftags&post=12568"}],"curies":[{"name":"wp","href":"https:\/\/api.w.org\/{rel}","templated":true}]}}