{"id":12570,"date":"2023-09-18T19:47:03","date_gmt":"2023-09-18T19:47:03","guid":{"rendered":"https:\/\/congokin.blog\/?p=12570"},"modified":"2023-09-18T19:47:03","modified_gmt":"2023-09-18T19:47:03","slug":"presidentielle-en-rdc-y-aller-ou-pas-le-dilemme-de-lopposition","status":"publish","type":"post","link":"https:\/\/congokin.blog\/?p=12570","title":{"rendered":"Pr\u00e9sidentielle en RDC\u00a0: y aller ou pas\u00a0? Le dilemme de l\u2019opposition"},"content":{"rendered":"\n<p>POLITIQUE<\/p>\n\n\n\n<h1 class=\"wp-block-heading\">Pr\u00e9sidentielle en RDC\u00a0: y aller ou pas\u00a0? Le dilemme de l\u2019opposition<\/h1>\n\n\n\n<h2 class=\"wp-block-heading\">Si Mo\u00efse Katumbi a annonc\u00e9 son intention de se porter candidat face \u00e0 F\u00e9lix Tshisekedi, Joseph Kabila a d\u00e9j\u00e0 fait part de sa volont\u00e9 de boycotter l\u2019\u00e9lection, tandis que Martin Fayulu et Denis Mukwege h\u00e9sitent encore.<gwmw style=\"display:none;\"><\/gwmw><\/h2>\n\n\n\n<p>14 septembre 2023 \u00e0 19:19<\/p>\n\n\n\n<p>Par&nbsp;<a href=\"https:\/\/www.jeuneafrique.com\/auteurs\/s.nsimba\/\">Socrate Nsimba<\/a><\/p>\n\n\n\n<p>Mis \u00e0 jour le 14 septembre 2023 \u00e0 20:26<\/p>\n\n\n\n<figure class=\"wp-block-image is-style-zoooom\"><img decoding=\"async\" src=\"https:\/\/prod.cdn-medias.jeuneafrique.com\/cdn-cgi\/image\/q=100,f=auto,metadata=none,width=1256,height=628\/https:\/\/prod.cdn-medias.jeuneafrique.com\/medias\/2023\/09\/14\/jad20230914-ass-rdc-opposition-1256x628.jpg\" alt=\"\"\/><figcaption class=\"wp-element-caption\">De gauche \u00e0 droite : Delly Sesanga, Matata Ponyo Mapon, Mo\u00efse Katumbi, Martin Fayulu. \u00a9 Montage JA : Vincent Fournier\/JA; Laurie Dieffembacq\/BELGA\/AFP; Arsene Piana pour JA<\/figcaption><\/figure>\n\n\n\n<p>Samedi 9 septembre, au QG de la Commission \u00e9lectorale nationale ind\u00e9pendante (Ceni), les agents du bureau de r\u00e9ception et de traitement des candidatures ont re\u00e7u les premiers dossiers&nbsp;<a href=\"https:\/\/www.jeuneafrique.com\/1479163\/politique\/en-rdc-des-elections-le-20-decembre-vaille-que-vaille\/\">pour la pr\u00e9sidentielle du 20&nbsp;d\u00e9cembre.<\/a>\u00c0 LIRE<a href=\"https:\/\/www.jeuneafrique.com\/1482378\/politique\/en-rdc-jean-marc-kabund-condamne-a-sept-ans-de-prison\/\">En RDC, Jean-Marc Kabund condamn\u00e9 \u00e0 sept ans de&nbsp;prison<\/a><\/p>\n\n\n\n<p>Premier \u00e0 officialiser son ambition : l\u2019ancien Premier ministre de Joseph Kabila,&nbsp;<a href=\"https:\/\/www.jeuneafrique.com\/1454535\/politique\/presidentielle-2023-en-rdc-les-fideles-de-matata-ponyo-mapon\/\">Matata Ponyo Mapon,<\/a>&nbsp;accompagn\u00e9 pour l\u2019occasion d\u2019une cohorte de membres de son parti, Leadership et gouvernance pour le d\u00e9veloppement (LGD). Cinq jours auparavant, il comparaissait devant les juges de la Cour constitutionnelle, qui l\u2019accusent de d\u00e9tournement de fonds&nbsp;<a href=\"https:\/\/www.jeuneafrique.com\/1041392\/economie-entreprises\/rdc-bukanga-lonzo-un-fiasco-a-80-millions-de-dollars\/\">dans la gestion du projet Bukanga-Lonzo<\/a>&nbsp;et dans la construction du march\u00e9 international de Kinshasa.<\/p>\n\n\n\n<h2 class=\"wp-block-heading\">Matata Ponyo Mapon hu\u00e9<\/h2>\n\n\n\n<p>Ce fut ensuite au tour de Constant Mutamba, ancien du Front commun pour le Congo (FCC, la coalition de Joseph Kabila) et d\u00e9sormais pr\u00e9sident de la Dynamique progressiste de l\u2019opposition (Dypro). Cet homme de 35&nbsp;ans, qui dit vouloir rompre avec la vieille garde, para\u00eet davantage vouloir en d\u00e9coudre avec les autres candidats de l\u2019opposition qu\u2019avec le pr\u00e9sident F\u00e9lix Tshisekedi, candidat \u00e0 sa propre succession, le 20 d\u00e9cembre prochain. Ses militants n\u2019ont d\u2019ailleurs pas h\u00e9sit\u00e9&nbsp;<a href=\"https:\/\/www.jeuneafrique.com\/1474744\/politique\/en-rdc-matata-ponyo-mapon-ou-la-strategie-de-levitement\/\">\u00e0 huer Matata Ponyo Mapon<\/a>&nbsp;\u00e0&nbsp;sa sortie de la Ceni.<\/p>\n\n\n\n<p>Lundi 11 septembre, c\u2019est Rex Kazadi, connu surtout au sein de la&nbsp;<a href=\"https:\/\/www.jeuneafrique.com\/1433365\/politique\/quand-les-combattants-font-le-coup-de-poing-loin-de-la-rdc\/\">diaspora congolaise en Europe et parmi les \u00ab&nbsp;combattants&nbsp;\u00bb,<\/a>&nbsp;qui a d\u00e9pos\u00e9 sa candidature. Autrefois oppos\u00e9 \u00e0 Joseph Kabila, il est tr\u00e8s offensif \u00e0 l\u2019\u00e9gard de ceux qui appellent au boycott du scrutin. \u00ab&nbsp;Ceux qui ne veulent pas jouer le jeu d\u00e9mocratique en boycottant les \u00e9lections, ils sont libres&nbsp;\u00bb, a-t-il lanc\u00e9.\u00c0 LIRE<a href=\"https:\/\/www.jeuneafrique.com\/1471220\/politique\/presidentielle-en-rdc-matata-ponyo-mapon-trace-sa-route-malgre-les-doutes\/\">Pr\u00e9sidentielle en RDC : Matata Ponyo Mapon trace sa route\u2026 malgr\u00e9 les doutes<\/a><\/p>\n\n\n\n<p>Parmi eux, Joseph Kabila qui a d\u00e9nonc\u00e9 en juin dernier, devant des cadres de sa famille politique qu\u2019il recevait dans sa ferme de Kingakati, un processus \u00ab&nbsp;frauduleux et chaotique&nbsp;\u00bb. L\u2019ancien pr\u00e9sident de la R\u00e9publique a d\u00e9j\u00e0 appel\u00e9 au boycott des op\u00e9rations d\u2019enregistrement des \u00e9lecteurs, faute d\u2019avoir obtenu des changements dans la composition de la Ceni et au sein de la Cour constitutionnelle, qu\u2019il soup\u00e7onne de partialit\u00e9. Celui qui a r\u00e9gn\u00e9 sur la RDC durant dix-huit ans sait mieux que quiconque le r\u00f4le crucial que jouent ces deux organes dans le verdict \u00e9lectoral. C\u2019est pour cela qu\u2019il en a appel\u00e9 \u00e0 \u00ab&nbsp;la dignit\u00e9&nbsp;\u00bb du reste de l\u2019opposition, exhortant ses membres \u00e0 ne pas s\u2019engager dans des \u00e9lections qui \u00ab&nbsp;embraseront&nbsp;\u00bb le pays.<\/p>\n\n\n\n<h2 class=\"wp-block-heading\">Fayulu candidat ?<\/h2>\n\n\n\n<p>\u00ab&nbsp;Les vrais opposants, ce sont le FCC de Joseph Kabila et la coalition Lamuka de Martin Fayulu. Les autres veulent cr\u00e9dibiliser ces \u00e9lections&nbsp;\u00bb, affirme Ferdinand Kambere, le secr\u00e9taire permanent du Parti du peuple pour la reconstruction et la d\u00e9mocratie (PPRD, membre du FCC).<\/p>\n\n\n\n<p>Si Ferdinand Kambere&nbsp;<a href=\"https:\/\/www.jeuneafrique.com\/1347640\/politique\/rdc-le-jour-ou-on-ma-vole-la-victoire-par-martin-fayulu\/\">cite Martin Fayulu,<\/a>&nbsp;c\u2019est parce que lui aussi s\u2019est jusqu\u2019\u00e0 pr\u00e9sent mis en retrait du processus, r\u00e9clamant un nouvel audit du fichier \u00e9lectoral. Candidat malheureux \u00e0 la pr\u00e9sidentielle de 2018 face \u00e0 F\u00e9lix Tshisekedi, il a \u2013 en partie \u2013 mis sa menace a ex\u00e9cution en ne pr\u00e9sentant pas de listes aux l\u00e9gislatives, aux provinciales et aux municipales qui sont elles aussi organis\u00e9es le 20 d\u00e9cembre. Mais, selon nos informations, il n\u2019a pas renonc\u00e9 \u00e0 briguer la magistrature supr\u00eame.\u00c0 LIRE<a href=\"https:\/\/www.jeuneafrique.com\/1459357\/politique\/en-rdc-lopposition-et-la-ceni-peuvent-elles-trouver-un-compromis\/\">En RDC, l\u2019opposition et la Ceni peuvent-elles trouver un compromis ?<\/a><\/p>\n\n\n\n<p>Pourrait-il le faire sans se renier ? \u00c0 d\u00e9faut d\u2019un nouvel audit du fichier \u00e9lectoral (la Ceni l\u2019a en effet refus\u00e9), le pr\u00e9sident du parti Engagement pour la citoyennet\u00e9 et le d\u00e9veloppement (ECiD\u00e9) pourrait accepter de participer \u00e0 un scrutin qui se d\u00e9roulerait sous la surveillance d\u2019une mission d\u2019observation des \u00c9glises catholique et&nbsp;protestante,&nbsp;selon une source interne. Il mise aussi sur la possible pr\u00e9sence des observateurs de l\u2019Union europ\u00e9enne, absents lors de deux derni\u00e8res \u00e9lections g\u00e9n\u00e9rales.<\/p>\n\n\n\n<h2 class=\"wp-block-heading\">Dissensions internes<\/h2>\n\n\n\n<p>Mais en interne, la d\u00e9cision de boycotter les scrutins locaux a fait des d\u00e9g\u00e2ts. Deux de ses d\u00e9put\u00e9s \u2013 Ado Ndombasi et Jean-Bosco Mambo Katunda \u2013 ont d\u2019ailleurs claqu\u00e9 la porte d\u2019ECiD\u00e9 et pr\u00e9sent\u00e9 leur candidature sur la liste de l\u2019Alliance des Congolais pour la refondation de la nation (ACRN),&nbsp;<a href=\"https:\/\/www.jeuneafrique.com\/1410665\/politique\/denis-mukwege-le-gout-du-risque\/\">un regroupement politique pro-Denis Mukwege.<\/a><\/p>\n\n\n\n<p>Recal\u00e9 par la Ceni pour non-respect du seuil de repr\u00e9sentativit\u00e9 pour les l\u00e9gislatives (seuil fix\u00e9 \u00e0 290 candidats), ce regroupement a \u00e9t\u00e9 rep\u00each\u00e9 par la Cour constitutionnelle le 30 ao\u00fbt et voudrait faire&nbsp;<a href=\"https:\/\/www.jeuneafrique.com\/770062\/politique\/tribune-dans-la-nuit-de-la-folie-des-hommes-denis-mukwege-remet-de-la-lumiere\/\">du prix Nobel de la paix<\/a>&nbsp;son candidat \u00e0 la pr\u00e9sidentielle. Denis Mukwege ne s\u2019est toutefois pas prononc\u00e9 sur la question, esp\u00e9rant au pr\u00e9alable des garanties en mati\u00e8re d\u2019organisation des \u00e9lections. Et en attendant, il ne rate pas une occasion de critiquer le pouvoir en place.\u00c0 LIRE<a href=\"https:\/\/www.jeuneafrique.com\/1479112\/politique\/tshisekedi-rouvre-les-rues-autour-de-la-residence-de-kabila\/\">Tshisekedi rouvre les rues autour de la r\u00e9sidence de Kabila<\/a><\/p>\n\n\n\n<p>Contrairement \u00e0 Joseph Kabila et Martin Fayulu, Mo\u00efse Katumbi veut lui aller jusqu\u2019au bout, malgr\u00e9 ses doutes sur la cr\u00e9dibilit\u00e9 du processus. Forc\u00e9 \u00e0 l\u2019exil en raison de poursuites judiciaires sous la pr\u00e9c\u00e9dente administration, emp\u00each\u00e9 de se pr\u00e9senter en 2018, il sait que la politique de la chaise vide ne paiera pas face \u00e0 F\u00e9lix Tshisekedi.<\/p>\n\n\n\n<p>\u00ab&nbsp;Aux tricheurs et aux fraudeurs, nous ne c\u00e9derons rien ! Nous ne sommes pas na\u00effs. Nous les affronterons t\u00eate haute ! Ensemble pour la R\u00e9publique et ses alli\u00e9s pr\u00e9senteront des listes \u00e0 tous les niveaux. Jusqu\u2019au bout nous lutterons pour des \u00e9lections d\u00e9mocratiques et inclusives, et nous vaincrons&nbsp;!&nbsp;\u00bb, a pr\u00e9venu sur X (anciennement Twitter) son porte-parole, Olivier Kamitatu.\u00c0 LIRE<a href=\"https:\/\/www.jeuneafrique.com\/1436313\/politique\/en-rdc-adolphe-muzito-joue-gros\/\">En RDC, Adolphe Muzito joue gros<\/a><\/p>\n\n\n\n<p>Une approche que partagent Delly Sesanga et Adolphe Muzito, qui pr\u00e9parent \u00e9galement leur candidature. Muzito, qui disait refuser de s\u2019accommoder du fait que les \u00e9lections ne puissent pas se tenir dans les territoires de Rutshuru, de Masisi (Nord-Kivu)&nbsp;<a href=\"https:\/\/www.jeuneafrique.com\/1446880\/politique\/le-jaccuse-des-eveques-congolais-dans-le-mai-ndombe\/\">et de Kwamouth (Ma\u00ef-Ndombe),<\/a>&nbsp;en proie \u00e0 la violence, semble avoir d\u00e9sormais fait le deuil de cette revendication.<\/p>\n\n\n\n<p>\u00c0 trois mois des \u00e9lections, ces divergences d\u2019approche doivent-elles inqui\u00e9ter l\u2019opposition ? Dans une pr\u00e9sidentielle \u00e0 un seul tour, les opposants savent qu\u2019ils auraient tout int\u00e9r\u00eat \u00e0 faire bloc autour d\u2019une candidature commune pour faire face au\u00a0pr\u00e9sident\u00a0sortant.<gwmw style=\"display:none;\"><\/gwmw><\/p>\n<div style=\"text-align:center\" class=\"wps-pgfw-pdf-generate-icon__wrapper-frontend\">\n\t\t<a href=\"https:\/\/congokin.blog?action=genpdf&amp;id=12570\" class=\"pgfw-single-pdf-download-button\" ><img src=\"https:\/\/congokin.blog\/wp-content\/plugins\/pdf-generator-for-wp\/admin\/src\/images\/PDF_Tray.svg\" title=\"G\u00e9n\u00e9rer un PDF\" style=\"width:auto; height:45px;\"><\/a>\n\t\t<\/div>","protected":false},"excerpt":{"rendered":"<p>POLITIQUE Pr\u00e9sidentielle en RDC\u00a0: y aller ou pas\u00a0? Le dilemme de l\u2019opposition Si Mo\u00efse Katumbi a annonc\u00e9 son intention de se porter candidat face \u00e0 F\u00e9lix Tshisekedi, Joseph Kabila a d\u00e9j\u00e0 fait part de sa volont\u00e9 de boycotter l\u2019\u00e9lection, tandis que Martin Fayulu et Denis Mukwege h\u00e9sitent encore. 14 septembre 2023 \u00e0 19:19 Par&nbsp;Socrate Nsimba [&hellip;]<\/p>\n","protected":false},"author":8,"featured_media":0,"comment_status":"open","ping_status":"closed","sticky":false,"template":"","format":"standard","meta":{"footnotes":""},"categories":[7,8],"tags":[],"class_list":["post-12570","post","type-post","status-publish","format-standard","hentry","category-politique","category-societe"],"_links":{"self":[{"href":"https:\/\/congokin.blog\/index.php?rest_route=\/wp\/v2\/posts\/12570","targetHints":{"allow":["GET"]}}],"collection":[{"href":"https:\/\/congokin.blog\/index.php?rest_route=\/wp\/v2\/posts"}],"about":[{"href":"https:\/\/congokin.blog\/index.php?rest_route=\/wp\/v2\/types\/post"}],"author":[{"embeddable":true,"href":"https:\/\/congokin.blog\/index.php?rest_route=\/wp\/v2\/users\/8"}],"replies":[{"embeddable":true,"href":"https:\/\/congokin.blog\/index.php?rest_route=%2Fwp%2Fv2%2Fcomments&post=12570"}],"version-history":[{"count":1,"href":"https:\/\/congokin.blog\/index.php?rest_route=\/wp\/v2\/posts\/12570\/revisions"}],"predecessor-version":[{"id":12571,"href":"https:\/\/congokin.blog\/index.php?rest_route=\/wp\/v2\/posts\/12570\/revisions\/12571"}],"wp:attachment":[{"href":"https:\/\/congokin.blog\/index.php?rest_route=%2Fwp%2Fv2%2Fmedia&parent=12570"}],"wp:term":[{"taxonomy":"category","embeddable":true,"href":"https:\/\/congokin.blog\/index.php?rest_route=%2Fwp%2Fv2%2Fcategories&post=12570"},{"taxonomy":"post_tag","embeddable":true,"href":"https:\/\/congokin.blog\/index.php?rest_route=%2Fwp%2Fv2%2Ftags&post=12570"}],"curies":[{"name":"wp","href":"https:\/\/api.w.org\/{rel}","templated":true}]}}