{"id":12572,"date":"2023-09-18T19:49:40","date_gmt":"2023-09-18T19:49:40","guid":{"rendered":"https:\/\/congokin.blog\/?p=12572"},"modified":"2023-09-18T19:49:41","modified_gmt":"2023-09-18T19:49:41","slug":"stanis-bujakera-tshiamala-maintenu-en-detention","status":"publish","type":"post","link":"https:\/\/congokin.blog\/?p=12572","title":{"rendered":"Stanis Bujakera Tshiamala maintenu en d\u00e9tention"},"content":{"rendered":"\n<p>POLITIQUE<\/p>\n\n\n\n<h1 class=\"wp-block-heading\">Stanis Bujakera Tshiamala maintenu en d\u00e9tention<\/h1>\n\n\n\n<h2 class=\"wp-block-heading\">Notre correspondant \u00e0 Kinshasa, en RDC, se trouve d\u00e9sormais en d\u00e9tention pr\u00e9ventive \u00e0 la prison de Makala, sa demande de remise en libert\u00e9 ayant \u00e9t\u00e9 rejet\u00e9e. Jeune Afrique d\u00e9nonce une atteinte grave \u00e0 la libert\u00e9 de la presse.<\/h2>\n\n\n\n<p>16 septembre 2023 \u00e0 10:18<\/p>\n\n\n\n<p>Par&nbsp;<em>Jeune Afrique<\/em><\/p>\n\n\n\n<p>Mis \u00e0 jour le 16 septembre 2023 \u00e0 10:22<\/p>\n\n\n\n<figure class=\"wp-block-image is-style-zoooom\"><img decoding=\"async\" src=\"https:\/\/prod.cdn-medias.jeuneafrique.com\/cdn-cgi\/image\/q=100,f=auto,metadata=none,width=1256,height=628\/https:\/\/prod.cdn-medias.jeuneafrique.com\/medias\/2023\/09\/09\/stan-1256x628-1694600412.jpeg\" alt=\"\"\/><figcaption class=\"wp-element-caption\">Le journaliste congolais Stanis Bujakera Tshiamala. \u00a9 DR<\/figcaption><\/figure>\n\n\n\n<p>La justice congolaise a confirm\u00e9, ce vendredi 15 septembre, le maintien en d\u00e9tention de notre correspondant \u00e0 Kinshasa, Stanis Bujakera Tshiamala. La demande de remise en libert\u00e9 provisoire, qui avait \u00e9t\u00e9 d\u00e9pos\u00e9e en d\u00e9but de semaine par ses avocats, a \u00e9galement \u00e9t\u00e9 rejet\u00e9e. Ses conseils ont annonc\u00e9 leur intention de faire appel.<\/p>\n\n\n\n<p>\u00c9galement&nbsp;directeur&nbsp;adjoint du site Actualite.cd, Stanis Bujakera Tshiamala&nbsp;<a href=\"https:\/\/www.jeuneafrique.com\/1483028\/politique\/rdc-stanis-bujakera-tshiamala-a-ete-transfere-a-la-prison-de-makala\/\">avait \u00e9t\u00e9 transf\u00e9r\u00e9, jeudi 14 septembre, \u00e0 la prison de Makala,<\/a>&nbsp;apr\u00e8s avoir \u00e9t\u00e9 entendu au commissariat provincial de Kinshasa puis au parquet pendant plusieurs jours.<\/p>\n\n\n\n<p>https:\/\/platform.twitter.com\/embed\/Tweet.html?dnt=true&#038;embedId=twitter-widget-<\/p>\n\n\n\n<p>Arr\u00eat\u00e9 le 8 septembre \u00e0 l\u2019a\u00e9roport de N\u2019Djili alors qu\u2019il s\u2019appr\u00eatait \u00e0 prendre un vol pour Lubumbashi pour des raisons professionnelles, notre confr\u00e8re a \u00e9t\u00e9 questionn\u00e9 sur&nbsp;<a href=\"https:\/\/www.jeuneafrique.com\/1477835\/politique\/mort-de-cherubin-okende-en-rdc-les-renseignements-militaires-ont-ils-joue-un-role\/\">un article publi\u00e9 sur le site de&nbsp;<em>Jeune Afrique<\/em>&nbsp;mais qu\u2019il n\u2019a pas sign\u00e9<\/a>. Ce texte \u00e9voque un rapport de l\u2019Agence nationale de renseignements (ANR) sur les circonstances de la mort de l\u2019ancien ministre Ch\u00e9rubin Okende, tu\u00e9 mi-juillet&nbsp;\u00e0&nbsp;Kinshasa.<\/p>\n\n\n\n<h2 class=\"wp-block-heading\">Multitude de r\u00e9actions<\/h2>\n\n\n\n<p>Selon le gouvernement congolais, qui en conteste l\u2019authenticit\u00e9, ce document est un faux fabriqu\u00e9 dans l\u2019intention de \u00ab&nbsp;discr\u00e9diter l\u2019action gouvernementale&nbsp;\u00bb.\u00c0 LIRE<a href=\"https:\/\/www.jeuneafrique.com\/1482270\/politique\/arreter-un-journaliste-cest-tuer-la-democratie-liberez-stanis-bujakera-tshiamala\/\">Arr\u00eater un journaliste, c\u2019est tuer la d\u00e9mocratie : lib\u00e9rez Stanis Bujakera Tshiamala&nbsp;!<\/a><\/p>\n\n\n\n<p>Quoiqu\u2019ayant ni\u00e9 \u00eatre \u00e0 l\u2019origine de ce rapport, Stanis Bujakera Tshiamala est d\u00e9sormais accus\u00e9 de \u00ab&nbsp;propagation de faux bruits, faux en \u00e9criture et usage de faux, et diffusion d\u2019un faux document&nbsp;\u00bb.<\/p>\n\n\n\n<p><em>Jeune Afrique<\/em>&nbsp;<a href=\"https:\/\/www.jeuneafrique.com\/1482270\/politique\/arreter-un-journaliste-cest-tuer-la-democratie-liberez-stanis-bujakera-tshiamala\/\">d\u00e9nonce une atteinte grave \u00e0 la libert\u00e9 de la presse en RDC<\/a>&nbsp;et demande une lib\u00e9ration imm\u00e9diate de son correspondant, auquel nous r\u00e9it\u00e9rions tout notre soutien et notre confiance.<\/p>\n\n\n\n<p>De nombreuses voix se sont \u00e9lev\u00e9es ces derniers jours en RDC et \u00e0 l\u2019\u00e9tranger pour demander qu\u2019il\u00a0soit\u00a0lib\u00e9r\u00e9.<gwmw style=\"display:none;\"><\/gwmw><\/p>\n<div style=\"text-align:center\" class=\"wps-pgfw-pdf-generate-icon__wrapper-frontend\">\n\t\t<a href=\"https:\/\/congokin.blog?action=genpdf&amp;id=12572\" class=\"pgfw-single-pdf-download-button\" ><img src=\"https:\/\/congokin.blog\/wp-content\/plugins\/pdf-generator-for-wp\/admin\/src\/images\/PDF_Tray.svg\" title=\"G\u00e9n\u00e9rer un PDF\" style=\"width:auto; height:45px;\"><\/a>\n\t\t<\/div>","protected":false},"excerpt":{"rendered":"<p>POLITIQUE Stanis Bujakera Tshiamala maintenu en d\u00e9tention Notre correspondant \u00e0 Kinshasa, en RDC, se trouve d\u00e9sormais en d\u00e9tention pr\u00e9ventive \u00e0 la prison de Makala, sa demande de remise en libert\u00e9 ayant \u00e9t\u00e9 rejet\u00e9e. Jeune Afrique d\u00e9nonce une atteinte grave \u00e0 la libert\u00e9 de la presse. 16 septembre 2023 \u00e0 10:18 Par&nbsp;Jeune Afrique Mis \u00e0 jour [&hellip;]<\/p>\n","protected":false},"author":8,"featured_media":0,"comment_status":"open","ping_status":"closed","sticky":false,"template":"","format":"standard","meta":{"footnotes":""},"categories":[6,7,8],"tags":[],"class_list":["post-12572","post","type-post","status-publish","format-standard","hentry","category-justice","category-politique","category-societe"],"_links":{"self":[{"href":"https:\/\/congokin.blog\/index.php?rest_route=\/wp\/v2\/posts\/12572","targetHints":{"allow":["GET"]}}],"collection":[{"href":"https:\/\/congokin.blog\/index.php?rest_route=\/wp\/v2\/posts"}],"about":[{"href":"https:\/\/congokin.blog\/index.php?rest_route=\/wp\/v2\/types\/post"}],"author":[{"embeddable":true,"href":"https:\/\/congokin.blog\/index.php?rest_route=\/wp\/v2\/users\/8"}],"replies":[{"embeddable":true,"href":"https:\/\/congokin.blog\/index.php?rest_route=%2Fwp%2Fv2%2Fcomments&post=12572"}],"version-history":[{"count":1,"href":"https:\/\/congokin.blog\/index.php?rest_route=\/wp\/v2\/posts\/12572\/revisions"}],"predecessor-version":[{"id":12573,"href":"https:\/\/congokin.blog\/index.php?rest_route=\/wp\/v2\/posts\/12572\/revisions\/12573"}],"wp:attachment":[{"href":"https:\/\/congokin.blog\/index.php?rest_route=%2Fwp%2Fv2%2Fmedia&parent=12572"}],"wp:term":[{"taxonomy":"category","embeddable":true,"href":"https:\/\/congokin.blog\/index.php?rest_route=%2Fwp%2Fv2%2Fcategories&post=12572"},{"taxonomy":"post_tag","embeddable":true,"href":"https:\/\/congokin.blog\/index.php?rest_route=%2Fwp%2Fv2%2Ftags&post=12572"}],"curies":[{"name":"wp","href":"https:\/\/api.w.org\/{rel}","templated":true}]}}