{"id":12574,"date":"2023-09-18T19:51:30","date_gmt":"2023-09-18T19:51:30","guid":{"rendered":"https:\/\/congokin.blog\/?p=12574"},"modified":"2023-09-18T19:51:31","modified_gmt":"2023-09-18T19:51:31","slug":"en-rdc-100-000-dollars-remis-a-denis-mukwege-pour-sa-candidature-a-la-presidentielle","status":"publish","type":"post","link":"https:\/\/congokin.blog\/?p=12574","title":{"rendered":"En RDC, 100 000 dollars remis \u00e0 Denis Mukwege pour sa candidature \u00e0 la pr\u00e9sidentielle"},"content":{"rendered":"\n<h1 class=\"wp-block-heading\">En RDC, 100 000 dollars remis \u00e0 Denis Mukwege pour sa candidature \u00e0 la pr\u00e9sidentielle<\/h1>\n\n\n\n<h2 class=\"wp-block-heading\">Le prix Nobel de la paix 2018, le docteur Denis Mukwege, a indiqu\u00e9 avoir re\u00e7u samedi 16 septembre de ses partisans 100 000 dollars pour une \u00e9ventuelle candidature \u00e0 la pr\u00e9sidentielle du 20 d\u00e9cembre en RDC.<\/h2>\n\n\n\n<p>17 septembre 2023 \u00e0 11:29<\/p>\n\n\n\n<p>Par&nbsp;<em>Jeune Afrique<\/em><\/p>\n\n\n\n<p>Mis \u00e0 jour le 18 septembre 2023 \u00e0 18:30<\/p>\n\n\n\n<figure class=\"wp-block-image is-style-zoooom\"><img decoding=\"async\" src=\"https:\/\/prod.cdn-medias.jeuneafrique.com\/cdn-cgi\/image\/q=100,f=auto,metadata=none,width=1256,height=628\/https:\/\/prod.cdn-medias.jeuneafrique.com\/medias\/2023\/08\/01\/jad20230801-ass-rdc-mukwege-1256x628-1690967347.jpg\" alt=\"\"\/><figcaption class=\"wp-element-caption\">Le m\u00e9decin congolais Denis Mukwege, \u00e0 Paris, le 13 d\u00e9cembre 2022. \u00a9 Vincent Fournier pour JA<\/figcaption><\/figure>\n\n\n\n<p>Venus en nombre jusqu\u2019\u00e0 son h\u00f4pital \u00e0 Bukavu, dans l\u2019est de la RDC, des membres de la soci\u00e9t\u00e9 civile (associations des femmes, organisations locales, syndicats) ont remis \u00e0 Denis Mukwege un ch\u00e8que de 100 000 dollars, montant de la caution n\u00e9cessaire pour pouvoir se pr\u00e9senter \u00e0 la pr\u00e9sidentielle.\u00c0 LIRE<a href=\"https:\/\/www.jeuneafrique.com\/1483554\/politique\/stanis-bujakera-tshiamala-maintenu-en-detention\/\">Stanis Bujakera Tshiamala maintenu en d\u00e9tention<\/a><\/p>\n\n\n\n<p>Sur des banderoles on pouvait lire : \u00ab&nbsp;Dr Denis Mukwege le peuple congolais vous r\u00e9clame&nbsp;\u00bb. Prix Nobel de la paix pour son action en faveur des femmes&nbsp;viol\u00e9es,&nbsp;<a href=\"https:\/\/www.jeuneafrique.com\/1410665\/politique\/denis-mukwege-le-gout-du-risque\/\">Denis Mukwege, 68 ans, n\u2019a cependant pas dit s\u2019il se porterait candidat.<\/a><\/p>\n\n\n\n<h2 class=\"wp-block-heading\">\u00ab&nbsp;Nous sommes balkanis\u00e9s&nbsp;\u00bb<\/h2>\n\n\n\n<p>\u00ab&nbsp;Je connais toute la souffrance que notre population vit au quotidien, [que cette] population soit capable de cotiser 100 000 dollars pour moi, \u00e7a veut dire simplement que vous n\u2019allez plus reculer. Vous \u00eates d\u00e9termin\u00e9s \u00e0 \u00eatre un peuple libre, vous voulez \u00eatre ind\u00e9pendant&nbsp;\u00bb, a-t-il lanc\u00e9 \u00e0 ses partisans. \u00ab&nbsp;Quand le peuple d\u00e9cide de prendre le pouvoir, il n\u2019y a aucun syst\u00e8me qui peut s\u2019opposer&nbsp;\u00bb \u00e0 lui, a-t-il ajout\u00e9.\u00c0 LIRE<a href=\"https:\/\/www.jeuneafrique.com\/1482840\/politique\/presidentielle-en-rdc-y-aller-ou-pas-le-dilemme-de-lopposition\/\">Pr\u00e9sidentielle en RDC&nbsp;: y aller ou pas&nbsp;? Le dilemme de l\u2019opposition<\/a><\/p>\n\n\n\n<p>Le Dr Mukwege, l\u2019une des voix critiques du pouvoir du pr\u00e9sident F\u00e9lix Tshisekedi, a de nouveau vilipend\u00e9 la diplomatie du chef de l\u2019\u00c9tat, lui reprochant notamment d\u2019avoir fait appel \u00e0 des arm\u00e9es d\u2019Afrique de l\u2019Est pour affronter la r\u00e9bellion du M23 qui, avec le soutien du Rwanda selon de nombreuses sources \u2013 ce que Kigali d\u00e9ment -, s\u2019est empar\u00e9 de vastes zones du Nord-Kivu.<\/p>\n\n\n\n<p>\u00ab&nbsp;Nous sommes d\u00e9j\u00e0 balkanis\u00e9s&nbsp;(\u2026)&nbsp;les Burundais contr\u00f4lent toute la plaine de la Ruzizi jusqu\u2019au Haut plateau&nbsp;\u00bb, les r\u00e9gions de \u00ab&nbsp;Rutshuru, Beni, Ituri sont sous le contr\u00f4le des Ougandais, les K\u00e9nyans contr\u00f4lent aussi aujourd\u2019hui toutes nos banques&nbsp;\u00bb, a-t-il dit.<\/p>\n\n\n\n<h2 class=\"wp-block-heading\">Des journalistes arr\u00eat\u00e9s<\/h2>\n\n\n\n<p>La pr\u00e9sidentielle \u00e0 un seul tour est pr\u00e9vue le 20 d\u00e9cembre.&nbsp;<a href=\"https:\/\/www.jeuneafrique.com\/personnalites\/felix-tshisekedi\/\">F\u00e9lix Tshisekedi<\/a>, au pouvoir depuis janvier 2019, est candidat \u00e0 un second mandat de cinq ans. Les candidats&nbsp;<a href=\"https:\/\/www.jeuneafrique.com\/1479163\/politique\/en-rdc-des-elections-le-20-decembre-vaille-que-vaille\/\">\u00e0 la magistrature supr\u00eame ont jusqu\u2019au 8 octobre pour s\u2019inscrire.<\/a>\u00c0 LIRE<a href=\"https:\/\/www.jeuneafrique.com\/1482270\/politique\/arreter-un-journaliste-cest-tuer-la-democratie-liberez-stanis-bujakera-tshiamala\/\">Arr\u00eater un journaliste, c\u2019est tuer la d\u00e9mocratie : lib\u00e9rez Stanis Bujakera Tshiamala&nbsp;!<\/a><\/p>\n\n\n\n<p>Le climat politique est tendu \u00e0 trois mois du scrutin. Des poursuites et arrestations des membres de l\u2019opposition et des journalistes se multiplient dans le pays. Au moins trois journalistes,<a href=\"https:\/\/www.jeuneafrique.com\/1483554\/politique\/stanis-bujakera-tshiamala-maintenu-en-detention\/\">\u00a0dont Stanis Bujakera Tshiamala, le correspondant de\u00a0<em>Jeune Afrique<\/em>, ont \u00e9t\u00e9 interpell\u00e9s<\/a>\u00a0ou plac\u00e9s en d\u00e9tention ces derniers jours.\u00a0<em>Jeune Afrique<\/em>\u00a0d\u00e9nonce une atteinte grave \u00e0 la libert\u00e9 de la presse en RDC et demande sa\u00a0lib\u00e9ration\u00a0imm\u00e9diate.<gwmw style=\"display:none;\"><\/gwmw><\/p>\n<div style=\"text-align:center\" class=\"wps-pgfw-pdf-generate-icon__wrapper-frontend\">\n\t\t<a href=\"https:\/\/congokin.blog?action=genpdf&amp;id=12574\" class=\"pgfw-single-pdf-download-button\" ><img src=\"https:\/\/congokin.blog\/wp-content\/plugins\/pdf-generator-for-wp\/admin\/src\/images\/PDF_Tray.svg\" title=\"G\u00e9n\u00e9rer un PDF\" style=\"width:auto; height:45px;\"><\/a>\n\t\t<\/div>","protected":false},"excerpt":{"rendered":"<p>En RDC, 100 000 dollars remis \u00e0 Denis Mukwege pour sa candidature \u00e0 la pr\u00e9sidentielle Le prix Nobel de la paix 2018, le docteur Denis Mukwege, a indiqu\u00e9 avoir re\u00e7u samedi 16 septembre de ses partisans 100 000 dollars pour une \u00e9ventuelle candidature \u00e0 la pr\u00e9sidentielle du 20 d\u00e9cembre en RDC. 17 septembre 2023 \u00e0 [&hellip;]<\/p>\n","protected":false},"author":8,"featured_media":0,"comment_status":"open","ping_status":"closed","sticky":false,"template":"","format":"standard","meta":{"footnotes":""},"categories":[7,8],"tags":[],"class_list":["post-12574","post","type-post","status-publish","format-standard","hentry","category-politique","category-societe"],"_links":{"self":[{"href":"https:\/\/congokin.blog\/index.php?rest_route=\/wp\/v2\/posts\/12574","targetHints":{"allow":["GET"]}}],"collection":[{"href":"https:\/\/congokin.blog\/index.php?rest_route=\/wp\/v2\/posts"}],"about":[{"href":"https:\/\/congokin.blog\/index.php?rest_route=\/wp\/v2\/types\/post"}],"author":[{"embeddable":true,"href":"https:\/\/congokin.blog\/index.php?rest_route=\/wp\/v2\/users\/8"}],"replies":[{"embeddable":true,"href":"https:\/\/congokin.blog\/index.php?rest_route=%2Fwp%2Fv2%2Fcomments&post=12574"}],"version-history":[{"count":1,"href":"https:\/\/congokin.blog\/index.php?rest_route=\/wp\/v2\/posts\/12574\/revisions"}],"predecessor-version":[{"id":12575,"href":"https:\/\/congokin.blog\/index.php?rest_route=\/wp\/v2\/posts\/12574\/revisions\/12575"}],"wp:attachment":[{"href":"https:\/\/congokin.blog\/index.php?rest_route=%2Fwp%2Fv2%2Fmedia&parent=12574"}],"wp:term":[{"taxonomy":"category","embeddable":true,"href":"https:\/\/congokin.blog\/index.php?rest_route=%2Fwp%2Fv2%2Fcategories&post=12574"},{"taxonomy":"post_tag","embeddable":true,"href":"https:\/\/congokin.blog\/index.php?rest_route=%2Fwp%2Fv2%2Ftags&post=12574"}],"curies":[{"name":"wp","href":"https:\/\/api.w.org\/{rel}","templated":true}]}}