{"id":12582,"date":"2023-09-19T17:48:03","date_gmt":"2023-09-19T17:48:03","guid":{"rendered":"https:\/\/congokin.blog\/?p=12582"},"modified":"2023-09-19T17:48:03","modified_gmt":"2023-09-19T17:48:03","slug":"denis-mukwege-bientot-au-chevet-de-la-rdc","status":"publish","type":"post","link":"https:\/\/congokin.blog\/?p=12582","title":{"rendered":"Denis Mukwege bient\u00f4t au chevet de la RDC\u00a0?"},"content":{"rendered":"\n<h1 class=\"wp-block-heading\">Denis Mukwege bient\u00f4t au chevet de la RDC&nbsp;?<\/h1>\n\n\n\n<h2 class=\"wp-block-heading\">\u00c0 trois mois de l\u2019\u00e9lection pr\u00e9sidentielle, le c\u00e9l\u00e8bre gyn\u00e9cologue congolais, prix Nobel de la paix, entretient toujours le suspense sur son \u00e9ventuelle candidature.<\/h2>\n\n\n\n<p>Mis \u00e0 jour le 19 septembre 2023 \u00e0 16:12<\/p>\n\n\n\n<figure class=\"wp-block-image is-style-zoooom\"><img decoding=\"async\" src=\"https:\/\/prod.cdn-medias.jeuneafrique.com\/cdn-cgi\/image\/q=100,f=auto,metadata=none,width=129,height=129\/https:\/\/prod.cdn-medias.jeuneafrique.com\/medias\/2021\/05\/18\/gf_edito_autocaricature_bis-1-200x200.jpg\" alt=\"Damien Glez\"\/><\/figure>\n\n\n\n<p>Par&nbsp;<strong><em>Damien Glez<\/em><\/strong><\/p>\n\n\n\n<p>Dessinateur et \u00e9ditorialiste franco-burkinab\u00e8.<\/p>\n\n\n\n<figure class=\"wp-block-image is-style-zoooom\"><img decoding=\"async\" src=\"https:\/\/prod.cdn-medias.jeuneafrique.com\/cdn-cgi\/image\/q=100,f=auto,metadata=none,width=1256,height=628\/https:\/\/prod.cdn-medias.jeuneafrique.com\/medias\/2023\/09\/19\/thumbnail_rdc_mukwege_candidat_1256-1256x628-1695126632.jpeg\" alt=\"\"\/><figcaption class=\"wp-element-caption\">\u00a9 Glez<\/figcaption><\/figure>\n\n\n\n<p>Bien malin celui qui peut entrer dans la t\u00eate du prix Nobel de la paix 2018. Alors que la RDC entame le dernier trimestre qui conduit aux \u00e9lections du 20 d\u00e9cembre 2023,&nbsp;<a href=\"https:\/\/www.jeuneafrique.com\/1410665\/politique\/denis-mukwege-le-gout-du-risque\/\">Denis Mukwege<\/a>&nbsp;n\u2019a pas encore annonc\u00e9 s\u2019il sera, ou non, sur la ligne de d\u00e9part de la campagne pr\u00e9sidentielle. Si l\u2019hypoth\u00e8se se murmure, c\u2019est que de nombreux signes ont \u00e9t\u00e9 \u00e9mis, tant par le c\u00e9l\u00e8bre gyn\u00e9cologue lui-m\u00eame que par une kyrielle de soutiens connus ou anonymes.\u00c0 LIRE<a href=\"https:\/\/www.jeuneafrique.com\/1482840\/politique\/presidentielle-en-rdc-y-aller-ou-pas-le-dilemme-de-lopposition\/\">Pr\u00e9sidentielle en RDC&nbsp;: y aller ou pas&nbsp;? Le dilemme de l\u2019opposition<\/a><\/p>\n\n\n\n<p>D\u00e8s le mois de juin 2022, un collectif d\u2019intellectuels avait interpell\u00e9 le fondateur de l\u2019h\u00f4pital&nbsp;Panzi&nbsp;de Bukavu pour qu\u2019il soit \u00ab&nbsp;l\u2019ultime recours&nbsp;\u00bb du prochain scrutin supr\u00eame. Au cours de ces quinze derniers mois, diverses entit\u00e9s de la soci\u00e9t\u00e9 civile se sont jointes \u00e0 la tribune originelle. De son c\u00f4t\u00e9, Mukwege n\u2019est jamais avare de critiques tr\u00e8s politiques envers le r\u00e9gime de F\u00e9lix Tshisekedi, le pr\u00e9sident en exercice et candidat \u00e0 sa succession. \u00c9voquant notamment l\u2019influence de pays voisins \u2013 Burundi, Rwanda ou Ouganda \u2013, il d\u00e9nonce une \u00ab&nbsp;balkanisation&nbsp;\u00bb de son pays.<\/p>\n\n\n\n<h2 class=\"wp-block-heading\">Le silence, un choix strat\u00e9gique ?<\/h2>\n\n\n\n<p>Alors que les ambitieux se bousculent dans l\u2019opposition, l\u2019\u00e9ventualit\u00e9 de la candidature du m\u00e9decin pose deux questions : pour quel programme politique et avec quels moyens ? \u00c0 la premi\u00e8re, le politologue pro-Mukwege, Alphonse Maindo, r\u00e9pond que les id\u00e9es visionnaires ne manquent pas et qu\u2019elles ont d\u00e9j\u00e0 \u00e9t\u00e9 organis\u00e9es autour de \u00ab&nbsp;12 piliers&nbsp;\u00bb. \u00c0 la seconde, un collectif d\u2019associations de femmes, d\u2019organisations de Bukavu et de syndicats r\u00e9pond qu\u2019il a remis \u00e0 son h\u00e9ros, samedi 16&nbsp;septembre,&nbsp;<a href=\"https:\/\/www.jeuneafrique.com\/1483592\/politique\/en-rdc-100-000-dollars-remis-a-denis-mukwege-pour-sa-candidature-a-la-presidentielle\/\">un ch\u00e8que du montant de la caution n\u00e9cessaire pour pouvoir se pr\u00e9senter \u00e0 la pr\u00e9sidentielle<\/a>. Sur des banderoles figurait ce message explicite : \u00ab&nbsp;Dr Denis Mukwege, le peuple congolais vous r\u00e9clame.&nbsp;\u00bb<\/p>\n\n\n\n<blockquote class=\"wp-block-quote is-layout-flow wp-block-quote-is-layout-flow\">\n<p>QUAND LE PEUPLE&nbsp;D\u00c9CIDE&nbsp;DE PRENDRE LE POUVOIR, IL N\u2019Y A AUCUN SYST\u00c8ME QUI PEUT S\u2019OPPOSER<\/p>\n<\/blockquote>\n\n\n\n<p>Comment alors expliquer l\u2019absence de r\u00e9ponse du prix Nobel ? Peut-\u00eatre h\u00e9site-t-il ? Alors qu\u2019en d\u00e9mocratie, les favoris ne sont pas toujours les \u00e9lus, la RDC ne dispose que de peu de sondages fiables pour \u00e9valuer les intentions de vote, encore moins d\u2019\u00e9valuations prenant en compte la candidature \u00e9ventuelle du m\u00e9decin. Par ailleurs, le candidat potentiel sait que, dans un pays \u00e0 l\u2019opposition \u00e9miett\u00e9e, une \u00e9lection \u00e0 un seul tour est difficile \u00e0 gagner et que les passages au pouvoir de membres de la soci\u00e9t\u00e9 civile ont souvent \u00e9corn\u00e9 leur r\u00e9putation. Ses proches feraient-ils donc preuve d\u2019activisme par simple m\u00e9thode Cou\u00e9 ?\u00c0 LIRE<a href=\"https:\/\/www.jeuneafrique.com\/1469367\/politique\/presidentielle-en-rdc-les-grandes-manoeuvres-des-soutiens-de-denis-mukwege\/\">Pr\u00e9sidentielle en RDC : les grandes man\u0153uvres des soutiens de Denis Mukwege<\/a><\/p>\n\n\n\n<p>Ce 16 septembre, le m\u00e9decin de 68 ans affirmait : \u00ab\u00a0Quand le peuple d\u00e9cide de prendre le pouvoir, il n\u2019y a aucun syst\u00e8me qui peut s\u2019opposer.\u00a0\u00bb Si Denis Mukwege est d\u00e9cid\u00e9 \u00e0 s\u2019engager sur le terrain \u00e9lectoral, son silence est peut-\u00eatre un choix strat\u00e9gique destin\u00e9 \u00e0 \u00e9viter l\u2019essoufflement d\u2019une campagne. De toute fa\u00e7on, de buzz en teasers, il devra se positionner d\u2019ici au 8 octobre, date butoir pour les d\u00e9clarations des pr\u00e9tendants \u00e0 la\u00a0magistrature\u00a0supr\u00eame\u2026<gwmw style=\"display:none;\"><\/gwmw><\/p>\n<div style=\"text-align:center\" class=\"wps-pgfw-pdf-generate-icon__wrapper-frontend\">\n\t\t<a href=\"https:\/\/congokin.blog?action=genpdf&amp;id=12582\" class=\"pgfw-single-pdf-download-button\" ><img src=\"https:\/\/congokin.blog\/wp-content\/plugins\/pdf-generator-for-wp\/admin\/src\/images\/PDF_Tray.svg\" title=\"G\u00e9n\u00e9rer un PDF\" style=\"width:auto; height:45px;\"><\/a>\n\t\t<\/div>","protected":false},"excerpt":{"rendered":"<p>Denis Mukwege bient\u00f4t au chevet de la RDC&nbsp;? \u00c0 trois mois de l\u2019\u00e9lection pr\u00e9sidentielle, le c\u00e9l\u00e8bre gyn\u00e9cologue congolais, prix Nobel de la paix, entretient toujours le suspense sur son \u00e9ventuelle candidature. Mis \u00e0 jour le 19 septembre 2023 \u00e0 16:12 Par&nbsp;Damien Glez Dessinateur et \u00e9ditorialiste franco-burkinab\u00e8. Bien malin celui qui peut entrer dans la t\u00eate [&hellip;]<\/p>\n","protected":false},"author":8,"featured_media":0,"comment_status":"open","ping_status":"closed","sticky":false,"template":"","format":"standard","meta":{"footnotes":""},"categories":[7,8],"tags":[],"class_list":["post-12582","post","type-post","status-publish","format-standard","hentry","category-politique","category-societe"],"_links":{"self":[{"href":"https:\/\/congokin.blog\/index.php?rest_route=\/wp\/v2\/posts\/12582","targetHints":{"allow":["GET"]}}],"collection":[{"href":"https:\/\/congokin.blog\/index.php?rest_route=\/wp\/v2\/posts"}],"about":[{"href":"https:\/\/congokin.blog\/index.php?rest_route=\/wp\/v2\/types\/post"}],"author":[{"embeddable":true,"href":"https:\/\/congokin.blog\/index.php?rest_route=\/wp\/v2\/users\/8"}],"replies":[{"embeddable":true,"href":"https:\/\/congokin.blog\/index.php?rest_route=%2Fwp%2Fv2%2Fcomments&post=12582"}],"version-history":[{"count":1,"href":"https:\/\/congokin.blog\/index.php?rest_route=\/wp\/v2\/posts\/12582\/revisions"}],"predecessor-version":[{"id":12583,"href":"https:\/\/congokin.blog\/index.php?rest_route=\/wp\/v2\/posts\/12582\/revisions\/12583"}],"wp:attachment":[{"href":"https:\/\/congokin.blog\/index.php?rest_route=%2Fwp%2Fv2%2Fmedia&parent=12582"}],"wp:term":[{"taxonomy":"category","embeddable":true,"href":"https:\/\/congokin.blog\/index.php?rest_route=%2Fwp%2Fv2%2Fcategories&post=12582"},{"taxonomy":"post_tag","embeddable":true,"href":"https:\/\/congokin.blog\/index.php?rest_route=%2Fwp%2Fv2%2Ftags&post=12582"}],"curies":[{"name":"wp","href":"https:\/\/api.w.org\/{rel}","templated":true}]}}