{"id":12584,"date":"2023-09-20T21:39:30","date_gmt":"2023-09-20T21:39:30","guid":{"rendered":"https:\/\/congokin.blog\/?p=12584"},"modified":"2023-09-20T21:39:30","modified_gmt":"2023-09-20T21:39:30","slug":"felix-tshisekedi-et-stanis-bujakera-tshiamala-le-president-interpelle-a-new-york","status":"publish","type":"post","link":"https:\/\/congokin.blog\/?p=12584","title":{"rendered":"F\u00e9lix Tshisekedi et Stanis Bujakera Tshiamala : le pr\u00e9sident interpell\u00e9 \u00e0 New York"},"content":{"rendered":"\n<p>POLITIQUE<\/p>\n\n\n\n<h1 class=\"wp-block-heading\">F\u00e9lix Tshisekedi et Stanis Bujakera Tshiamala : le pr\u00e9sident interpell\u00e9 \u00e0 New York<\/h1>\n\n\n\n<h2 class=\"wp-block-heading\">Le chef de l\u2019\u00c9tat congolais avait convi\u00e9 la presse \u00e0 un d\u00e9jeuner en marge de l\u2019Assembl\u00e9e g\u00e9n\u00e9rale des Nations Unies. Les discussions ont port\u00e9 sur les liens avec les \u00c9tats-Unis, le Rwanda, mais aussi sur Stanis Bujakera Tshiamala, notre collaborateur en d\u00e9tention.<\/h2>\n\n\n\n<p>20 septembre 2023 \u00e0 17:43<\/p>\n\n\n\n<p>Par&nbsp;<a href=\"https:\/\/www.jeuneafrique.com\/auteurs\/m.laplace\/\">Manon Laplace<\/a><\/p>\n\n\n\n<p>Mis \u00e0 jour le 20 septembre 2023 \u00e0 17:43<\/p>\n\n\n\n<figure class=\"wp-block-image\"><img decoding=\"async\" src=\"https:\/\/prod.cdn-medias.jeuneafrique.com\/cdn-cgi\/image\/q=100,f=auto,metadata=none,width=1256,height=628\/https:\/\/prod.cdn-medias.jeuneafrique.com\/medias\/2023\/08\/18\/jad20230818-ass-rdc-unc-felixtshisekedi-1256x628-1692434384.jpg\" alt=\"\"\/><figcaption class=\"wp-element-caption\">Le pr\u00e9sident F\u00e9lix Tshisekedi est candidat pour un deuxi\u00e8me mandat \u00e0 la pr\u00e9sidentielle du 20 d\u00e9cembre 2023. Ici, en interview \u00e0 Kinshasa le 13 d\u00e9cembre 2019. \u00a9 Robert Carruba pour JA<\/figcaption><\/figure>\n\n\n\n<p>\u00ab Stanis Bujakera, c\u2019est un jeune homme que j\u2019aime bien. Pour la petite histoire, il a couvert notre campagne \u00e9lectorale, il \u00e9tait de tous les combats avec nous, j\u2019ai de la sympathie pour [lui], je regrette ce qui lui arrive, mais je ne peux pas faire entrave \u00e0 la justice et ne pas lui permettre de faire toute la lumi\u00e8re. \u00bb\u00c0 LIRE<a href=\"https:\/\/www.jeuneafrique.com\/1483071\/politique\/non-m-tshisekedi-une-democratie-ne-met-pas-les-journalistes-en-prison-par-anne-kappes-grange\/\">Non, M. Tshisekedi, une d\u00e9mocratie ne met pas les journalistes en prison, par Anne Kapp\u00e8s-Grang\u00e9<\/a><\/p>\n\n\n\n<p>En d\u00e9jeuner face \u00e0 la presse, en marge de la 78e Assembl\u00e9e g\u00e9n\u00e9rale des Nations Unies \u00e0 New York, F\u00e9lix Tshisekedi a \u00e9t\u00e9 interpell\u00e9 par plusieurs journalistes sur le sort de leur confr\u00e8re, Stanis Bujakera Tshiamala. Le Congolais, collaborateur de&nbsp;<em>Jeune Afrique<\/em>, a \u00e9t\u00e9 interpell\u00e9 le 8 septembre&nbsp;<a href=\"https:\/\/www.jeuneafrique.com\/1483028\/politique\/rdc-stanis-bujakera-tshiamala-a-ete-transfere-a-la-prison-de-makala\/\">et transf\u00e9r\u00e9 le 14 \u00e0 la prison de Makala<\/a>.<\/p>\n\n\n\n<h2 class=\"wp-block-heading\">\u00ab Il y aurait un risque qu\u2019il cherche \u00e0 effacer des preuves \u00bb<\/h2>\n\n\n\n<p>Pourquoi la lib\u00e9ration provisoire de notre journaliste a-t-elle \u00e9t\u00e9 rejet\u00e9e par la justice ? \u00ab Il y aurait un risque qu\u2019il cherche \u00e0 effacer des preuves \u00bb, assure une source dans l\u2019entourage du pr\u00e9sident \u00e0&nbsp;<em>Jeune Afrique<\/em>. Le&nbsp;chef&nbsp;de l\u2019\u00c9tat avait un peu plus t\u00f4t r\u00e9it\u00e9r\u00e9 son attachement au principe de s\u00e9paration des pouvoirs. \u00ab Je ne me m\u00eale pas de ce qu\u2019il se passe avec la justice. \u00c9videmment, comme le dit la Constitution, je suis le magistrat supr\u00eame. Sans juger, je peux m\u2019enqu\u00e9rir de certaines situations sans m\u2019immiscer dans les affaires de la justice, surtout lorsque cela suscite des pol\u00e9miques. \u00bb<\/p>\n\n\n\n<p>Il a \u00e9galement balay\u00e9 toute coloration politique que pourrait rev\u00eatir ce dossier. \u00ab Je voudrais ici souligner que jamais, jamais, je ne serai le fossoyeur, l\u2019assassin de mes compatriotes. Je suis venu \u00e0 la t\u00eate de ce pays pour promouvoir les droits et les libert\u00e9s de mes concitoyens. [\u2026] Je suis moi-m\u00eame issu d\u2019un mouvement politique qui a \u00e9norm\u00e9ment souffert de la dictature, de violences, d\u2019arrestations arbitraires. J\u2019en connais les horreurs, je ne peux pas le souhaiter pour un compatriote \u00bb, a-t-il martel\u00e9 depuis New York face \u00e0 la presse congolaise et internationale.<\/p>\n\n\n\n<p>Accus\u00e9 de \u00ab propagation de faux bruits \u00bb et de \u00ab diffusion de fausses nouvelles \u00bb, Stanis Bujakera Tshiamala est pourtant toujours incarc\u00e9r\u00e9 \u00e0 la prison de Makala, \u00e0 Kinshasa. Il est mis en cause en raison&nbsp;<a href=\"https:\/\/www.jeuneafrique.com\/1477835\/politique\/mort-de-cherubin-okende-en-rdc-les-renseignements-militaires-ont-ils-joue-un-role\/\">d\u2019un article publi\u00e9 sur notre site le 31 ao\u00fbt<\/a>&nbsp;et qui ne porte pas sa signature, mais celle de<em>&nbsp;Jeune Afrique<\/em>. Dans l\u2019entourage du pr\u00e9sident, on assure pourtant que le journaliste n\u2019est pas poursuivi pour ce contenu mais pour avoir diffus\u00e9 un document imput\u00e9 \u00e0 l\u2019Agence nationale de renseignement (ANR), lequel serait, selon les autorit\u00e9s qui n\u2019en ont jusqu\u2019ici pas apport\u00e9 la preuve, un faux.<\/p>\n\n\n\n<h2 class=\"wp-block-heading\">Un coupable : le Rwanda<\/h2>\n\n\n\n<p>Le sujet est d\u2019autant plus sensible, a affirm\u00e9 F\u00e9lix Tshisekedi, \u00ab que l\u2019on parle de<a href=\"https:\/\/www.jeuneafrique.com\/1463097\/politique\/en-rdc-cherubin-okende-proche-de-moise-katumbi-retrouve-mort\/\">&nbsp;la mort d\u2019un homme, Ch\u00e9rubin Okende<\/a>, ancien ministre qui a \u00e9t\u00e9 mon collaborateur pendant longtemps, tr\u00e8s appr\u00e9ci\u00e9 d\u2019ailleurs. Il est mort dans des circonstances suspectes, qui jusqu\u2019\u00e0 aujourd\u2019hui ne sont pas encore \u00e9lucid\u00e9es, malgr\u00e9 notre recours \u00e0 des enqu\u00eateurs internationaux, belges, sud-africains, fran\u00e7ais \u00bb. Le pr\u00e9sident a ajout\u00e9 que cette affaire risquait \u00ab de d\u00e9sorienter l\u2019enqu\u00eate et&nbsp;l\u2019opinion&nbsp;\u00bb.\u00c0 LIRE<a href=\"https:\/\/www.jeuneafrique.com\/1464583\/politique\/meurtre-de-cherubin-okende-les-coulisses-dune-enquete-sous-pression\/\">Meurtre de Ch\u00e9rubin Okende : les coulisses d\u2019une enqu\u00eate sous pression<\/a><\/p>\n\n\n\n<p>Il a assur\u00e9 veiller \u00e0 ce que \u00ab les droits \u00bb[des individus interpell\u00e9s] soient respect\u00e9s \u00bb. Renouvelant son attachement au \u00ab quatri\u00e8me pouvoir \u00bb, le Congolais a rappel\u00e9 n\u2019avoir \u00ab rat\u00e9 aucune c\u00e9l\u00e9bration de la journ\u00e9e mondiale de la presse \u00bb depuis son accession \u00e0 la t\u00eate du pays. Il a \u00e9galement jug\u00e9 que sa politique \u00ab vis-\u00e0-vis de la libert\u00e9 de la presse a[vait] permis de gagner en quatre ans, trente places au classement de Reporters sans fronti\u00e8res, une association de cr\u00e9dibilit\u00e9 internationale \u00bb.<\/p>\n\n\n\n<p>C\u2019est pourtant cette m\u00eame association qui r\u00e9clame aujourd\u2019hui sans \u00e9quivoque, tout comme le groupe&nbsp;<em>Jeune Afrique<\/em>, la lib\u00e9ration de Stanis Bujakera Tshiamala. RSF a \u00e9galement indiqu\u00e9 avoir saisi le Groupe de travail sur la d\u00e9tention arbitraire des Nations unies et \u00ab appelle les autorit\u00e9s [de RDC] \u00e0 cesser le harc\u00e8lement des reporters \u00e0 trois mois des \u00e9lections \u00bb<\/p>\n\n\n\n<p><\/p>\n\n\n\n<p>Excluant toute immixtion de l\u2019\u00c9tat dans les affaires de la Justice, F\u00e9lix Tshisekedi a toutefois d\u00e9plor\u00e9 \u00ab les violations dont sont victimes les journalistes \u00e0 l\u2019est du pays \u00e0 cause de la guerre \u00bb, violations sans lesquelles le pr\u00e9sident congolais s\u2019est dit convaincu que la RDC aurait \u00ab fait un bond encore plus impressionnant \u00bb dans le classement de Reporters sans fronti\u00e8res. Le pr\u00e9sident a alors ouvertement mis en cause la responsabilit\u00e9 de son voisin rwandais, responsable selon lui des maux de la presse congolaise constat\u00e9s ces derniers mois.\u00c0 LIRE<a href=\"https:\/\/www.jeuneafrique.com\/1484750\/politique\/en-rdc-des-journalistes-manifestent-pour-la-liberation-de-stanis-bujakera-tshiamala\/\">En RDC, des journalistes manifestent pour la lib\u00e9ration de Stanis Bujakera Tshiamala<\/a><\/p>\n\n\n\n<p>\u00ab\u00a0 Nous sommes dans une situation de guerre, qui nous a \u00e9t\u00e9 impos\u00e9e par notre voisin, le Rwanda \u00bb, a-t-il d\u00e9clar\u00e9. Alors que les chefs d\u2019\u00c9tats rwandais et congolais doivent s\u2019exprimer ce mercredi 20 septembre \u00e0 la tribune des Nations Unies, les deux pays sont \u00e0 couteaux tir\u00e9s. Au sujet du conflit qui fait rage dans l\u2019est du pays,\u00a0<a href=\"https:\/\/www.jeuneafrique.com\/1463536\/politique\/dans-lest-de-la-rdc-le-m23-soupconne-du-meurtre-de-11-civils\/\">men\u00e9 par les rebelles du M23<\/a>, F\u00e9lix Tshisekedi a rejet\u00e9 toute possibilit\u00e9 de dialogue : \u00ab Le M23 est un groupe criminel entra\u00een\u00e9 dans une aventure criminelle amen\u00e9e par le pr\u00e9sident Paul Kagam\u00e9. Pour cela, il n\u2019y aura jamais de n\u00e9gociation avec\u00a0eux.\u00a0\u00bb<gwmw style=\"display:none;\"><\/gwmw><\/p>\n<div style=\"text-align:center\" class=\"wps-pgfw-pdf-generate-icon__wrapper-frontend\">\n\t\t<a href=\"https:\/\/congokin.blog?action=genpdf&amp;id=12584\" class=\"pgfw-single-pdf-download-button\" ><img src=\"https:\/\/congokin.blog\/wp-content\/plugins\/pdf-generator-for-wp\/admin\/src\/images\/PDF_Tray.svg\" title=\"G\u00e9n\u00e9rer un PDF\" style=\"width:auto; height:45px;\"><\/a>\n\t\t<\/div>","protected":false},"excerpt":{"rendered":"<p>POLITIQUE F\u00e9lix Tshisekedi et Stanis Bujakera Tshiamala : le pr\u00e9sident interpell\u00e9 \u00e0 New York Le chef de l\u2019\u00c9tat congolais avait convi\u00e9 la presse \u00e0 un d\u00e9jeuner en marge de l\u2019Assembl\u00e9e g\u00e9n\u00e9rale des Nations Unies. Les discussions ont port\u00e9 sur les liens avec les \u00c9tats-Unis, le Rwanda, mais aussi sur Stanis Bujakera Tshiamala, notre collaborateur en [&hellip;]<\/p>\n","protected":false},"author":9,"featured_media":0,"comment_status":"open","ping_status":"closed","sticky":false,"template":"","format":"standard","meta":{"footnotes":""},"categories":[6,7,8],"tags":[],"class_list":["post-12584","post","type-post","status-publish","format-standard","hentry","category-justice","category-politique","category-societe"],"_links":{"self":[{"href":"https:\/\/congokin.blog\/index.php?rest_route=\/wp\/v2\/posts\/12584","targetHints":{"allow":["GET"]}}],"collection":[{"href":"https:\/\/congokin.blog\/index.php?rest_route=\/wp\/v2\/posts"}],"about":[{"href":"https:\/\/congokin.blog\/index.php?rest_route=\/wp\/v2\/types\/post"}],"author":[{"embeddable":true,"href":"https:\/\/congokin.blog\/index.php?rest_route=\/wp\/v2\/users\/9"}],"replies":[{"embeddable":true,"href":"https:\/\/congokin.blog\/index.php?rest_route=%2Fwp%2Fv2%2Fcomments&post=12584"}],"version-history":[{"count":1,"href":"https:\/\/congokin.blog\/index.php?rest_route=\/wp\/v2\/posts\/12584\/revisions"}],"predecessor-version":[{"id":12585,"href":"https:\/\/congokin.blog\/index.php?rest_route=\/wp\/v2\/posts\/12584\/revisions\/12585"}],"wp:attachment":[{"href":"https:\/\/congokin.blog\/index.php?rest_route=%2Fwp%2Fv2%2Fmedia&parent=12584"}],"wp:term":[{"taxonomy":"category","embeddable":true,"href":"https:\/\/congokin.blog\/index.php?rest_route=%2Fwp%2Fv2%2Fcategories&post=12584"},{"taxonomy":"post_tag","embeddable":true,"href":"https:\/\/congokin.blog\/index.php?rest_route=%2Fwp%2Fv2%2Ftags&post=12584"}],"curies":[{"name":"wp","href":"https:\/\/api.w.org\/{rel}","templated":true}]}}