{"id":12586,"date":"2023-09-20T21:44:37","date_gmt":"2023-09-20T21:44:37","guid":{"rendered":"https:\/\/congokin.blog\/?p=12586"},"modified":"2023-09-20T21:44:37","modified_gmt":"2023-09-20T21:44:37","slug":"en-rdc-des-journalistes-manifestent-pour-la-liberation-de-stanis-bujakera-tshiamala","status":"publish","type":"post","link":"https:\/\/congokin.blog\/?p=12586","title":{"rendered":"En RDC, des journalistes manifestent pour la lib\u00e9ration de Stanis Bujakera Tshiamala"},"content":{"rendered":"\n<h1 class=\"wp-block-heading\">En RDC, des journalistes manifestent pour la lib\u00e9ration de Stanis Bujakera Tshiamala<\/h1>\n\n\n\n<h2 class=\"wp-block-heading\">Aux cris de \u00ab&nbsp;Lib\u00e9rez Bujakera !&nbsp;\u00bb, quelques dizaines de journalistes ont manifest\u00e9 mercredi 20 septembre devant le minist\u00e8re de la Justice \u00e0 Kinshasa pour r\u00e9clamer la lib\u00e9ration du correspondant de Jeune Afrique d\u00e9tenu depuis le 8 septembre.<\/h2>\n\n\n\n<p>20 septembre 2023 \u00e0 14:41<\/p>\n\n\n\n<p>Par&nbsp;<em>Jeune Afrique<\/em><\/p>\n\n\n\n<p>Mis \u00e0 jour le 20 septembre 2023 \u00e0 14:41<\/p>\n\n\n\n<figure class=\"wp-block-image\"><img decoding=\"async\" src=\"https:\/\/prod.cdn-medias.jeuneafrique.com\/cdn-cgi\/image\/q=100,f=auto,metadata=none,width=1256,height=628\/https:\/\/prod.cdn-medias.jeuneafrique.com\/medias\/2023\/09\/13\/jad20230913-stanis-demande-de-liberation-1256x628-1694760294.jpg\" alt=\"\"\/><figcaption class=\"wp-element-caption\">Le journaliste congolais Stanis Bujakera Tshiamala.\u00a9 DR \u00a9 DR<\/figcaption><\/figure>\n\n\n\n<p>\u00ab&nbsp;Stanis Bujakera n\u2019a commis aucune faute, son incarc\u00e9ration est arbitraire !&nbsp;\u00bb, s\u2019est indign\u00e9 Edmond Izuba, porte-parole du Rassemblement des journalistes pour l\u2019\u00e9mergence du Congo (Rajec), organisateur du rassemblement.\u00c0 LIRE<a href=\"https:\/\/www.jeuneafrique.com\/1483071\/politique\/non-m-tshisekedi-une-democratie-ne-met-pas-les-journalistes-en-prison-par-anne-kappes-grange\/\">Non, M. Tshisekedi, une d\u00e9mocratie ne met pas les journalistes en prison, par Anne Kapp\u00e8s-Grang\u00e9<\/a><\/p>\n\n\n\n<p>Stanis Bujakera Tshiamala, \u00e9galement directeur adjoint de publication du site congolais d\u2019information Actualit\u00e9.cd et correspondant \u00e0 Kinshasa de&nbsp;l\u2019agence&nbsp;Reuters, est notamment accus\u00e9 de faux en \u00e9criture et propagation de fausses nouvelles,&nbsp;<a href=\"https:\/\/www.jeuneafrique.com\/1477835\/politique\/mort-de-cherubin-okende-en-rdc-les-renseignements-militaires-ont-ils-joue-un-role\/\">pour un article publi\u00e9 sur le site de&nbsp;<em>Jeune Afrique<\/em>&nbsp;mais qu\u2019il n\u2019a pas sign\u00e9<\/a>. Ce texte \u00e9voque un rapport de l\u2019Agence nationale de renseignement (ANR) sur les circonstances de la mort de l\u2019ancien ministre Ch\u00e9rubin Okende, tu\u00e9 mi-juillet \u00e0 Kinshasa.<\/p>\n\n\n\n<h2 class=\"wp-block-heading\">\u00ab\u00a0Le journalisme n\u2019est pas un crime\u00a0\u00bb<gwmw style=\"display:none;\"><\/gwmw><\/h2>\n\n\n\n<p>Apr\u00e8s plusieurs jours de garde \u00e0 vue et de d\u00e9tention au parquet,\u00a0<a href=\"https:\/\/www.jeuneafrique.com\/1483028\/politique\/rdc-stanis-bujakera-tshiamala-a-ete-transfere-a-la-prison-de-makala\/\">le journaliste est emprisonn\u00e9 depuis jeudi dernier \u00e0 Makala, la grande prison de la capitale<\/a>. \u00c0 l\u2019approche des \u00e9lections pr\u00e9vues le 20\u00a0d\u00e9cembre,\u00a0les autorit\u00e9s \u00ab\u00a0veulent r\u00e9duire au silence Stanis Bujakera, mais aussi les autres journalistes\u00a0\u00bb, a ajout\u00e9 Edmond Izuba. \u00ab\u00a0\u00c7a doit cesser!\u00a0\u00bb, a-t-il lanc\u00e9.<gwmw style=\"display:none;\"><\/gwmw><\/p>\n\n\n\n<p>\u00ab\u00a0Le journalisme n\u2019est pas un crime\u00a0\u00bb, \u00ab\u00a0une presse libre est un symbole de la d\u00e9mocratie\u00a0\u00bb\u2026 clamaient aussi les panonceaux brandis par le petit groupe de manifestants, qui ont remis un m\u00e9morandum au cabinet de la ministre de la Justice pour \u00ab\u00a0exiger la lib\u00e9ration imm\u00e9diate et sans condition\u00a0\u00bb de Stanis Bujakera Tshiamala. S\u2019il reste en d\u00e9tention, le Rajec pr\u00e9voit d\u2019autres actions pour les prochaines semaines, a assur\u00e9\u00a0son\u00a0porte-parole.<gwmw style=\"display:none;\"><\/gwmw><\/p>\n\n\n\n<p><strong>(Avec AFP)<\/strong><gwmw style=\"display:none;\"><\/gwmw><\/p>\n<div style=\"text-align:center\" class=\"wps-pgfw-pdf-generate-icon__wrapper-frontend\">\n\t\t<a href=\"https:\/\/congokin.blog?action=genpdf&amp;id=12586\" class=\"pgfw-single-pdf-download-button\" ><img src=\"https:\/\/congokin.blog\/wp-content\/plugins\/pdf-generator-for-wp\/admin\/src\/images\/PDF_Tray.svg\" title=\"G\u00e9n\u00e9rer un PDF\" style=\"width:auto; height:45px;\"><\/a>\n\t\t<\/div>","protected":false},"excerpt":{"rendered":"<p>En RDC, des journalistes manifestent pour la lib\u00e9ration de Stanis Bujakera Tshiamala Aux cris de \u00ab&nbsp;Lib\u00e9rez Bujakera !&nbsp;\u00bb, quelques dizaines de journalistes ont manifest\u00e9 mercredi 20 septembre devant le minist\u00e8re de la Justice \u00e0 Kinshasa pour r\u00e9clamer la lib\u00e9ration du correspondant de Jeune Afrique d\u00e9tenu depuis le 8 septembre. 20 septembre 2023 \u00e0 14:41 Par&nbsp;Jeune [&hellip;]<\/p>\n","protected":false},"author":9,"featured_media":0,"comment_status":"open","ping_status":"closed","sticky":false,"template":"","format":"standard","meta":{"footnotes":""},"categories":[7,8],"tags":[],"class_list":["post-12586","post","type-post","status-publish","format-standard","hentry","category-politique","category-societe"],"_links":{"self":[{"href":"https:\/\/congokin.blog\/index.php?rest_route=\/wp\/v2\/posts\/12586","targetHints":{"allow":["GET"]}}],"collection":[{"href":"https:\/\/congokin.blog\/index.php?rest_route=\/wp\/v2\/posts"}],"about":[{"href":"https:\/\/congokin.blog\/index.php?rest_route=\/wp\/v2\/types\/post"}],"author":[{"embeddable":true,"href":"https:\/\/congokin.blog\/index.php?rest_route=\/wp\/v2\/users\/9"}],"replies":[{"embeddable":true,"href":"https:\/\/congokin.blog\/index.php?rest_route=%2Fwp%2Fv2%2Fcomments&post=12586"}],"version-history":[{"count":1,"href":"https:\/\/congokin.blog\/index.php?rest_route=\/wp\/v2\/posts\/12586\/revisions"}],"predecessor-version":[{"id":12587,"href":"https:\/\/congokin.blog\/index.php?rest_route=\/wp\/v2\/posts\/12586\/revisions\/12587"}],"wp:attachment":[{"href":"https:\/\/congokin.blog\/index.php?rest_route=%2Fwp%2Fv2%2Fmedia&parent=12586"}],"wp:term":[{"taxonomy":"category","embeddable":true,"href":"https:\/\/congokin.blog\/index.php?rest_route=%2Fwp%2Fv2%2Fcategories&post=12586"},{"taxonomy":"post_tag","embeddable":true,"href":"https:\/\/congokin.blog\/index.php?rest_route=%2Fwp%2Fv2%2Ftags&post=12586"}],"curies":[{"name":"wp","href":"https:\/\/api.w.org\/{rel}","templated":true}]}}