{"id":12592,"date":"2023-09-20T22:14:44","date_gmt":"2023-09-20T22:14:44","guid":{"rendered":"https:\/\/congokin.blog\/?p=12592"},"modified":"2023-09-20T22:16:53","modified_gmt":"2023-09-20T22:16:53","slug":"12592","status":"publish","type":"post","link":"https:\/\/congokin.blog\/?p=12592","title":{"rendered":"D\u00e9claration du pr\u00e9sident Cyril Ramaphosa \u00e0 la 78e session de l&rsquo;Assembl\u00e9e g\u00e9n\u00e9rale des Nations Unies Nations Unies, New York"},"content":{"rendered":"\n<p class=\"has-large-font-size\"><strong>D\u00e9claration du pr\u00e9sident Cyril Ramaphosa \u00e0 la 78e session de l&rsquo;Assembl\u00e9e g\u00e9n\u00e9rale des Nations Unies Nations Unies, New York<\/strong><gwmw style=\"display:none;\"><\/gwmw><\/p>\n\n\n\n<figure class=\"wp-block-image size-full\"><img loading=\"lazy\" decoding=\"async\" width=\"120\" height=\"165\" src=\"https:\/\/congokin.blog\/wp-content\/uploads\/2023\/09\/image-7.png\" alt=\"\" class=\"wp-image-12593\"\/><\/figure>\n\n\n\n<p><strong>Pr\u00e9sident de la 78e session de l&rsquo;Assembl\u00e9e g\u00e9n\u00e9rale des Nations Unies, M. Dennis Francis, Secr\u00e9taire g\u00e9n\u00e9ral des Nations Unies, M. Ant\u00f3nio Guterres,<\/strong><\/p>\n\n\n\n<p><strong>Excellences Mesdames et Messieurs les Chefs d&rsquo;Etat et de Gouvernement, Mesdames et Messieurs,<\/strong><\/p>\n\n\n\n<p class=\"has-pale-cyan-blue-background-color has-background\">Il y a soixante-dix-huit ans, au lendemain de la Seconde Guerre mondiale, les nations du monde ont pris l&rsquo;engagement solennel de pr\u00e9server les g\u00e9n\u00e9rations futures de l&rsquo;horreur et des souffrances de la guerre.<gwmw style=\"display:none;\"><\/gwmw><\/p>\n\n\n\n<p class=\"has-pale-cyan-blue-background-color has-background\">Par le biais de la Charte des Nations Unies, ces nations ont accept\u00e9 un mandat commun pour promouvoir la paix et les droits fondamentaux de l&rsquo;homme, le progr\u00e8s social et un meilleur niveau de vie pour tous.<\/p>\n\n\n\n<p class=\"has-pale-cyan-blue-background-color has-background\">Et pourtant, alors que nous nous r\u00e9unissons ici, une grande partie de l&rsquo;humanit\u00e9 est confront\u00e9e \u00e0 la guerre et aux conflits, au besoin et \u00e0 la faim, \u00e0 la maladie et aux catastrophes environnementales.<\/p>\n\n\n\n<p class=\"has-pale-cyan-blue-background-color has-background\">La solidarit\u00e9 et la confiance entre les \u00c9tats s&rsquo;\u00e9rodent. Les in\u00e9galit\u00e9s, la pauvret\u00e9 et le ch\u00f4mage s&rsquo;aggravent.<\/p>\n\n\n\n<p class=\"has-pale-cyan-blue-background-color has-background\">Dans ces conditions et \u00e0 la suite d&rsquo;une pand\u00e9mie mondiale d\u00e9vastatrice, la r\u00e9alisation des objectifs de d\u00e9veloppement durable semble de plus en plus lointaine.<\/p>\n\n\n\n<p class=\"has-pale-cyan-blue-background-color has-background\">Au moment o\u00f9 tous les efforts humains devraient \u00eatre dirig\u00e9s vers la r\u00e9alisation de l&rsquo;Agenda 2030, notre attention et nos \u00e9nergies ont une fois de plus \u00e9t\u00e9 d\u00e9tourn\u00e9es par le fl\u00e9au de la guerre.<\/p>\n\n\n\n<p class=\"has-pale-cyan-blue-background-color has-background\">Mais ces malheurs, ces divisions, ces probl\u00e8mes apparemment insolubles, peuvent et doivent \u00eatre surmont\u00e9s.<\/p>\n\n\n\n<p class=\"has-pale-cyan-blue-background-color has-background\">Au cours des mill\u00e9naires, la race humaine a d\u00e9montr\u00e9 une \u00e9norme capacit\u00e9 de r\u00e9silience, d&rsquo;adaptation, d&rsquo;innovation, de compassion et de solidarit\u00e9.<\/p>\n\n\n\n<p class=\"has-pale-cyan-blue-background-color has-background\">En ce moment, nous sommes tous appel\u00e9s \u00e0 r\u00e9affirmer ces qualit\u00e9s essentielles qui d\u00e9finissent notre humanit\u00e9 commune.<\/p>\n\n\n\n<p class=\"has-pale-cyan-blue-background-color has-background\">Ces qualit\u00e9s doivent \u00eatre \u00e9videntes dans la fa\u00e7on dont nous travaillons ensemble en tant que communaut\u00e9 mondiale et en tant que nations pour mettre fin \u00e0 la guerre et aux conflits.<\/p>\n\n\n\n<p class=\"has-pale-cyan-blue-background-color has-background\">L&rsquo;Afrique du Sud d\u00e9mocratique a toujours plaid\u00e9 en faveur du dialogue, de la n\u00e9gociation et de la diplomatie pour pr\u00e9venir et mettre fin aux conflits et parvenir \u00e0 une paix durable.<\/p>\n\n\n\n<p class=\"has-pale-cyan-blue-background-color has-background\">Elle s&rsquo;est engag\u00e9e \u00e0 promouvoir les droits de l&rsquo;homme, la dignit\u00e9 humaine, la justice, la d\u00e9mocratie et l&rsquo;adh\u00e9sion \u00e0 la<\/p>\n\n\n\n<p class=\"has-pale-cyan-blue-background-color has-background\">droit international.<\/p>\n\n\n\n<p class=\"has-pale-cyan-blue-background-color has-background\">De l&rsquo;exp\u00e9rience de notre propre parcours de l&rsquo;apartheid \u00e0 la d\u00e9mocratie, nous appr\u00e9cions l&rsquo;importance d&rsquo;engager toutes les parties aux conflits pour parvenir \u00e0 des r\u00e9solutions pacifiques, justes et durables.<\/p>\n\n\n\n<p class=\"has-pale-cyan-blue-background-color has-background\">Ce sont ces principes qui guident la participation de l&rsquo;Afrique du Sud \u00e0 l&rsquo;Initiative de paix africaine, qui vise une r\u00e9solution pacifique du conflit entre la Russie et l&rsquo;Ukraine.<\/p>\n\n\n\n<p class=\"has-pale-cyan-blue-background-color has-background\">Dans ce conflit, comme dans tous les conflits, nous avons insist\u00e9 pour que le principe de la Charte des Nations Unies du respect de l&rsquo;int\u00e9grit\u00e9 territoriale de chaque pays soit maintenu.<\/p>\n\n\n\n<p class=\"has-pale-cyan-blue-background-color has-background\">Notre participation \u00e0 l&rsquo;Initiative de paix pour l&rsquo;Afrique est motiv\u00e9e par le d\u00e9sir de voir mettre fin aux souffrances de ceux qui sont les plus directement touch\u00e9s par le conflit et des millions de personnes sur notre continent et dans le monde qui, du fait du conflit, sont maintenant vuln\u00e9rables \u00e0 l&rsquo;aggravation de la faim et des privations.<\/p>\n\n\n\n<p class=\"has-pale-cyan-blue-background-color has-background\">En tant que communaut\u00e9 internationale, nous devons faire tout ce qui est en notre pouvoir pour permettre un dialogue constructif, tout comme nous devons nous abstenir de toute action qui alimente le conflit.<\/p>\n\n\n\n<p class=\"has-pale-cyan-blue-background-color has-background\">Alors que nous sommes confront\u00e9s \u00e0 d&rsquo;autres conflits dans plusieurs r\u00e9gions du monde, y compris sur notre continent africain, nous devons investir dans la pr\u00e9vention et la consolidation de la paix.<\/p>\n\n\n\n<p class=\"has-pale-cyan-blue-background-color has-background\">Nous appuyons l&rsquo;appel lanc\u00e9 par le Secr\u00e9taire g\u00e9n\u00e9ral de l&rsquo;ONU dans le Nouvel Ordre du jour pour la paix aux \u00c9tats Membres afin qu&rsquo;ils fournissent un financement plus durable et plus pr\u00e9visible aux efforts de consolidation de la paix.<\/p>\n\n\n\n<p class=\"has-pale-cyan-blue-background-color has-background\">En tant que communaut\u00e9 mondiale, nous devrions \u00eatre pr\u00e9occup\u00e9s par les r\u00e9cents incidents de changements anticonstitutionnels de gouvernement dans certaines parties de l&rsquo;Afrique.<\/p>\n\n\n\n<p class=\"has-pale-cyan-blue-background-color has-background\">La communaut\u00e9 internationale doit travailler aux c\u00f4t\u00e9s de l&rsquo;Union africaine pour soutenir les efforts de paix dans l&rsquo;est de la RDC, en Libye, au Soudan, en Somalie, au Mali, en R\u00e9publique centrafricaine, au Soudan du Sud, dans le nord du Mozambique, dans la r\u00e9gion des Grands Lacs, au Sahel, au Niger et dans la Corne de l&rsquo;Afrique.<\/p>\n\n\n\n<p class=\"has-pale-cyan-blue-background-color has-background\">Le Conseil de paix et de s\u00e9curit\u00e9 de l&rsquo;Union africaine a d\u00e9clar\u00e9 qu&rsquo;il \u00e9tait pr\u00eat \u00e0 approfondir sa coop\u00e9ration avec le Conseil de s\u00e9curit\u00e9 de l&rsquo;ONU pour faire taire les armes sur le continent africain et parvenir \u00e0 la paix, \u00e0 la stabilit\u00e9 et au d\u00e9veloppement.<\/p>\n\n\n\n<p class=\"has-pale-cyan-blue-background-color has-background\">Nous sommes appel\u00e9s \u00e0 rester fid\u00e8les aux principes fondateurs des Nations unies, en reconnaissant le droit inali\u00e9nable du peuple du Sahara occidental \u00e0 l&rsquo;autod\u00e9termination conform\u00e9ment aux r\u00e9solutions pertinentes de l&rsquo;Assembl\u00e9e g\u00e9n\u00e9rale des Nations unies.<\/p>\n\n\n\n<p class=\"has-pale-cyan-blue-background-color has-background\">Nous devons \u0153uvrer pour la paix au Moyen-Orient. Tant que la terre des Palestiniens restera occup\u00e9e, tant que leurs droits seront ignor\u00e9s et leur dignit\u00e9 bafou\u00e9e, une telle paix restera hors d&rsquo;atteinte.<\/p>\n\n\n\n<p class=\"has-pale-cyan-blue-background-color has-background\">Les actions du Gouvernement isra\u00e9lien ont mis en p\u00e9ril la possibilit\u00e9 d&rsquo;une solution viable \u00e0 deux \u00c9tats.<\/p>\n\n\n\n<p class=\"has-pale-cyan-blue-background-color has-background\">Les principes de la Charte des Nations unies sur l&rsquo;int\u00e9grit\u00e9 territoriale et sur l&rsquo;interdiction de l&rsquo;annexion de terres par le recours \u00e0 la force doivent \u00eatre appliqu\u00e9s dans cette situation.<\/p>\n\n\n\n<p class=\"has-pale-cyan-blue-background-color has-background\">L&rsquo;Afrique du Sud continue de demander la lev\u00e9e du blocus \u00e9conomique contre Cuba, qui a caus\u00e9 des dommages incalculables \u00e0 l&rsquo;\u00e9conomie et \u00e0 la population du pays.<\/p>\n\n\n\n<p class=\"has-pale-cyan-blue-background-color has-background\">Les sanctions contre le Zimbabwe devraient \u00e9galement \u00eatre lev\u00e9es, car elles imposent des souffrances indicibles aux Zimbabw\u00e9ens ordinaires.<\/p>\n\n\n\n<p class=\"has-pale-cyan-blue-background-color has-background\">Comme de nombreuses personnes dans le monde sont confront\u00e9es \u00e0 la faim et le souhaitent, les qualit\u00e9s humaines essentielles de coop\u00e9ration et de solidarit\u00e9 doivent \u00eatre \u00e9videntes dans les mesures que nous prenons pour combler le foss\u00e9 entre riches et pauvres.<\/p>\n\n\n\n<p class=\"has-pale-cyan-blue-background-color has-background\">Nous devons mobiliser la volont\u00e9 et la d\u00e9termination n\u00e9cessaires pour retrouver l&rsquo;\u00e9lan vers la r\u00e9alisation du Programme 2030.<\/p>\n\n\n\n<p class=\"has-pale-cyan-blue-background-color has-background\">Cela signifie que nous devons relever les d\u00e9fis fondamentaux du d\u00e9veloppement qui caract\u00e9risent depuis longtemps notre monde in\u00e9galitaire.<\/p>\n\n\n\n<p class=\"has-pale-cyan-blue-background-color has-background\">Pour relever les d\u00e9fis de d\u00e9veloppement auxquels sont confront\u00e9es de nombreuses personnes dans le monde, nous avions besoin d&rsquo;investissements cibl\u00e9s, de transferts de technologie et d&rsquo;un soutien au renforcement des capacit\u00e9s, en particulier dans des domaines cl\u00e9s tels que l&rsquo;industrialisation, les infrastructures, l&rsquo;agriculture, l&rsquo;eau, l&rsquo;\u00e9nergie, l&rsquo;\u00e9ducation et la sant\u00e9.<\/p>\n\n\n\n<p class=\"has-pale-cyan-blue-background-color has-background\">Cela n\u00e9cessite \u00e9galement un soutien financier pr\u00e9visible et soutenu, y compris des politiques commerciales favorables, de la part de la communaut\u00e9 internationale.<\/p>\n\n\n\n<p class=\"has-pale-cyan-blue-background-color has-background\">Nous appelons nos partenaires des pays riches \u00e0 respecter les engagements financiers qu&rsquo;ils ont pris.<\/p>\n\n\n\n<p class=\"has-pale-cyan-blue-background-color has-background\">Il est tr\u00e8s pr\u00e9occupant que ces pays riches n&rsquo;aient pas respect\u00e9 leurs engagements de mobiliser 100 milliards de dollars par an pour que les \u00e9conomies en d\u00e9veloppement prennent des mesures pour le climat.<\/p>\n\n\n\n<p class=\"has-pale-cyan-blue-background-color has-background\">Nous appuyons les propositions \u00e9nonc\u00e9es dans la Relance des objectifs de d\u00e9veloppement durable du Secr\u00e9taire g\u00e9n\u00e9ral.<\/p>\n\n\n\n<p class=\"has-pale-cyan-blue-background-color has-background\">En particulier, nous appuyons l&rsquo;appel \u00e0 s&rsquo;attaquer \u00e0 la dette et au surendettement, \u00e0 augmenter massivement le financement \u00e0 long terme abordable \u00e0 500 milliards de dollars par an et \u00e0 \u00e9tendre le financement d&rsquo;urgence aux pays dans le besoin.<\/p>\n\n\n\n<p class=\"has-pale-cyan-blue-background-color has-background\">C&rsquo;est une grave mise en accusation de cette communaut\u00e9 internationale que nous puissions d\u00e9penser autant pour la guerre, mais nous ne pouvons pas appuyer les mesures qui doivent \u00eatre prises pour r\u00e9pondre aux besoins les plus \u00e9l\u00e9mentaires de milliards de personnes.<\/p>\n\n\n\n<p class=\"has-pale-cyan-blue-background-color has-background\">La r\u00e9alisation des objectifs de d\u00e9veloppement durable d\u00e9pend fondamentalement de l&rsquo;autonomisation des femmes dans toutes les sph\u00e8res de la vie.<\/p>\n\n\n\n<p class=\"has-pale-cyan-blue-background-color has-background\">Le progr\u00e8s social et \u00e9conomique ne sera possible que si nous mettons fin \u00e0 la discrimination fond\u00e9e sur le sexe. Nous devons veiller \u00e0 ce que les femmes aient un acc\u00e8s \u00e9gal aux soins de sant\u00e9, \u00e0 l&rsquo;\u00e9ducation et aux opportunit\u00e9s \u00e9conomiques.<\/p>\n\n\n\n<p class=\"has-pale-cyan-blue-background-color has-background\">Nous devons accorder une attention particuli\u00e8re \u00e0 la fourniture de services de sant\u00e9 ad\u00e9quats \u00e0 chaque femme, enfant et adolescent. Ce faisant, nous am\u00e9liorerons fondamentalement la sant\u00e9 et le bien-\u00eatre de tous.<\/p>\n\n\n\n<p class=\"has-pale-cyan-blue-background-color has-background\">L&rsquo;autonomisation des femmes doit \u00eatre au c\u0153ur des actions que nous menons maintenant en vue de la r\u00e9alisation de l&rsquo;Agenda 2030.<\/p>\n\n\n\n<p class=\"has-pale-cyan-blue-background-color has-background\">Les qualit\u00e9s humaines essentielles de l&rsquo;innovation et de l&rsquo;adaptation doivent \u00eatre \u00e9videntes dans les mesures que nous prenons pour emp\u00eacher la destruction de notre plan\u00e8te.<\/p>\n\n\n\n<p class=\"has-pale-cyan-blue-background-color has-background\">L&rsquo;Afrique se r\u00e9chauffe plus vite que le reste du monde.<\/p>\n\n\n\n<p class=\"has-pale-cyan-blue-background-color has-background\">On nous dit que sur les 20 points chauds du climat dans le monde, 17 se trouvent en Afrique.<\/p>\n\n\n\n<p class=\"has-pale-cyan-blue-background-color has-background\">Des si\u00e8cles apr\u00e8s la fin de la traite n\u00e9gri\u00e8re, des d\u00e9cennies apr\u00e8s la fin de l&rsquo;exploitation coloniale des ressources de l&rsquo;Afrique, le<\/p>\n\n\n\n<p class=\"has-pale-cyan-blue-background-color has-background\">Les peuples de notre continent supportent une fois de plus le co\u00fbt de l&rsquo;industrialisation et du d\u00e9veloppement des nations riches du monde.<\/p>\n\n\n\n<p class=\"has-pale-cyan-blue-background-color has-background\">C&rsquo;est un prix que les peuples d&rsquo;Afrique ne sont plus pr\u00eats \u00e0 payer.<\/p>\n\n\n\n<p class=\"has-pale-cyan-blue-background-color has-background\">Nous exhortons les dirigeants mondiaux \u00e0 acc\u00e9l\u00e9rer la d\u00e9carbonisation mondiale tout en poursuivant l&rsquo;\u00e9galit\u00e9 et une prosp\u00e9rit\u00e9 partag\u00e9e.<\/p>\n\n\n\n<p class=\"has-pale-cyan-blue-background-color has-background\">Nous devons faire progresser les trois piliers de l&rsquo;Accord de Paris \u2013 att\u00e9nuation, adaptation et soutien \u2013 avec la m\u00eame ambition et la m\u00eame urgence.<\/p>\n\n\n\n<p class=\"has-pale-cyan-blue-background-color has-background\">Les pays africains, aux c\u00f4t\u00e9s d&rsquo;autres pays en d\u00e9veloppement, ont besoin d&rsquo;un soutien financier accru pour mettre en \u0153uvre le Programme 2030 et atteindre leurs objectifs en mati\u00e8re de changement climatique de mani\u00e8re globale et int\u00e9gr\u00e9e.<\/p>\n\n\n\n<p class=\"has-pale-cyan-blue-background-color has-background\">Nous devons rendre op\u00e9rationnel le Fonds des pertes et dommages pour les pays vuln\u00e9rables durement touch\u00e9s par les catastrophes climatiques, comme convenu \u00e0 la COP27.<\/p>\n\n\n\n<p class=\"has-pale-cyan-blue-background-color has-background\">L&rsquo;Afrique a relev\u00e9 ce d\u00e9fi.<\/p>\n\n\n\n<p class=\"has-pale-cyan-blue-background-color has-background\">L&rsquo;Afrique est d\u00e9termin\u00e9e \u00e0 d\u00e9ployer des technologies vertes intelligentes, num\u00e9riques et efficaces pour accro\u00eetre la production industrielle, stimuler les rendements agricoles, stimuler la croissance et cr\u00e9er des emplois durables pour les populations africaines.<\/p>\n\n\n\n<p class=\"has-pale-cyan-blue-background-color has-background\">En tant que communaut\u00e9 mondiale, nous devons veiller \u00e0 ce que les qualit\u00e9s essentielles qui d\u00e9finissent notre humanit\u00e9 soient \u00e9videntes dans les institutions qui g\u00e8rent la conduite des relations internationales.<\/p>\n\n\n\n<p class=\"has-pale-cyan-blue-background-color has-background\">Nous avons besoin d&rsquo;institutions inclusives, repr\u00e9sentatives, d\u00e9mocratiques et qui servent les int\u00e9r\u00eats de toutes les nations.<\/p>\n\n\n\n<p class=\"has-pale-cyan-blue-background-color has-background\">Nous avons besoin d&rsquo;un engagement renouvel\u00e9 en faveur du multilat\u00e9ralisme, fond\u00e9 sur des r\u00e8gles claires et soutenu par des institutions efficaces.<\/p>\n\n\n\n<p class=\"has-pale-cyan-blue-background-color has-background\">C&rsquo;est le moment de proc\u00e9der \u00e0 la r\u00e9forme du Conseil de s\u00e9curit\u00e9 des Nations Unies, de donner un sens au principe de l&rsquo;\u00e9galit\u00e9 souveraine des nations et de permettre au Conseil de r\u00e9pondre plus efficacement aux r\u00e9alit\u00e9s g\u00e9opolitiques actuelles.<\/p>\n\n\n\n<p class=\"has-pale-cyan-blue-background-color has-background\">Nous sommes heureux de constater que la Position africaine commune sur la r\u00e9forme du Conseil de s\u00e9curit\u00e9 b\u00e9n\u00e9ficie d&rsquo;un large appui.<\/p>\n\n\n\n<p class=\"has-pale-cyan-blue-background-color has-background\">Ce processus doit \u00e9voluer vers des n\u00e9gociations fond\u00e9es sur un texte, cr\u00e9ant ainsi une possibilit\u00e9 de convergence entre les \u00c9tats membres.<\/p>\n\n\n\n<p class=\"has-pale-cyan-blue-background-color has-background\">Nous devons veiller \u00e0 ce que la voix du continent africain et des pays du Sud soit renforc\u00e9e au sein de l&rsquo;ONU et du syst\u00e8me multilat\u00e9ral au sens large.<\/p>\n\n\n\n<p class=\"has-pale-cyan-blue-background-color has-background\">Tous les peuples repr\u00e9sent\u00e9s ici \u00e0 l&rsquo;ONU ont leurs origines en Afrique.<\/p>\n\n\n\n<p class=\"has-pale-cyan-blue-background-color has-background\">En Afrique, ils ont d\u00e9velopp\u00e9 les outils et les capacit\u00e9s n\u00e9cessaires pour se r\u00e9pandre dans le monde entier et r\u00e9aliser des exploits remarquables de d\u00e9veloppement et de progr\u00e8s.<\/p>\n\n\n\n<p class=\"has-pale-cyan-blue-background-color has-background\">Malgr\u00e9 son histoire, malgr\u00e9 l&rsquo;h\u00e9ritage de l&rsquo;exploitation et de l&rsquo;assujettissement, malgr\u00e9 le d\u00e9fi permanent des conflits et de l&rsquo;instabilit\u00e9, l&rsquo;Afrique est d\u00e9termin\u00e9e \u00e0 retrouver sa position de lieu de progr\u00e8s humain.<\/p>\n\n\n\n<p class=\"has-pale-cyan-blue-background-color has-background\">Par l&rsquo;interm\u00e9diaire de la Zone de libre-\u00e9change continentale africaine, qui cr\u00e9e une zone commerciale homog\u00e8ne plus large avec des droits de douane bas et<\/p>\n\n\n\n<p class=\"has-pale-cyan-blue-background-color has-background\">acc\u00e9l\u00e9r\u00e9 l&rsquo;interconnectivit\u00e9, les pays africains mobilisent leurs moyens et ressources collectifs pour parvenir \u00e0 une prosp\u00e9rit\u00e9 partag\u00e9e.<\/p>\n\n\n\n<p class=\"has-pale-cyan-blue-background-color has-background\">Gr\u00e2ce \u00e0 la Zone de libre-\u00e9change continentale africaine, les pays africains jettent les bases d&rsquo;une augmentation massive du commerce, d&rsquo;un d\u00e9veloppement acc\u00e9l\u00e9r\u00e9 des infrastructures, d&rsquo;une int\u00e9gration r\u00e9gionale et d&rsquo;une industrialisation durable.<\/p>\n\n\n\n<p class=\"has-pale-cyan-blue-background-color has-background\">En tant que communaut\u00e9 mondiale, nous avons les moyens et le d\u00e9sir d&rsquo;affronter et de surmonter les \u00e9normes d\u00e9fis auxquels l&rsquo;humanit\u00e9 est confront\u00e9e aujourd&rsquo;hui.<\/p>\n\n\n\n<p class=\"has-pale-cyan-blue-background-color has-background\">En tant que nations r\u00e9unies ici \u00e0 l&rsquo;Assembl\u00e9e g\u00e9n\u00e9rale, montrons que nous avons \u00e0 la fois la volont\u00e9 et la d\u00e9termination d&rsquo;assurer un avenir pacifique, prosp\u00e8re et durable \u00e0 notre monde et aux g\u00e9n\u00e9rations qui suivront.<\/p>\n\n\n\n<p class=\"has-pale-cyan-blue-background-color has-background\">Je vous remercie.<gwmw style=\"display:none;\"><\/gwmw><\/p>\n\n\n\n<p><gwmw style=\"display:none;\"><\/gwmw><\/p>\n<div style=\"text-align:center\" class=\"wps-pgfw-pdf-generate-icon__wrapper-frontend\">\n\t\t<a href=\"https:\/\/congokin.blog?action=genpdf&amp;id=12592\" class=\"pgfw-single-pdf-download-button\" ><img src=\"https:\/\/congokin.blog\/wp-content\/plugins\/pdf-generator-for-wp\/admin\/src\/images\/PDF_Tray.svg\" title=\"G\u00e9n\u00e9rer un PDF\" style=\"width:auto; height:45px;\"><\/a>\n\t\t<\/div>","protected":false},"excerpt":{"rendered":"<p>D\u00e9claration du pr\u00e9sident Cyril Ramaphosa \u00e0 la 78e session de l&rsquo;Assembl\u00e9e g\u00e9n\u00e9rale des Nations Unies Nations Unies, New York Pr\u00e9sident de la 78e session de l&rsquo;Assembl\u00e9e g\u00e9n\u00e9rale des Nations Unies, M. Dennis Francis, Secr\u00e9taire g\u00e9n\u00e9ral des Nations Unies, M. Ant\u00f3nio Guterres, Excellences Mesdames et Messieurs les Chefs d&rsquo;Etat et de Gouvernement, Mesdames et Messieurs, Il [&hellip;]<\/p>\n","protected":false},"author":9,"featured_media":0,"comment_status":"open","ping_status":"closed","sticky":false,"template":"","format":"standard","meta":{"footnotes":""},"categories":[2,7,8],"tags":[],"class_list":["post-12592","post","type-post","status-publish","format-standard","hentry","category-analyse","category-politique","category-societe"],"_links":{"self":[{"href":"https:\/\/congokin.blog\/index.php?rest_route=\/wp\/v2\/posts\/12592","targetHints":{"allow":["GET"]}}],"collection":[{"href":"https:\/\/congokin.blog\/index.php?rest_route=\/wp\/v2\/posts"}],"about":[{"href":"https:\/\/congokin.blog\/index.php?rest_route=\/wp\/v2\/types\/post"}],"author":[{"embeddable":true,"href":"https:\/\/congokin.blog\/index.php?rest_route=\/wp\/v2\/users\/9"}],"replies":[{"embeddable":true,"href":"https:\/\/congokin.blog\/index.php?rest_route=%2Fwp%2Fv2%2Fcomments&post=12592"}],"version-history":[{"count":4,"href":"https:\/\/congokin.blog\/index.php?rest_route=\/wp\/v2\/posts\/12592\/revisions"}],"predecessor-version":[{"id":12597,"href":"https:\/\/congokin.blog\/index.php?rest_route=\/wp\/v2\/posts\/12592\/revisions\/12597"}],"wp:attachment":[{"href":"https:\/\/congokin.blog\/index.php?rest_route=%2Fwp%2Fv2%2Fmedia&parent=12592"}],"wp:term":[{"taxonomy":"category","embeddable":true,"href":"https:\/\/congokin.blog\/index.php?rest_route=%2Fwp%2Fv2%2Fcategories&post=12592"},{"taxonomy":"post_tag","embeddable":true,"href":"https:\/\/congokin.blog\/index.php?rest_route=%2Fwp%2Fv2%2Ftags&post=12592"}],"curies":[{"name":"wp","href":"https:\/\/api.w.org\/{rel}","templated":true}]}}