{"id":12598,"date":"2023-09-21T16:18:04","date_gmt":"2023-09-21T16:18:04","guid":{"rendered":"https:\/\/congokin.blog\/?p=12598"},"modified":"2023-09-21T16:18:04","modified_gmt":"2023-09-21T16:18:04","slug":"a-lonu-le-president-de-la-rdc-insiste-pour-un-retrait-accelere-des-casques-bleus","status":"publish","type":"post","link":"https:\/\/congokin.blog\/?p=12598","title":{"rendered":"\u00c0 l\u2019ONU, le pr\u00e9sident de la RDC insiste pour un retrait \u00ab\u00a0acc\u00e9l\u00e9r\u00e9\u00a0\u00bb des Casques bleus"},"content":{"rendered":"\n<p>POLITIQUE<\/p>\n\n\n\n<h1 class=\"wp-block-heading\">\u00c0 l\u2019ONU, le pr\u00e9sident de la RDC insiste pour un retrait \u00ab\u00a0acc\u00e9l\u00e9r\u00e9\u00a0\u00bb des Casques bleus<\/h1>\n\n\n\n<h2 class=\"wp-block-heading\">Alors que la Monusco doit avoir quitt\u00e9 le pays en 2024, F\u00e9lix Tshisekedi a d\u00e9plor\u00e9 le maigre bilan des missions onusiennes.<\/h2>\n\n\n\n<p>21 septembre 2023 \u00e0 11:32<\/p>\n\n\n\n<p>Par&nbsp;<em>Jeune Afrique<\/em><\/p>\n\n\n\n<p>Mis \u00e0 jour le 21 septembre 2023 \u00e0 11:33<\/p>\n\n\n\n<figure class=\"wp-block-image\"><img decoding=\"async\" src=\"https:\/\/prod.cdn-medias.jeuneafrique.com\/cdn-cgi\/image\/q=100,f=auto,metadata=none,width=1256,height=628\/https:\/\/prod.cdn-medias.jeuneafrique.com\/medias\/2023\/09\/21\/tshisekedi-onu-1256x628.jpg\" alt=\"\"\/><figcaption class=\"wp-element-caption\">Le pr\u00e9sident congolais F\u00e9lix Tshisekedi \u00e0 la 78e Assembl\u00e9e g\u00e9n\u00e9rale des Nations unies au si\u00e8ge de l\u2019ONU \u00e0 New York, le 20 septembre 2023. \u00a9 Leonardo Munoz \/ AFP<\/figcaption><\/figure>\n\n\n\n<p>Le 20 septembre, le pr\u00e9sident de la RDC&nbsp;<a href=\"https:\/\/www.jeuneafrique.com\/1480465\/politique\/quand-felix-tshisekedi-tente-de-faire-pression-sur-lonu\/\">F\u00e9lix Tshisekedi \u00e9tait \u00e0 la tribune de l\u2019ONU<\/a>. Il a insist\u00e9 pour un retrait \u00ab&nbsp;acc\u00e9l\u00e9r\u00e9&nbsp;\u00bb des Casques bleus de son pays \u00e0 partir de fin 2023, regrettant qu\u2019ils n\u2019aient \u00ab&nbsp;pas r\u00e9ussi \u00e0 faire face&nbsp;\u00bb aux groupes arm\u00e9s. \u00ab&nbsp;Il est temps pour notre pays de prendre pleinement son destin en main et de devenir le principal acteur de sa propre stabilit\u00e9&nbsp;\u00bb, a-t-il lanc\u00e9 lors de l\u2019Assembl\u00e9e g\u00e9n\u00e9rale de l\u2019ONU.\u00c0 LIRE<a href=\"https:\/\/www.jeuneafrique.com\/1483209\/politique\/kagame-doumbouya-tebboune-ces-chefs-detat-qui-iront-a-lassemblee-generale-de-lonu\/\">Kagame, Doumbouya, Tebboune\u2026 Ces chefs d\u2019\u00c9tat qui iront \u00e0 l\u2019Assembl\u00e9e g\u00e9n\u00e9rale de l\u2019ONU<\/a><\/p>\n\n\n\n<p>Dans cet&nbsp;objectif,&nbsp;<a href=\"https:\/\/www.jeuneafrique.com\/1369477\/politique\/rdc-la-monusco-doit-elle-partir\/\">le retrait \u00ab&nbsp;progressif&nbsp;\u00bb de la mission de maintien de la paix de l\u2019ONU (Monusco)<\/a>&nbsp;et de ses plus de 15 000 Casques bleus \u00ab&nbsp;est une \u00e9tape n\u00e9cessaire pour consolider les progr\u00e8s que nous avons d\u00e9j\u00e0 r\u00e9alis\u00e9s&nbsp;\u00bb, a-t-il estim\u00e9. Il a d\u00e9plor\u00e9 que les missions onusiennes pr\u00e9sentes depuis pr\u00e8s de 25 ans \u00ab&nbsp;n\u2019aient pas r\u00e9ussi \u00e0 faire face aux r\u00e9bellions et conflits arm\u00e9s qui d\u00e9chirent ce pays et la r\u00e9gion des Grands Lacs ni \u00e0 prot\u00e9ger les populations civiles&nbsp;\u00bb.<\/p>\n\n\n\n<h2 class=\"wp-block-heading\">\u00ab&nbsp;Projet anachronique&nbsp;\u00bb<\/h2>\n\n\n\n<p>Depuis 2020, le Conseil de s\u00e9curit\u00e9 de l\u2019ONU a entam\u00e9 un d\u00e9sengagement prudent, approuvant un plan de retrait progressif fixant de grands param\u00e8tres pour transf\u00e9rer les responsabilit\u00e9s des Casques bleus aux forces congolaises. Avec en ligne de mire l\u2019horizon 2024.<\/p>\n\n\n\n<p>Mais \u00ab&nbsp;ce projet de retrait \u00e9chelonn\u00e9, responsable et durable&nbsp;\u00bb de la Monusco est \u00ab&nbsp;anachronique&nbsp;\u00bb, a insist\u00e9 le pr\u00e9sident congolais, jugeant \u00ab&nbsp;illusoire et contreproductif de continuer \u00e0 s\u2019accrocher au maintien de la Monusco pour restaurer la paix&nbsp;\u00bb en RDC. Il a demand\u00e9 \u00e0 son gouvernement d\u2019entamer&nbsp;des&nbsp;discussions avec l\u2019ONU pour \u00ab&nbsp;le retrait acc\u00e9l\u00e9r\u00e9 de la Monusco de RDC en ramenant le d\u00e9but de ce retrait progressif de d\u00e9cembre 2024 \u00e0 d\u00e9cembre 2023&nbsp;\u00bb, date des prochaines \u00e9lections.<\/p>\n\n\n\n<h2 class=\"wp-block-heading\">Retrait \u00ab&nbsp;pr\u00e9cipit\u00e9&nbsp;\u00bb<\/h2>\n\n\n\n<p>Une demande en ce sens avait \u00e9t\u00e9 adress\u00e9e d\u00e9but septembre au Conseil de s\u00e9curit\u00e9 et des discussions sont en cours. En juin, lors d\u2019une r\u00e9union du Conseil de s\u00e9curit\u00e9, les \u00c9tats-Unis avaient mis en garde contre un retrait \u00ab&nbsp;pr\u00e9cipit\u00e9&nbsp;\u00bb de la mission, estimant que le pays ne serait pas pr\u00eat pour un tel retrait fin 2023.<\/p>\n\n\n\n<p>Ces discussions autour du retrait de la Monusco interviennent alors que l\u2019ONU a fait face \u00e0 une s\u00e9rie d\u2019attaques et de manifestations contre la pr\u00e9sence des Casques bleus dans le pays. Fin ao\u00fbt, la r\u00e9pression d\u2019une manifestation anti-ONU avait fait une cinquantaine de morts \u00e0 Goma, dans l\u2019est du pays.\u00c0 LIRE<a href=\"https:\/\/www.jeuneafrique.com\/1416069\/politique\/la-monusco-a-t-elle-vraiment-ete-visee-par-une-marche-aux-flambeaux-a-goma\/\">La Monusco a-t-elle vraiment \u00e9t\u00e9 vis\u00e9e par une marche aux flambeaux \u00e0 Goma&nbsp;?<\/a><\/p>\n\n\n\n<p>\u00ab&nbsp;L\u2019acc\u00e9l\u00e9ration du retrait de la Monusco devient une n\u00e9cessit\u00e9 imp\u00e9rieuse pour apaiser les tensions entre cette derni\u00e8re et nos concitoyens&nbsp;\u00bb, a insist\u00e9&nbsp;F\u00e9lix&nbsp;Tshisekedi.<\/p>\n\n\n\n<p><strong>(Avec AFP)<\/strong><gwmw style=\"display:none;\"><\/gwmw><\/p>\n<div style=\"text-align:center\" class=\"wps-pgfw-pdf-generate-icon__wrapper-frontend\">\n\t\t<a href=\"https:\/\/congokin.blog?action=genpdf&amp;id=12598\" class=\"pgfw-single-pdf-download-button\" ><img src=\"https:\/\/congokin.blog\/wp-content\/plugins\/pdf-generator-for-wp\/admin\/src\/images\/PDF_Tray.svg\" title=\"G\u00e9n\u00e9rer un PDF\" style=\"width:auto; height:45px;\"><\/a>\n\t\t<\/div>","protected":false},"excerpt":{"rendered":"<p>POLITIQUE \u00c0 l\u2019ONU, le pr\u00e9sident de la RDC insiste pour un retrait \u00ab\u00a0acc\u00e9l\u00e9r\u00e9\u00a0\u00bb des Casques bleus Alors que la Monusco doit avoir quitt\u00e9 le pays en 2024, F\u00e9lix Tshisekedi a d\u00e9plor\u00e9 le maigre bilan des missions onusiennes. 21 septembre 2023 \u00e0 11:32 Par&nbsp;Jeune Afrique Mis \u00e0 jour le 21 septembre 2023 \u00e0 11:33 Le 20 [&hellip;]<\/p>\n","protected":false},"author":9,"featured_media":0,"comment_status":"open","ping_status":"closed","sticky":false,"template":"","format":"standard","meta":{"footnotes":""},"categories":[7,8],"tags":[],"class_list":["post-12598","post","type-post","status-publish","format-standard","hentry","category-politique","category-societe"],"_links":{"self":[{"href":"https:\/\/congokin.blog\/index.php?rest_route=\/wp\/v2\/posts\/12598","targetHints":{"allow":["GET"]}}],"collection":[{"href":"https:\/\/congokin.blog\/index.php?rest_route=\/wp\/v2\/posts"}],"about":[{"href":"https:\/\/congokin.blog\/index.php?rest_route=\/wp\/v2\/types\/post"}],"author":[{"embeddable":true,"href":"https:\/\/congokin.blog\/index.php?rest_route=\/wp\/v2\/users\/9"}],"replies":[{"embeddable":true,"href":"https:\/\/congokin.blog\/index.php?rest_route=%2Fwp%2Fv2%2Fcomments&post=12598"}],"version-history":[{"count":1,"href":"https:\/\/congokin.blog\/index.php?rest_route=\/wp\/v2\/posts\/12598\/revisions"}],"predecessor-version":[{"id":12599,"href":"https:\/\/congokin.blog\/index.php?rest_route=\/wp\/v2\/posts\/12598\/revisions\/12599"}],"wp:attachment":[{"href":"https:\/\/congokin.blog\/index.php?rest_route=%2Fwp%2Fv2%2Fmedia&parent=12598"}],"wp:term":[{"taxonomy":"category","embeddable":true,"href":"https:\/\/congokin.blog\/index.php?rest_route=%2Fwp%2Fv2%2Fcategories&post=12598"},{"taxonomy":"post_tag","embeddable":true,"href":"https:\/\/congokin.blog\/index.php?rest_route=%2Fwp%2Fv2%2Ftags&post=12598"}],"curies":[{"name":"wp","href":"https:\/\/api.w.org\/{rel}","templated":true}]}}