{"id":12600,"date":"2023-09-25T03:17:15","date_gmt":"2023-09-25T03:17:15","guid":{"rendered":"https:\/\/congokin.blog\/?p=12600"},"modified":"2023-09-25T03:17:15","modified_gmt":"2023-09-25T03:17:15","slug":"corneille-nangaa-confirme-lexistence-dun-accord-politique-entre-felix-tshisekedi-et-joseph-kabila","status":"publish","type":"post","link":"https:\/\/congokin.blog\/?p=12600","title":{"rendered":"Corneille Nangaa confirme l\u2019existence d\u2019un accord politique entre F\u00e9lix Tshisekedi et Joseph Kabila"},"content":{"rendered":"\n<p><\/p>\n\n\n\n<h1 class=\"wp-block-heading\">Corneille Nangaa confirme l\u2019existence d\u2019un accord politique entre F\u00e9lix Tshisekedi et Joseph Kabila<\/h1>\n\n\n\n<p>24.09.2023<\/p>\n\n\n\n<p><a href=\"https:\/\/www.mediacongo.net\/articles-actualite-0_.html\"><\/a><gwmw style=\"display:none;\"><\/gwmw><\/p>\n\n\n\n<figure class=\"wp-block-image\"><img decoding=\"async\" src=\"https:\/\/www.mediacongo.net\/cache\/nangaa_corneille_opposant_23_jpg_711_473_1.jpeg\" alt=\"-\"\/><\/figure>\n\n\n\n<p>Corneille Nangaa, pr\u00e9sident du parti politique<\/p>\n\n\n\n<p>Les propos tenus par le Chef de l\u2019\u00c9tat F\u00e9lix Tshisekedi sur les r\u00e9sultats de l\u2019\u00e9lection pr\u00e9sidentielle du 30 d\u00e9cembre 2018, en marge de la 78\u00e8me Assembl\u00e9e g\u00e9n\u00e9rale des Nations Unies qui se tient \u00e0 New-York font couler beaucoup d\u2019encres et de salives.<\/p>\n\n\n\n<p>A en croire, F\u00e9lix Tshisekedi, il n\u2019y a jamais eu d\u2019arrangement frauduleux entre lui et son pr\u00e9d\u00e9cesseur Joseph Kabila.<\/p>\n\n\n\n<p>Le 19 septembre \u00e0 New-York, F\u00e9lix Tshisekedi a d\u00e9clar\u00e9 qu\u2019il aurait \u00e9t\u00e9 approch\u00e9 par deux personnalit\u00e9s dont il a cit\u00e9 les noms, pour assumer la charge de Premier ministre du dauphin de son pr\u00e9d\u00e9cesseur. Proposition qu\u2019il aurait, selon lui, rejet\u00e9e, car convaincu de sa victoire aux \u00e9lections dont il d\u00e9tenait les r\u00e9sultats.<\/p>\n\n\n\n<p>De son c\u00f4t\u00e9, l\u2019ancien Pr\u00e9sident de la Commission \u00c9lectorale Nationale Ind\u00e9pendante (CENI), Corneille Nangaa confirme l\u2019existence d\u2019un accord politique entre F\u00e9lix Tshisekedi et pr\u00e9d\u00e9cesseur Joseph Kabila.<\/p>\n\n\n\n<p>Dans une d\u00e9claration rendue publique ce samedi 23 septembre, Corneille Nangaa a fait savoir que cet accord a pr\u00e9c\u00e9d\u00e9 la publication des r\u00e9sultats d\u00e9finitifs des \u00e9lections de 2018.<\/p>\n\n\n\n<p>\u00ab J\u2019en suis l\u2019un des co-r\u00e9dacteurs. Cet accord inalt\u00e9rable a \u00e9t\u00e9 sign\u00e9 devant t\u00e9moins, par le Pr\u00e9sident Tshisekedi et son pr\u00e9d\u00e9cesseur \u00bb, a-t-il d\u00e9clar\u00e9.<\/p>\n\n\n\n<p>Et de rench\u00e9rir : \u00ab L\u2019accord politique : \u00ab\u00a0Accord pour la stabilit\u00e9 de la R\u00e9publique d\u00e9mocratique du Congo\u00a0\u00bb \u00bb a \u00e9t\u00e9 certifi\u00e9 et valid\u00e9 par trois (3) Chefs d\u2019Etat africains avec le statut leur reconnu connu par les deux parties qui l\u2019ont f\u00e9licit\u00e9 du fait qu\u2019il (Accord) a permis la premi\u00e8re passation du pouvoir sans effusion de sang en RDC \u00bb.<\/p>\n\n\n\n<p>Par ailleurs, cet ancien Pr\u00e9sident de la CENI, d\u00e9sormais en exil, indique que sur pied dudit accord politique, des institutions de la R\u00e9publique ont \u00e9t\u00e9 install\u00e9es, cas du gouvernement (Ordonnance N\u00b0 19\/056 du 20 mai 2019 portant nomination du Premier Ministre Ilunga Ilunkamba); de la composition des bureaux de l\u2019Assembl\u00e9e nationale et du S\u00e9nat, etc.<\/p>\n\n\n\n<p>Par ailleurs, Corneille Nangaa estime qu\u2019\u00e0 90 jours de l\u2019expiration irr\u00e9versible de son mandat, le Pr\u00e9sident F\u00eblix Tshisekedi a fait le choix intentionnel d\u2019une fuite en avant, pensant ainsi tromper l\u2019opinion, en niant un Accord politique qu\u2019il a bel et bien, en \u00e2me et conscience, conclu avec son pr\u00e9d\u00e9cesseur un accord dont il sait pertinemment bien que la clause principale le lie.<\/p>\n\n\n\n<p>\u00ab II ne peut qu\u2019en tirer toutes les cons\u00e9quences \u00e0 l\u2019approche de l\u2019\u00e9ch\u00e9ance du 20 d\u00e9cembre \u00bb, d\u00e9clare-t-il.<\/p>\n\n\n\n<p>\u00ab Il ne saurait se permettre de falsifier un fait historique majeur, ancr\u00e9 depuis janvier 2019 dans la m\u00e9moire collective congolaise. II ne saurait non plus se d\u00e9rober de ses obligations. II en va de son honneur et de sa dignit\u00e9, le respect de la parole \u00e9tant la marque de grands hommes. (\u2026) L\u2019accord politique existe bel et bien et il devra \u00eatre rendu public \u00bb, affirme Corneille Nangaa, ancien Pr\u00e9sident de la CENI.<\/p>\n\n\n\n<p><strong><br>Breve CD \/ MCP, via mediacongo.net<\/strong><\/p>\n<div style=\"text-align:center\" class=\"wps-pgfw-pdf-generate-icon__wrapper-frontend\">\n\t\t<a href=\"https:\/\/congokin.blog?action=genpdf&amp;id=12600\" class=\"pgfw-single-pdf-download-button\" ><img src=\"https:\/\/congokin.blog\/wp-content\/plugins\/pdf-generator-for-wp\/admin\/src\/images\/PDF_Tray.svg\" title=\"G\u00e9n\u00e9rer un PDF\" style=\"width:auto; height:45px;\"><\/a>\n\t\t<\/div>","protected":false},"excerpt":{"rendered":"<p>Corneille Nangaa confirme l\u2019existence d\u2019un accord politique entre F\u00e9lix Tshisekedi et Joseph Kabila 24.09.2023 Corneille Nangaa, pr\u00e9sident du parti politique Les propos tenus par le Chef de l\u2019\u00c9tat F\u00e9lix Tshisekedi sur les r\u00e9sultats de l\u2019\u00e9lection pr\u00e9sidentielle du 30 d\u00e9cembre 2018, en marge de la 78\u00e8me Assembl\u00e9e g\u00e9n\u00e9rale des Nations Unies qui se tient \u00e0 New-York [&hellip;]<\/p>\n","protected":false},"author":9,"featured_media":0,"comment_status":"open","ping_status":"closed","sticky":false,"template":"","format":"standard","meta":{"footnotes":""},"categories":[1],"tags":[],"class_list":["post-12600","post","type-post","status-publish","format-standard","hentry","category-uncategorized"],"_links":{"self":[{"href":"https:\/\/congokin.blog\/index.php?rest_route=\/wp\/v2\/posts\/12600","targetHints":{"allow":["GET"]}}],"collection":[{"href":"https:\/\/congokin.blog\/index.php?rest_route=\/wp\/v2\/posts"}],"about":[{"href":"https:\/\/congokin.blog\/index.php?rest_route=\/wp\/v2\/types\/post"}],"author":[{"embeddable":true,"href":"https:\/\/congokin.blog\/index.php?rest_route=\/wp\/v2\/users\/9"}],"replies":[{"embeddable":true,"href":"https:\/\/congokin.blog\/index.php?rest_route=%2Fwp%2Fv2%2Fcomments&post=12600"}],"version-history":[{"count":1,"href":"https:\/\/congokin.blog\/index.php?rest_route=\/wp\/v2\/posts\/12600\/revisions"}],"predecessor-version":[{"id":12601,"href":"https:\/\/congokin.blog\/index.php?rest_route=\/wp\/v2\/posts\/12600\/revisions\/12601"}],"wp:attachment":[{"href":"https:\/\/congokin.blog\/index.php?rest_route=%2Fwp%2Fv2%2Fmedia&parent=12600"}],"wp:term":[{"taxonomy":"category","embeddable":true,"href":"https:\/\/congokin.blog\/index.php?rest_route=%2Fwp%2Fv2%2Fcategories&post=12600"},{"taxonomy":"post_tag","embeddable":true,"href":"https:\/\/congokin.blog\/index.php?rest_route=%2Fwp%2Fv2%2Ftags&post=12600"}],"curies":[{"name":"wp","href":"https:\/\/api.w.org\/{rel}","templated":true}]}}