{"id":12602,"date":"2023-09-25T03:35:09","date_gmt":"2023-09-25T03:35:09","guid":{"rendered":"https:\/\/congokin.blog\/?p=12602"},"modified":"2023-09-25T03:35:09","modified_gmt":"2023-09-25T03:35:09","slug":"rdc-dossier-cherubin-okende-qui-veut-vraiment-connaitre-la-verite-sur-cet-assassinat","status":"publish","type":"post","link":"https:\/\/congokin.blog\/?p=12602","title":{"rendered":"RDC : Dossier Ch\u00e9rubin Okende, qui veut vraiment conna\u00eetre la v\u00e9rit\u00e9 sur cet assassinat ?"},"content":{"rendered":"\n<h1 class=\"wp-block-heading\">RDC : Dossier Ch\u00e9rubin Okende, qui veut vraiment conna\u00eetre la v\u00e9rit\u00e9 sur cet assassinat ?<\/h1>\n\n\n\n<ul class=\"wp-block-list\">\n<li>Dans\u00a0R\u00e9publique d\u00e9mocratique du Congo<gwmw style=\"display:none;\"><\/gwmw><\/li>\n\n\n\n<li>19 septembre 2023<\/li>\n\n\n\n<li>Hubert Leclercq<gwmw style=\"display:none;\"><\/gwmw><\/li>\n\n\n\n<li>988 Vues<\/li>\n<\/ul>\n\n\n\n<figure class=\"wp-block-image\"><a href=\"https:\/\/afrique.lalibre.be\/wp-content\/uploads\/2023\/07\/cherubin-okende-787x394.jpg\"><img loading=\"lazy\" decoding=\"async\" width=\"690\" height=\"450\" src=\"https:\/\/congokin.blog\/wp-content\/uploads\/2023\/09\/image-3.jpeg\" alt=\"RDC : Dossier Ch\u00e9rubin Okende, qui veut vraiment conna\u00eetre la v\u00e9rit\u00e9 sur cet assassinat ?\" class=\"wp-image-12604\" title=\"\" srcset=\"https:\/\/congokin.blog\/wp-content\/uploads\/2023\/09\/image-3.jpeg 690w, https:\/\/congokin.blog\/wp-content\/uploads\/2023\/09\/image-3-300x196.jpeg 300w\" sizes=\"auto, (max-width: 690px) 100vw, 690px\" \/><\/a><\/figure>\n\n\n\n<h3 class=\"wp-block-heading\">Plus de deux mois apr\u00e8s l\u2019assassinat du d\u00e9put\u00e9 Ch\u00e9rubin Okende, le 13 juillet dernier, le dossier semble compl\u00e8tement \u00e0 l\u2019arr\u00eat. Tant la justice que les autorit\u00e9s congolaises ne paraissent gu\u00e8re d\u00e9termin\u00e9es \u00e0 faire \u00e9clater la v\u00e9rit\u00e9.<\/h3>\n\n\n\n<p>Un constat que dressent la famille du d\u00e9funt et ses avocats qui viennent d\u2019adresser ce mardi 19 septembre un courrier au pr\u00e9sident de la R\u00e9publique et aux plus hautes autorit\u00e9s politiques et judiciaires congolaises mais aussi \u00e0 plusieurs postes diplomatiques, dont la Belgique et l\u2019Afrique du Sud qui ont envoy\u00e9 des experts pour assister les enqu\u00eateurs congolais.&nbsp; (Voir la lettre ci-dessous)<\/p>\n\n\n\n<p>Les membres de la famille de Ch\u00e9rubin Okende, ancien ministre des Transports et porte-parole du parti Ensemble pour la R\u00e9publique de Mo\u00efse Katumbi, s\u2019inqui\u00e8tent du silence qui entoure cette enqu\u00eate plus de deux mois apr\u00e8s l\u2019assassinat&nbsp; et un mois et demi apr\u00e8s l\u2019autopsie.<\/p>\n\n\n\n<blockquote class=\"wp-block-quote is-layout-flow wp-block-quote-is-layout-flow\">\n<p><a href=\"https:\/\/afrique.lalibre.be\/78143\/rdc-inquietudes-de-la-famille-de-cherubin-okende\/\">RDC : Inqui\u00e9tudes de la famille de Ch\u00e9rubin Okende<\/a><\/p>\n<cite><gwmw style=\"display:none;\"><\/gwmw><\/cite><\/blockquote>\n\n\n\n<p>Ils s\u2019indignent que le corps soit toujours conserv\u00e9 \u00e0 la morgue \u00ab&nbsp;pour des raisons pr\u00e9tendument d\u2019enqu\u00eates.&nbsp;\u00bb<\/p>\n\n\n\n<p>Ils soulignent les errements d\u2019une justice congolaise qui, tout en se r\u00e9fugiant derri\u00e8re \u00ab&nbsp;le secret de l\u2019instruction en phase inquisitoriale&nbsp;\u00bb a multipli\u00e9 les \u00ab&nbsp;sorties m\u00e9diatiques inappropri\u00e9es&nbsp;\u00bb.<\/p>\n\n\n\n<p>Ils s\u2019inqui\u00e8tent encore en constatant que \u00ab&nbsp;certaines pistes qui devraient \u00eatre exploit\u00e9es font l\u2019objet de sorties m\u00e9diatiques des autorit\u00e9s politiques dans le but de les discr\u00e9diter&nbsp;\u00bb. Ils \u00e9pinglent ici les r\u00e9v\u00e9lations faites par jeune Afrique qui ont abouti \u00e0 l\u2019arrestation\u2026 du journaliste Stanis Bujakera accus\u00e9 de propagation de faux bruit.<\/p>\n\n\n\n<p>Face \u00e0 ces constatations, ces silences voire cette volont\u00e9 de bloquer le bon d\u00e9roulement de cette enqu\u00eate, les d\u00e9fenseurs de M. Okende s\u2019interrogent sur la d\u00e9termination du pouvoir congolais \u00e0 faire \u00e9clater la v\u00e9rit\u00e9.<\/p>\n\n\n\n<p>La mort de Ch\u00e9rubin Okende est pourtant&nbsp; une vraie affaire d\u2019\u00c9tat et les autorit\u00e9s congolaises doivent faire \u00e9clater la (vraie) v\u00e9rit\u00e9 quel qu\u2019elle soit.<\/p>\n\n\n\n<h3 class=\"wp-block-heading\">Des questions sans fin<\/h3>\n\n\n\n<p>Comment expliquer qu\u2019un homme politique soit assassin\u00e9 en pleine capitale apr\u00e8s avoir \u00e9t\u00e9 enlev\u00e9 sur le parking de la Cour constitutionnelle par plusieurs hommes arm\u00e9s en pleine journ\u00e9e ?<\/p>\n\n\n\n<p>Comment expliquer que Ch\u00e9rubin Okende ait \u00e9t\u00e9 invit\u00e9 \u00e0 se pr\u00e9senter \u00e0 cette cour ? Qui savait qu\u2019il serait pr\u00e9sent sur ce parking ?<\/p>\n\n\n\n<p>Comment expliquer les sorties m\u00e9diatiques du procureur g\u00e9n\u00e9ral pr\u00e8s de la Cour de Cassation qui a nomm\u00e9ment incrimin\u00e9 certains proches de la victime ?<\/p>\n\n\n\n<p>Comment expliquer qu\u2019il ait fallu attendre trois semaines pour r\u00e9aliser une autopsie ? Comment justifier que plus d\u2019un mois et demi apr\u00e8s cette autopsie, les r\u00e9sultats ne soient pas arriv\u00e9s au parquet instructeur?<\/p>\n\n\n\n<p>Et la liste des questions est encore longue.<\/p>\n\n\n\n<h3 class=\"wp-block-heading\">Avocat sous pression<\/h3>\n\n\n\n<p>Le silence des autorit\u00e9s, cette apparente volont\u00e9 de ralentir le processus, de chercher \u00e0 brouiller les pistes font craindre que la v\u00e9rit\u00e9 ne puisse jamais appara\u00eetre. Dans ce contexte, les proches et les avocats ne cachent pas leur intention de tenter de porter l\u2019affaire devant des juridictions internationales.<\/p>\n\n\n\n<p>La d\u00e9termination de la famille et des avocats d\u00e9pla\u00eet visiblement \u00e0 certains. A un peu plus de trois mois des \u00e9lections pr\u00e9sidentielles, les voix discordantes sont de plus en plus mises sous pression.&nbsp; Ma\u00eetre Laurent Onyemba, un des avocats de Ch\u00e9rubin Okende qui avait \u00ab&nbsp;os\u00e9&nbsp;\u00bb r\u00e9agir aux sorties intempestives du procureur g\u00e9n\u00e9ral pr\u00e8s la Cour de Cassation, appara\u00eet ainsi d\u00e9sormais dans le viseur du parquet.<\/p>\n\n\n\n<p>Selon certains de ses confr\u00e8res :&nbsp;<em>\u00ab&nbsp;il faut s\u2019attendre \u00e0 ce que le conseil de l\u2019ordre soit mobilis\u00e9 pour le faire taire.&nbsp;\u00bb<\/em><\/p>\n\n\n\n<figure class=\"wp-block-image is-resized\"><img loading=\"lazy\" decoding=\"async\" src=\"https:\/\/afrique.lalibre.be\/wp-content\/uploads\/2023\/09\/Lettre-Okende1-393x524.jpg\" alt=\"\" class=\"wp-image-78426\" style=\"width:841px;height:1121px\" width=\"841\" height=\"1121\"\/><\/figure>\n\n\n\n<figure class=\"wp-block-image size-full is-resized\"><img loading=\"lazy\" decoding=\"async\" src=\"https:\/\/congokin.blog\/wp-content\/uploads\/2023\/09\/image-8.png\" alt=\"\" class=\"wp-image-12603\" style=\"width:843px;height:1124px\" width=\"843\" height=\"1124\" srcset=\"https:\/\/congokin.blog\/wp-content\/uploads\/2023\/09\/image-8.png 768w, https:\/\/congokin.blog\/wp-content\/uploads\/2023\/09\/image-8-225x300.png 225w\" sizes=\"auto, (max-width: 843px) 100vw, 843px\" \/><\/figure>\n<div style=\"text-align:center\" class=\"wps-pgfw-pdf-generate-icon__wrapper-frontend\">\n\t\t<a href=\"https:\/\/congokin.blog?action=genpdf&amp;id=12602\" class=\"pgfw-single-pdf-download-button\" ><img src=\"https:\/\/congokin.blog\/wp-content\/plugins\/pdf-generator-for-wp\/admin\/src\/images\/PDF_Tray.svg\" title=\"G\u00e9n\u00e9rer un PDF\" style=\"width:auto; height:45px;\"><\/a>\n\t\t<\/div>","protected":false},"excerpt":{"rendered":"<p>RDC : Dossier Ch\u00e9rubin Okende, qui veut vraiment conna\u00eetre la v\u00e9rit\u00e9 sur cet assassinat ? Plus de deux mois apr\u00e8s l\u2019assassinat du d\u00e9put\u00e9 Ch\u00e9rubin Okende, le 13 juillet dernier, le dossier semble compl\u00e8tement \u00e0 l\u2019arr\u00eat. Tant la justice que les autorit\u00e9s congolaises ne paraissent gu\u00e8re d\u00e9termin\u00e9es \u00e0 faire \u00e9clater la v\u00e9rit\u00e9. Un constat que dressent [&hellip;]<\/p>\n","protected":false},"author":9,"featured_media":0,"comment_status":"open","ping_status":"closed","sticky":false,"template":"","format":"standard","meta":{"footnotes":""},"categories":[6,7,8],"tags":[],"class_list":["post-12602","post","type-post","status-publish","format-standard","hentry","category-justice","category-politique","category-societe"],"_links":{"self":[{"href":"https:\/\/congokin.blog\/index.php?rest_route=\/wp\/v2\/posts\/12602","targetHints":{"allow":["GET"]}}],"collection":[{"href":"https:\/\/congokin.blog\/index.php?rest_route=\/wp\/v2\/posts"}],"about":[{"href":"https:\/\/congokin.blog\/index.php?rest_route=\/wp\/v2\/types\/post"}],"author":[{"embeddable":true,"href":"https:\/\/congokin.blog\/index.php?rest_route=\/wp\/v2\/users\/9"}],"replies":[{"embeddable":true,"href":"https:\/\/congokin.blog\/index.php?rest_route=%2Fwp%2Fv2%2Fcomments&post=12602"}],"version-history":[{"count":1,"href":"https:\/\/congokin.blog\/index.php?rest_route=\/wp\/v2\/posts\/12602\/revisions"}],"predecessor-version":[{"id":12605,"href":"https:\/\/congokin.blog\/index.php?rest_route=\/wp\/v2\/posts\/12602\/revisions\/12605"}],"wp:attachment":[{"href":"https:\/\/congokin.blog\/index.php?rest_route=%2Fwp%2Fv2%2Fmedia&parent=12602"}],"wp:term":[{"taxonomy":"category","embeddable":true,"href":"https:\/\/congokin.blog\/index.php?rest_route=%2Fwp%2Fv2%2Fcategories&post=12602"},{"taxonomy":"post_tag","embeddable":true,"href":"https:\/\/congokin.blog\/index.php?rest_route=%2Fwp%2Fv2%2Ftags&post=12602"}],"curies":[{"name":"wp","href":"https:\/\/api.w.org\/{rel}","templated":true}]}}