{"id":12615,"date":"2023-09-27T15:24:42","date_gmt":"2023-09-27T15:24:42","guid":{"rendered":"https:\/\/congokin.blog\/?p=12615"},"modified":"2023-09-27T21:34:46","modified_gmt":"2023-09-27T21:34:46","slug":"confrontation-nangaa-tshisekedi-en-rapport-de-la-fraude-electorale-de-2018","status":"publish","type":"post","link":"https:\/\/congokin.blog\/?p=12615","title":{"rendered":"Confrontation Nangaa-Tshisekedi en rapport de la fraude \u00e9lectorale de 2018"},"content":{"rendered":"\n<p class=\"has-luminous-vivid-amber-background-color has-background\">Cette fois, c\u2019est \u00e9crit noir sur blanc. Corneille Nangaa, l\u2019ancien pr\u00e9sident de la Commission \u00e9lectorale (C\u00e9ni), affirme dans un communiqu\u00e9 qu\u2019un accord frauduleux a \u00e9t\u00e9 pass\u00e9 entre F\u00e9lix Tshisekedi, l\u2019actuel pr\u00e9sident de la R\u00e9publique d\u00e9mocratique du Congo (RDC), et son pr\u00e9d\u00e9cesseur Joseph Kabila, juste avant la publication des r\u00e9sultats du scrutin pr\u00e9sidentiel de d\u00e9cembre&nbsp;2018.<\/p>\n\n\n\n<p class=\"has-luminous-vivid-amber-background-color has-background\">Corneille Nangaa avoue qu\u2019il en est lui-m\u00eame le co-auteur. Un accord \u00e9crit-il, \u00ab\u00a0<em>pour la stabilit\u00e9 du pays<\/em>\u00ab\u00a0, \u00ab\u00a0<em>qui a permis la premi\u00e8re passation du pouvoir en RDC, sans effusion de sang<\/em>\u00a0\u00bb et qui a \u00e9t\u00e9 certifi\u00e9 par trois chefs d\u2019Etat africains. Selon nos confr\u00e8res de Radio France Internationale (RFI), il s\u2019agirait de l\u2019Afrique du Sud, l\u2019\u00c9gypte et le Kenya.<\/p>\n\n\n\n<p class=\"has-luminous-vivid-amber-background-color has-background\">Corneille Nangaa ne donne pas plus de pr\u00e9cision sur le contenu de cet accord. Mais si l\u2019on revient aux faits, on peut comprendre de quoi il s\u2019agit.<\/p>\n\n\n\n<figure class=\"wp-block-image is-resized is-style-zoooom\"><img loading=\"lazy\" decoding=\"async\" src=\"https:\/\/congokin.blog\/wp-content\/uploads\/2023\/09\/image-5.jpeg\" alt=\"\" class=\"wp-image-12617\" style=\"width:900px;height:1273px\" width=\"900\" height=\"1273\" srcset=\"https:\/\/congokin.blog\/wp-content\/uploads\/2023\/09\/image-5.jpeg 724w, https:\/\/congokin.blog\/wp-content\/uploads\/2023\/09\/image-5-212x300.jpeg 212w\" sizes=\"auto, (max-width: 900px) 100vw, 900px\" \/><\/figure>\n\n\n\n<figure class=\"wp-block-image is-resized is-style-zoooom\"><img loading=\"lazy\" decoding=\"async\" src=\"https:\/\/congokin.blog\/wp-content\/uploads\/2023\/09\/image-6.jpeg\" alt=\"\" class=\"wp-image-12618\" style=\"width:893px;height:1263px\" width=\"893\" height=\"1263\" srcset=\"https:\/\/congokin.blog\/wp-content\/uploads\/2023\/09\/image-6.jpeg 724w, https:\/\/congokin.blog\/wp-content\/uploads\/2023\/09\/image-6-212x300.jpeg 212w\" sizes=\"auto, (max-width: 893px) 100vw, 893px\" \/><\/figure>\n\n\n\n<figure class=\"wp-block-image is-resized is-style-zoooom\"><img loading=\"lazy\" decoding=\"async\" src=\"https:\/\/congokin.blog\/wp-content\/uploads\/2023\/09\/image-4.jpeg\" alt=\"\" class=\"wp-image-12616\" style=\"width:912px;height:1290px\" width=\"912\" height=\"1290\" srcset=\"https:\/\/congokin.blog\/wp-content\/uploads\/2023\/09\/image-4.jpeg 724w, https:\/\/congokin.blog\/wp-content\/uploads\/2023\/09\/image-4-212x300.jpeg 212w\" sizes=\"auto, (max-width: 912px) 100vw, 912px\" \/><\/figure>\n\n\n\n<p>De quels faits s\u2019agit-il&nbsp;? Apr\u00e8s le scrutin de d\u00e9cembre&nbsp;2018, les \u00e9v\u00eaques du Congo (Cenco), dont la voix est tr\u00e8s respect\u00e9e dans le pays, affirment que la victoire revient \u00e0 Martin Fayulu.<\/p>\n\n\n\n<p>Leur congr\u00e9gation avait d\u00e9ploy\u00e9 des observateurs. A l\u2019\u00e9poque, ils appellent la Commission \u00e9lectorale \u00e0 respecter la v\u00e9rit\u00e9 des urnes. Devant ces chiffres contradictoires, Martin Fayulu r\u00e9clame un recomptage des voix.<\/p>\n\n\n\n<p>Finalement, dans la nuit du 20&nbsp;janvier 2019, la Cour constitutionnelle estime que cette demande est \u00ab\u00a0<em>non-fond\u00e9e<\/em>\u00ab\u00a0. L\u2019arr\u00eat confirme la victoire de F\u00e9lix Tshisekedi.<\/p>\n\n\n\n<p>D\u00e9j\u00e0 \u00e0 l\u2019\u00e9poque, tr\u00e8s vite, l\u2019existence d\u2019un accord est \u00e9voqu\u00e9e&nbsp;: Joseph Kabila place F\u00e9lix Tshisekedi \u00e0 la t\u00eate du pays, moyennant une r\u00e9partition du contr\u00f4le des institutions et des portefeuilles cl\u00e9s au sein du gouvernement, entre leur formation respective.<\/p>\n\n\n\n<p>Aujourd\u2019hui, Corneille Nangaa l\u2019affirme noir sur blanc, en r\u00e9action aux propos de F\u00e9lix Tshisekedi, qu\u2019il a tenu la semaine derni\u00e8re lors d\u2019une conf\u00e9rence de presse \u00e0 New York, en marge de la 78e assembl\u00e9e g\u00e9n\u00e9rale des Nations-Unies. Le pr\u00e9sident congolais rejette tout en bloc.&nbsp;\u00ab\u00a0<em>Il n\u2019y a jamais eu d\u2019arrangement entre le vainqueur de ces \u00e9lections, qui est face \u00e0 vous, et son pr\u00e9d\u00e9cesseur. Je veux dire d\u2019arrangements frauduleux. Ceux qui parlent de fraude, doivent en apporter les preuves<\/em>\u00ab\u00a0.<\/p>\n\n\n\n<figure class=\"wp-block-image is-style-zoooom\"><img loading=\"lazy\" decoding=\"async\" width=\"1920\" height=\"1079\" src=\"https:\/\/congokin.blog\/wp-content\/uploads\/2023\/09\/image-7.jpeg\" alt=\"F\u00e9lix Tshisekedi lors d\u2019une conf\u00e9rence de presse \u00e0 New York, en marge de la 78e assembl\u00e9e g\u00e9n\u00e9rale des Nations-Unies, septembre\u00a02023.\" class=\"wp-image-12619\" srcset=\"https:\/\/congokin.blog\/wp-content\/uploads\/2023\/09\/image-7.jpeg 1920w, https:\/\/congokin.blog\/wp-content\/uploads\/2023\/09\/image-7-300x169.jpeg 300w, https:\/\/congokin.blog\/wp-content\/uploads\/2023\/09\/image-7-1024x575.jpeg 1024w, https:\/\/congokin.blog\/wp-content\/uploads\/2023\/09\/image-7-768x432.jpeg 768w, https:\/\/congokin.blog\/wp-content\/uploads\/2023\/09\/image-7-1536x863.jpeg 1536w, https:\/\/congokin.blog\/wp-content\/uploads\/2023\/09\/image-7-1320x742.jpeg 1320w\" sizes=\"auto, (max-width: 1920px) 100vw, 1920px\" \/><\/figure>\n\n\n\n<p><em>F\u00e9lix Tshisekedi lors d\u2019une conf\u00e9rence de presse \u00e0 New York, en marge de la 78e assembl\u00e9e g\u00e9n\u00e9rale des Nations-Unies, septembre&nbsp;2023.&nbsp;\u00a9 Tous droits r\u00e9serv\u00e9s<\/em><\/p>\n\n\n\n<blockquote class=\"wp-block-quote is-layout-flow wp-block-quote-is-layout-flow\">\n<p>Il assume ce deal, il ne le critique pas<\/p>\n<\/blockquote>\n\n\n\n<p>Des preuves, Fred Bauma affirme en d\u00e9tenir. Il est le directeur de l\u2019Institut congolais de recherche sur la politique, la gouvernance et la violence (Ebuteli). A l\u2019\u00e9poque, alors qu\u2019il \u00e9tait chercheur au sein du Groupe d\u2019\u00e9tudes sur le Congo (GEC), il avait capt\u00e9 deux types de documents provenant d\u2019une fuite exceptionnelle. Les premiers comportaient une base de donn\u00e9es attribu\u00e9e \u00e0 la CENI, qui porte sur 87% de suffrages exprim\u00e9s. Les seconds avaient \u00e9t\u00e9 produits par la Conf\u00e9rence \u00e9piscopale (Cenco), qui porte sur 42,92% des voix.<\/p>\n\n\n\n<p><a href=\"https:\/\/www.rfi.fr\/fr\/afrique\/20190115-elections-rdc-trouve-verite-urnes\">Ces milliers de pages ont \u00e9t\u00e9 analys\u00e9es \u00e9galement par le Financial Times, TV5 Monde et RFI.<\/a>&nbsp;Elles indiquent selon ces m\u00e9dias, que le vainqueur n\u2019est pas celui annonc\u00e9 officiellement par la C\u00e9ni.<\/p>\n\n\n\n<p>Aujourd\u2019hui donc, Corneille Nangaa accuse F\u00e9lix Tshisekedi de mentir. Le probl\u00e8me, c\u2019est que lui aussi a menti s\u2019il a cach\u00e9 cet accord durant tout ce temps, alors qu\u2019il \u00e9tait garant des r\u00e9sultats officiels. \u00ab\u00a0<em>Est-il lui-m\u00eame cr\u00e9dible pour poser cet acte, vu le r\u00f4le qu\u2019il a jou\u00e9&nbsp;?\u00a0\u00bb,&nbsp;<\/em>commente Fred Bauma, \u00ab\u00a0<em>D\u2019autant plus qu\u2019il n\u2019est pas dans la repentance. Il assume ce deal, il ne le critique pas<\/em>\u00ab\u00a0.<\/p>\n\n\n\n<p>La sortie de Corneille Nangaa n\u2019est probablement pas innocente, du fait qu\u2019il a annonc\u00e9 sa candidature \u00e0 l\u2019\u00e9lection pr\u00e9sidentielle du 20&nbsp;d\u00e9cembre.<\/p>\n\n\n\n<figure class=\"wp-block-image is-style-zoooom\"><img loading=\"lazy\" decoding=\"async\" width=\"1920\" height=\"1080\" src=\"https:\/\/congokin.blog\/wp-content\/uploads\/2023\/09\/image-8.jpeg\" alt=\"Le pr\u00e9sident sortant de la R\u00e9publique d\u00e9mocratique du Congo, Joseph Kabila (\u00e0 gauche), serre la main du nouveau pr\u00e9sident F\u00e9lix Tshisekedi, le 24\u00a0janvier 2019, apr\u00e8s son investiture \u00e0 Kinshasa.\" class=\"wp-image-12620\" srcset=\"https:\/\/congokin.blog\/wp-content\/uploads\/2023\/09\/image-8.jpeg 1920w, https:\/\/congokin.blog\/wp-content\/uploads\/2023\/09\/image-8-300x169.jpeg 300w, https:\/\/congokin.blog\/wp-content\/uploads\/2023\/09\/image-8-1024x576.jpeg 1024w, https:\/\/congokin.blog\/wp-content\/uploads\/2023\/09\/image-8-768x432.jpeg 768w, https:\/\/congokin.blog\/wp-content\/uploads\/2023\/09\/image-8-1536x864.jpeg 1536w, https:\/\/congokin.blog\/wp-content\/uploads\/2023\/09\/image-8-1320x743.jpeg 1320w\" sizes=\"auto, (max-width: 1920px) 100vw, 1920px\" \/><\/figure>\n\n\n\n<p><em>Le pr\u00e9sident sortant de la R\u00e9publique d\u00e9mocratique du Congo, Joseph Kabila (\u00e0 gauche), serre la main du nouveau pr\u00e9sident F\u00e9lix Tshisekedi, le 24&nbsp;janvier 2019, apr\u00e8s son investiture \u00e0 Kinshasa.&nbsp;\u00a9&nbsp;AFP or licensors<\/em><\/p>\n\n\n\n<blockquote class=\"wp-block-quote is-layout-flow wp-block-quote-is-layout-flow\">\n<p>Il reste chez les Congolais un besoin de v\u00e9rit\u00e9 et de justice<\/p>\n<\/blockquote>\n\n\n\n<p>\u00ab\u00a0<em>La cr\u00e9dibilit\u00e9 des \u00e9lections de&nbsp;2018 est une question qui divise les congolais depuis tr\u00e8s longtemps<\/em>\u00ab\u00a0, ajoute Fred Bauma. L\u2019ombre d\u2019un \u00ab\u00a0deal\u00a0\u00bb a plan\u00e9 durant tout le mandat du pr\u00e9sident F\u00e9lix Tshisekedi, ce qui a entam\u00e9 sa cr\u00e9dibilit\u00e9 au niveau international, selon de nombreux observateurs.<\/p>\n\n\n\n<p>\u00ab\u00a0<em>La nouveaut\u00e9 ici<\/em>\u00ab\u00a0, analyse Fred Bauma, \u00ab\u00a0<em>c\u2019est d\u2019entendre l\u2019ancien pr\u00e9sident de la CENI parler de l\u2019existence de ce deal, parler de son r\u00f4le comme co-auteur, c\u2019est qui est un aveu d\u2019un crime. Parce que la Commission \u00e9lectorale s\u2019est substitu\u00e9e aux congolais pour passer un accord qui va \u00e0 l\u2019encontre du choix populaire<\/em>.\u00a0\u00bb<\/p>\n\n\n\n<p>A trois mois des \u00e9lections, ces accusations sont graves. Elles relancent la crainte de fraudes. Pour Fred Bauma, elles ont le m\u00e9rite de relancer le d\u00e9bat&nbsp;: \u00ab\u00a0<em>La seule vertu de ce d\u00e9bat aujourd\u2019hui, est de questionner le r\u00f4le de la CENI \u00e0 l\u2019\u00e9poque. Il reste chez les Congolais un besoin de v\u00e9rit\u00e9 et de justice, ils veulent savoir ce qu\u2019il s\u2019est pass\u00e9 en&nbsp;2019. On doit le savoir pour \u00e9viter que \u00e7a ne se r\u00e9p\u00e8te, surtout dans un contexte o\u00f9 le processus \u00e9lectoral, aujourd\u2019hui, est tr\u00e8s contest\u00e9<\/em>.\u00a0\u00bb<\/p>\n\n\n\n<p>L\u2019opposition d\u00e9nonce un processus \u00e9lectoral b\u00e2cl\u00e9 par les autorit\u00e9s, ainsi que des r\u00e9pressions.<gwmw style=\"display:none;\"><\/gwmw><\/p>\n<div style=\"text-align:center\" class=\"wps-pgfw-pdf-generate-icon__wrapper-frontend\">\n\t\t<a href=\"https:\/\/congokin.blog?action=genpdf&amp;id=12615\" class=\"pgfw-single-pdf-download-button\" ><img src=\"https:\/\/congokin.blog\/wp-content\/plugins\/pdf-generator-for-wp\/admin\/src\/images\/PDF_Tray.svg\" title=\"G\u00e9n\u00e9rer un PDF\" style=\"width:auto; height:45px;\"><\/a>\n\t\t<\/div>","protected":false},"excerpt":{"rendered":"<p>Cette fois, c\u2019est \u00e9crit noir sur blanc. Corneille Nangaa, l\u2019ancien pr\u00e9sident de la Commission \u00e9lectorale (C\u00e9ni), affirme dans un communiqu\u00e9 qu\u2019un accord frauduleux a \u00e9t\u00e9 pass\u00e9 entre F\u00e9lix Tshisekedi, l\u2019actuel pr\u00e9sident de la R\u00e9publique d\u00e9mocratique du Congo (RDC), et son pr\u00e9d\u00e9cesseur Joseph Kabila, juste avant la publication des r\u00e9sultats du scrutin pr\u00e9sidentiel de d\u00e9cembre&nbsp;2018. Corneille [&hellip;]<\/p>\n","protected":false},"author":8,"featured_media":0,"comment_status":"open","ping_status":"closed","sticky":false,"template":"","format":"standard","meta":{"footnotes":""},"categories":[4,6,7],"tags":[],"class_list":["post-12615","post","type-post","status-publish","format-standard","hentry","category-documents","category-justice","category-politique"],"_links":{"self":[{"href":"https:\/\/congokin.blog\/index.php?rest_route=\/wp\/v2\/posts\/12615","targetHints":{"allow":["GET"]}}],"collection":[{"href":"https:\/\/congokin.blog\/index.php?rest_route=\/wp\/v2\/posts"}],"about":[{"href":"https:\/\/congokin.blog\/index.php?rest_route=\/wp\/v2\/types\/post"}],"author":[{"embeddable":true,"href":"https:\/\/congokin.blog\/index.php?rest_route=\/wp\/v2\/users\/8"}],"replies":[{"embeddable":true,"href":"https:\/\/congokin.blog\/index.php?rest_route=%2Fwp%2Fv2%2Fcomments&post=12615"}],"version-history":[{"count":3,"href":"https:\/\/congokin.blog\/index.php?rest_route=\/wp\/v2\/posts\/12615\/revisions"}],"predecessor-version":[{"id":12624,"href":"https:\/\/congokin.blog\/index.php?rest_route=\/wp\/v2\/posts\/12615\/revisions\/12624"}],"wp:attachment":[{"href":"https:\/\/congokin.blog\/index.php?rest_route=%2Fwp%2Fv2%2Fmedia&parent=12615"}],"wp:term":[{"taxonomy":"category","embeddable":true,"href":"https:\/\/congokin.blog\/index.php?rest_route=%2Fwp%2Fv2%2Fcategories&post=12615"},{"taxonomy":"post_tag","embeddable":true,"href":"https:\/\/congokin.blog\/index.php?rest_route=%2Fwp%2Fv2%2Ftags&post=12615"}],"curies":[{"name":"wp","href":"https:\/\/api.w.org\/{rel}","templated":true}]}}