{"id":12625,"date":"2023-09-28T19:40:59","date_gmt":"2023-09-28T19:40:59","guid":{"rendered":"https:\/\/congokin.blog\/?p=12625"},"modified":"2023-09-28T19:41:00","modified_gmt":"2023-09-28T19:41:00","slug":"dans-lest-de-la-rdc-fragile-cessez-le-feu-entre-les-fardc-et-le-m23","status":"publish","type":"post","link":"https:\/\/congokin.blog\/?p=12625","title":{"rendered":"Dans l\u2019est de la RDC, fragile cessez-le-feu entre les FARDC et le M23"},"content":{"rendered":"\n<p>POLITIQUE<\/p>\n\n\n\n<h1 class=\"wp-block-heading\">Dans l\u2019est de la RDC, fragile cessez-le-feu entre les FARDC et le M23<\/h1>\n\n\n\n<h2 class=\"wp-block-heading\">L\u2019arm\u00e9e congolaise a accus\u00e9 mercredi les rebelles d\u2019avoir tent\u00e9 de reprendre certaines positions abandonn\u00e9es dans le cadre du cessez-le-feu et de vouloir de nouveau se rapprocher de Goma (Nord-Kivu).<gwmw style=\"display:none;\"><\/gwmw><\/h2>\n\n\n\n<p>28 septembre 2023 \u00e0 18:44<\/p>\n\n\n\n<p>Par&nbsp;<a href=\"https:\/\/www.jeuneafrique.com\/auteurs\/v.duhem\/\">Vincent Duhem<\/a><\/p>\n\n\n\n<p>Mis \u00e0 jour le 28 septembre 2023 \u00e0 18:44<\/p>\n\n\n\n<figure class=\"wp-block-image is-style-zoooom\"><img decoding=\"async\" src=\"https:\/\/prod.cdn-medias.jeuneafrique.com\/cdn-cgi\/image\/q=100,f=auto,metadata=none,width=1256,height=628\/https:\/\/prod.cdn-medias.jeuneafrique.com\/medias\/2023\/09\/28\/jad20230928-ass-rdc-est-fragile-cessez-le-feu-1256x628-1695919266.jpg\" alt=\"\"\/><figcaption class=\"wp-element-caption\">Des soldats congolais pr\u00e8s de Kibumba, dans l\u2019est de la RDC, le 22 mai 2022., \u00a9 ARLETTE BASHIZI\/AFP<\/figcaption><\/figure>\n\n\n\n<p>Depuis la mise en place d\u2019un cessez-le-feu et le retrait partiel des zones occup\u00e9es par le M23, le mouvement rebelle et les autorit\u00e9s congolaises se livrent une intense guerre de communication. Si les affrontements directs sont rares, les communiqu\u00e9s fusent. Dernier \u00e9pisode en date : la diffusion, mercredi 27 septembre, d\u2019un communiqu\u00e9 du porte-parole du gouverneur du Nord-Kivu qui accuse le M23 d\u2019avoir pris le contr\u00f4le de nouvelles localit\u00e9s.<\/p>\n\n\n\n<h2 class=\"wp-block-heading\">Pression des FARDC<\/h2>\n\n\n\n<p>\u00ab&nbsp;Il s\u2019agit de Kibarizo, de Kabalekasha, de Kirumbu Bukombo, de Rugogwe, de Busumba et de Burungu en territoire de Masisi, de la colline de Ruhunda \u00e0 Kibumba en territoire de Nyiragongo&nbsp;\u00bb, liste le document. L\u2019arm\u00e9e pr\u00e9cise que le M23 a tent\u00e9 ce mercredi de s\u2019installer \u00ab&nbsp;sur la cr\u00eate Kanyamahoro, \u00e0 Kibumba&nbsp;\u00bb, allant jusqu\u2019\u00e0 se positionner \u00e0 l\u2019int\u00e9rieur du p\u00e9rim\u00e8tre s\u00e9curis\u00e9 par&nbsp;<a href=\"https:\/\/www.jeuneafrique.com\/1388706\/politique\/est-de-la-rdc-felix-tshisekedi-peut-il-vraiment-compter-sur-la-force-regionale-conjointe\/\">la force r\u00e9gionale de l\u2019EAC, d\u00e9ploy\u00e9e depuis novembre&nbsp;2022&nbsp;et dont le mandat a \u00e9t\u00e9 prolong\u00e9 jusqu\u2019au 8 d\u00e9cembre<\/a>. \u00ab&nbsp;Il a fallu la pression des FARDC et la dissuasion de la force r\u00e9gionale pour que [les rebelles] se retirent&nbsp;\u00bb, pr\u00e9cise le texte.\u00c0 LIRE<a href=\"https:\/\/www.jeuneafrique.com\/1466570\/politique\/dans-lest-de-la-rdc-felix-tshisekedi-privatise-t-il-la-guerre-contre-le-m23\/\">Dans l\u2019est de la RDC, F\u00e9lix Tshisekedi privatise-t-il la guerre contre le M23 ?<\/a><\/p>\n\n\n\n<p>Une source militaire \u00e0 Goma affirme que \u00ab&nbsp;le M23 a r\u00e9occup\u00e9 certaines positions en r\u00e9ponse&nbsp;<a href=\"https:\/\/www.jeuneafrique.com\/1424655\/politique\/en-rdc-des-miliciens-pourraient-ils-devenir-des-reservistes-de-larmee\/\">\u00e0 la pression des milices d\u2019auto-d\u00e9fense wazalendos<\/a>&nbsp;dans le Masisi. Une n\u00e9gociation a permis de leur faire quitter leurs positions de Kibumba&nbsp;\u00bb.<\/p>\n\n\n\n<p>R\u00e9unis le 9 f\u00e9vrier 2023, les pays de l\u2019EAC avaient donn\u00e9 jusqu\u2019\u00e0 la fin du mois de mars suivant au M23 pour se retirer de ses positions. Cette op\u00e9ration, qui \u00e9tait cens\u00e9e s\u2019accompagner d\u2019un dialogue, devait \u00eatre supervis\u00e9e par les diff\u00e9rents contingents de la force r\u00e9gionale (burundais, kenyans, sud-soudanais et ougandais).&nbsp;<a href=\"https:\/\/www.jeuneafrique.com\/1424852\/politique\/dans-lest-de-la-rdc-les-combats-continuent-malgre-le-cessez-le-feu\/\">Mais le dialogue annonc\u00e9 ne s\u2019est jamais concr\u00e9tis\u00e9 et le retrait du M23 ne fut que partiel.<\/a><\/p>\n\n\n\n<h2 class=\"wp-block-heading\">Instructeurs roumains<\/h2>\n\n\n\n<p>Fin f\u00e9vrier, de violents combats avaient oppos\u00e9 le M23 \u00e0 l\u2019arm\u00e9e congolaise, appuy\u00e9e par des instructeurs roumains dirig\u00e9s par l\u2019ancien l\u00e9gionnaire Hora\u021biu Potra, autour de Sak\u00e9 (situ\u00e9e \u00e0 une trentaine de km \u00e0 l\u2019ouest de Goma, la capitale du Nord-Kivu). Ces affrontements avaient entrain\u00e9 un recul des rebelles et quelques peu fig\u00e9 les positions,&nbsp;<a href=\"https:\/\/www.jeuneafrique.com\/1435242\/politique\/m23-en-rdc-de-nouveaux-affrontements-pres-de-goma\/\">malgr\u00e9 de nouveaux affrontements r\u00e9guliers entre rebelles et miliciens.<\/a><\/p>\n\n\n\n<p>\u00ab&nbsp;Le M23 a laiss\u00e9 tomber l\u2019id\u00e9e de prendre Sak\u00e9 ou Goma. Mais ils se renforcent dans le Masisi. Ils ont profit\u00e9 du cessez-le-feu pour taper les FDRL [Forces d\u00e9mocratiques de lib\u00e9ration du Rwanda]. Ils se rapprochent des positions des Burundais, parfois \u00e0 quelques centaines de m\u00e8tres, comme s\u2019ils se tenaient pr\u00eats \u00e0 profiter d\u2019un possible d\u00e9part de l\u2019EAC&nbsp;\u00bb, explique une source militaire \u00e0 Goma.<\/p>\n\n\n\n<p>Dans les faits, le M23 est pr\u00e9sent un peu partout \u00e0&nbsp;l\u2019int\u00e9rieur&nbsp;de la zone de d\u00e9ploiement de l\u2019EAC, explique cette m\u00eame source. Zone o\u00f9, selon l\u2019ONU, les rebelles ont \u00ab&nbsp;mis en place des administrations parall\u00e8les et ill\u00e9gales, avec pr\u00e9l\u00e8vement de taxes et de droits de douane&nbsp;\u00bb.<\/p>\n\n\n\n<p>Le M23 diffuse n\u00e9anmoins r\u00e9guli\u00e8rement sur les r\u00e9seaux sociaux des vid\u00e9os cens\u00e9es attester de l\u2019emprise du groupe dans la r\u00e9gion. L\u2019une d\u2019elles, post\u00e9e sur X (anciennement Twitter), le 21 septembre, montrait le porte-parole parole politique du M23, Lawrence Kanyuka, s\u2019adresser aux populations de Kibumba, l\u2019une des localit\u00e9s mentionn\u00e9es dans le communiqu\u00e9 de l\u2019arm\u00e9e congolaise en date du 27 septembre.<\/p>\n\n\n\n<p><a href=\"https:\/\/www.jeuneafrique.com\/1485029\/politique\/a-lonu-le-president-de-la-rdc-insiste-pour-un-retrait-accelere-des-casques-bleus\/\">Lawrence Kanyuka r\u00e9pondait alors au chef de l\u2019\u00c9tat congolais qui, quelques jours plus t\u00f4t \u00e0 la tribune de la 78e session de l\u2019Assembl\u00e9e g\u00e9n\u00e9rale des Nations unies, \u00e0 New York<\/a>, avait une nouvelle fois \u00e9cart\u00e9 l\u2019id\u00e9e d\u2019un dialogue avec le M23.<\/p>\n\n\n\n<h2 class=\"wp-block-heading\">Offensive des FARDC<\/h2>\n\n\n\n<p>Combien de temps ce cessez-le-feu si fragile peut-il durer ? Depuis plusieurs mois, Goma bruisse de rumeurs d\u2019une offensive imminente des FARDC. Certaines sources \u00e9voquaient m\u00eame la date de juillet ou de septembre, sans que cela ne se concr\u00e9tise.<\/p>\n\n\n\n<blockquote class=\"wp-block-quote is-layout-flow wp-block-quote-is-layout-flow\">\n<p>L\u2019ARM\u00c9E A COMMENC\u00c9 \u00c0 POSER LES JALONS. ELLE N\u2019EST PAS ENCORE PR\u00caTE, MAIS L\u2019OFFENSIVE ARRIVERA T\u00d4T OU TARD<\/p>\n<\/blockquote>\n\n\n\n<p>L\u2019arm\u00e9e congolaise a malgr\u00e9 tout consid\u00e9rablement renforc\u00e9 ses positions. Des contingents de la Garde r\u00e9publicaine, form\u00e9e par des instructeurs isra\u00e9liens, ont rejoint la capitale du Nord-Kivu. L\u2019a\u00e9roport de Kavumu (Sud-Kivu) est lui en pleine r\u00e9fection et accueillera prochainement les trois drones de combat CH-4, acquis au d\u00e9but de l\u2019ann\u00e9e 2023 par l\u2019\u00c9tat congolais aupr\u00e8s de la soci\u00e9t\u00e9 China Aerospace Science and Technology Corporation (CASC) pour 150 millions de dollars.<\/p>\n\n\n\n<p>\u00ab&nbsp;L\u2019arm\u00e9e a commenc\u00e9 \u00e0 poser les jalons. Elle n\u2019est pas encore pr\u00eate, mais l\u2019offensive arrivera t\u00f4t ou tard&nbsp;\u00bb, assure&nbsp;un&nbsp;haut-grad\u00e9.<\/p>\n\n\n\n<h3 class=\"wp-block-heading\">\u00c0 LIRE AUSSI<gwmw style=\"display:none;\"><\/gwmw><\/h3>\n<div style=\"text-align:center\" class=\"wps-pgfw-pdf-generate-icon__wrapper-frontend\">\n\t\t<a href=\"https:\/\/congokin.blog?action=genpdf&amp;id=12625\" class=\"pgfw-single-pdf-download-button\" ><img src=\"https:\/\/congokin.blog\/wp-content\/plugins\/pdf-generator-for-wp\/admin\/src\/images\/PDF_Tray.svg\" title=\"G\u00e9n\u00e9rer un PDF\" style=\"width:auto; height:45px;\"><\/a>\n\t\t<\/div>","protected":false},"excerpt":{"rendered":"<p>POLITIQUE Dans l\u2019est de la RDC, fragile cessez-le-feu entre les FARDC et le M23 L\u2019arm\u00e9e congolaise a accus\u00e9 mercredi les rebelles d\u2019avoir tent\u00e9 de reprendre certaines positions abandonn\u00e9es dans le cadre du cessez-le-feu et de vouloir de nouveau se rapprocher de Goma (Nord-Kivu). 28 septembre 2023 \u00e0 18:44 Par&nbsp;Vincent Duhem Mis \u00e0 jour le 28 [&hellip;]<\/p>\n","protected":false},"author":8,"featured_media":0,"comment_status":"open","ping_status":"closed","sticky":false,"template":"","format":"standard","meta":{"footnotes":""},"categories":[7,8],"tags":[],"class_list":["post-12625","post","type-post","status-publish","format-standard","hentry","category-politique","category-societe"],"_links":{"self":[{"href":"https:\/\/congokin.blog\/index.php?rest_route=\/wp\/v2\/posts\/12625","targetHints":{"allow":["GET"]}}],"collection":[{"href":"https:\/\/congokin.blog\/index.php?rest_route=\/wp\/v2\/posts"}],"about":[{"href":"https:\/\/congokin.blog\/index.php?rest_route=\/wp\/v2\/types\/post"}],"author":[{"embeddable":true,"href":"https:\/\/congokin.blog\/index.php?rest_route=\/wp\/v2\/users\/8"}],"replies":[{"embeddable":true,"href":"https:\/\/congokin.blog\/index.php?rest_route=%2Fwp%2Fv2%2Fcomments&post=12625"}],"version-history":[{"count":1,"href":"https:\/\/congokin.blog\/index.php?rest_route=\/wp\/v2\/posts\/12625\/revisions"}],"predecessor-version":[{"id":12626,"href":"https:\/\/congokin.blog\/index.php?rest_route=\/wp\/v2\/posts\/12625\/revisions\/12626"}],"wp:attachment":[{"href":"https:\/\/congokin.blog\/index.php?rest_route=%2Fwp%2Fv2%2Fmedia&parent=12625"}],"wp:term":[{"taxonomy":"category","embeddable":true,"href":"https:\/\/congokin.blog\/index.php?rest_route=%2Fwp%2Fv2%2Fcategories&post=12625"},{"taxonomy":"post_tag","embeddable":true,"href":"https:\/\/congokin.blog\/index.php?rest_route=%2Fwp%2Fv2%2Ftags&post=12625"}],"curies":[{"name":"wp","href":"https:\/\/api.w.org\/{rel}","templated":true}]}}