{"id":12631,"date":"2023-10-02T22:29:25","date_gmt":"2023-10-02T22:29:25","guid":{"rendered":"https:\/\/congokin.blog\/?p=12631"},"modified":"2023-10-02T22:32:11","modified_gmt":"2023-10-02T22:32:11","slug":"denis-mukwege-candidat-a-la-presidentielle","status":"publish","type":"post","link":"https:\/\/congokin.blog\/?p=12631","title":{"rendered":"Denis Mukwege candidat \u00e0 la pr\u00e9sidentielle"},"content":{"rendered":"\n<p>POLITIQUE<gwmw style=\"display:none;\"><\/gwmw><\/p>\n\n\n\n<h1 class=\"wp-block-heading\">\u00ab&nbsp;J\u2019y vais maintenant&nbsp;!&nbsp;\u00bb&nbsp;: Denis Mukwege candidat \u00e0 la pr\u00e9sidentielle<\/h1>\n\n\n\n<h2 class=\"wp-block-heading\">Le laur\u00e9at du prix Nobel de la paix de 2018 a annonc\u00e9 sa candidature \u00e0 la magistrature supr\u00eame en RDC. Reste d\u00e9sormais \u00e0 savoir si, \u00e0 deux mois et demi du scrutin, il parviendra \u00e0 s\u2019imposer au sein d\u2019une opposition qui avance en ordre dispers\u00e9.<\/h2>\n\n\n\n<p>2 octobre 2023 \u00e0 16:32<\/p>\n\n\n\n<p>Par\u00a0Romain Gras<\/p>\n\n\n\n<p>Mis \u00e0 jour le 2 octobre 2023 \u00e0 17:31<\/p>\n\n\n\n<figure class=\"wp-block-image\"><img decoding=\"async\" src=\"https:\/\/prod.cdn-medias.jeuneafrique.com\/cdn-cgi\/image\/q=100,f=auto,metadata=none,width=1256,height=628\/https:\/\/prod.cdn-medias.jeuneafrique.com\/medias\/2023\/10\/02\/jad20231002-ass-mukwege-candidat-1256x628-1696250430.jpg\" alt=\"\"\/><figcaption class=\"wp-element-caption\">Le Congolais Denis Mukwege (RDC), m\u00e9decin gyn\u00e9cologue, Prix Nobel de la paix 2018, \u00e0 Paris, le 13 d\u00e9cembre 2022. \u00a9 Vincent Fournier pour JA<\/figcaption><\/figure>\n\n\n\n<p class=\"has-luminous-vivid-amber-background-color has-background\">La rumeur n\u2019en est plus une. Arriv\u00e9 poings lev\u00e9s sous les hourras de ses partisans \u00e0 la paroisse Fatima, \u00e0 Kinshasa, c\u2019est face \u00e0 un parterre de sympathisants que\u00a0Denis Mukwege\u00a0a officialis\u00e9 sa candidature \u00e0 l\u2019\u00e9lection pr\u00e9sidentielle. \u00ab\u00a0Demain sera tard, a-t-il lanc\u00e9 sous les applaudissements du public, ce lundi 2 octobre. J\u2019y vais maintenant !\u00a0\u00bb\u00c0 LIREDenis Mukwege, le go\u00fbt du risque<\/p>\n\n\n\n<p class=\"has-luminous-vivid-amber-background-color has-background\">Le c\u00e9l\u00e8bre gyn\u00e9cologue congolais, qui s\u2019exprimait devant une grande affiche le pr\u00e9sentant comme \u00ab&nbsp;le choix du peuple&nbsp;\u00bb, est longuement revenu sur les raisons qui ont motiv\u00e9 sa d\u00e9cision. \u00ab&nbsp;Notre pays est devenu la honte du continent&nbsp;\u00bb, n\u2019a pas h\u00e9sit\u00e9 clamer le fondateur de l\u2019h\u00f4pital de Panzi.<\/p>\n\n\n\n<p class=\"has-luminous-vivid-amber-background-color has-background\">Fustigeant \u00ab&nbsp;les rapaces qui font main basse sur les richesses de la RDC&nbsp;\u00bb, Denis Mukwege a dress\u00e9 un bilan tr\u00e8s critique de l\u2019administration Tshisekedi, l\u2019accusant d\u2019avoir \u00ab&nbsp;pr\u00e9par\u00e9 la fraude&nbsp;\u00bb au lieu de \u00ab&nbsp;pr\u00e9parer un bilan&nbsp;\u00bb. D\u00e9non\u00e7ant tour \u00e0 tour \u00ab&nbsp;le d\u00e9bauchage politique&nbsp;\u00bb et \u00ab&nbsp;l\u2019intervention de forces \u00e9trang\u00e8res sans autorisation du Parlement&nbsp;\u00bb, le prix Nobel de la paix 2018 a estim\u00e9 que la \u00ab&nbsp;Constitution est foul\u00e9e par celui qui est cens\u00e9 en \u00eatre le garant supr\u00eame&nbsp;\u00bb, plaidant pour une \u00ab&nbsp;v\u00e9ritable rupture&nbsp;\u00bb.<\/p>\n\n\n\n<h2 class=\"wp-block-heading\">Critique \u00e0 l\u2019\u00e9gard de Tshisekedi<\/h2>\n\n\n\n<p>Ces derniers mois, l\u2019hypoth\u00e8se d\u2019une participation du prix Nobel de la Paix 2018 au scrutin du 20\u00a0d\u00e9cembre\u00a0avait pris de plus en plus d\u2019\u00e9paisseur. Jamais en retrait de l\u2019actualit\u00e9 de son pays, le m\u00e9decin congolais se limitait jusque-l\u00e0 \u00e0 des prises de paroles critiques \u00e0 l\u2019\u00e9gard du r\u00e9gime et du processus \u00e9lectoral en cours, sans toutefois se prononcer sur ses propres ambitions. Il s\u2019\u00e9tait content\u00e9 de dire que, \u00ab\u00a0si le peuple s\u2019organisait\u00a0\u00bb, il \u00ab\u00a0consid\u00e8rerait son appel.\u00a0\u00bb\u00c0 LIREPr\u00e9sidentielle en RDC : Matata Ponyo Mapon trace sa route\u2026 malgr\u00e9 les doutes<\/p>\n\n\n\n<p>Mais au fil des mois, il a progressivement donn\u00e9 corps \u00e0 l\u2019hypoth\u00e8se d\u2019une candidature. Le 26 d\u00e9cembre 2022, il a notamment sign\u00e9 une&nbsp;<a href=\"https:\/\/www.jeuneafrique.com\/1404117\/politique\/en-rdc-la-charge-de-mukwege-fayulu-et-matata-ponyo-contre-tshisekedi\/\">d\u00e9claration commune avec les opposants Martin Fayulu et Matata Ponyo Mapon<\/a>&nbsp;pour d\u00e9noncer le \u00ab&nbsp;d\u00e9ficit criant de leadership et de gouvernance&nbsp;\u00bb du r\u00e9gime actuel.<\/p>\n\n\n\n<h2 class=\"wp-block-heading\">Caution de 100 000 dollars<\/h2>\n\n\n\n<p>Denis Mukwege a \u00e9galement \u00e9t\u00e9 associ\u00e9 aux discussions\u00a0men\u00e9es, au d\u00e9but de l\u2019ann\u00e9e, entre plusieurs opposants, dont Mo\u00efse Katumbi, Delly Sesanga, Martin Fayulu et Matata Ponyo Mapon, afin de parvenir \u00e0 une position commune sur le contexte \u00e9lectoral. Il a aussi \u00ab\u00a0politis\u00e9\u00a0\u00bb son propre entourage en nommant, le 19 mai dernier, un conseiller sp\u00e9cial, en la personne d\u2019Albert Moleka, l\u2019ancien directeur de cabinet d\u2019\u00c9tienne Tshisekedi. Enfin, le 16 septembre, il a re\u00e7u de membres de la soci\u00e9t\u00e9 civile un ch\u00e8que de 100 000 dollars,\u00a0correspondant au montant de la caution\u00a0n\u00e9cessaire pour se pr\u00e9senter \u00e0 la pr\u00e9sidentielle.<\/p>\n\n\n\n<p>Denis Mukwege avait pourtant longtemps sembl\u00e9 tergiverser. \u00ab&nbsp;L\u2019homme qui r\u00e9pare les femmes&nbsp;\u00bb craignait-il, comme certains s\u2019en \u00e9taient convaincus, de compromettre un peu de son aura de prix Nobel en se lan\u00e7ant dans la course ?<\/p>\n\n\n\n<p>V\u00e9ritable ic\u00f4ne, le m\u00e9decin de 68 ans est aujourd\u2019hui re\u00e7u avec les honneurs du Vatican \u00e0 Washington, de Londres \u00e0 Bruxelles et jusqu\u2019\u00e0 Paris. Son h\u00f4pital est, lui aussi, devenu une \u00e9tape incontournable pour nombre de dirigeants qui se rendent en RDC. Lors de l\u2019annonce de sa candidature, il a notamment expliqu\u00e9 qu\u2019il fallait savoir \u00ab&nbsp;renoncer \u00e0 son confort personnel&nbsp;\u00bb.<\/p>\n\n\n\n<h2 class=\"wp-block-heading\">Regroupement politique<\/h2>\n\n\n\n<p>En coulisses, ses soutiens se sont en tout cas activ\u00e9s pour poser les jalons de sa candidature. Le 18 mai dernier, ils ont mis en place l\u2019Alliance des Congolais pour la refondation de la nation (ACRN), un regroupement de huit partis cens\u00e9s accompagner le m\u00e9decin dans la campagne.<\/p>\n\n\n\n<p>Si plusieurs sources internes \u00e0 l\u2019ACRN ont assur\u00e9 que Denis Mukwege n\u2019\u00e9tait pas impliqu\u00e9 dans la gestion de cette plateforme politique, c\u2019est n\u00e9anmoins l\u2019un de ses proches, le pasteur Roger Puati, qui en a pris la t\u00eate en juillet dernier. Ce dernier \u00e9tait d\u00e9j\u00e0 l\u2019un des signataires d\u2019une lettre de plusieurs intellectuels et personnalit\u00e9s de&nbsp;la&nbsp;soci\u00e9t\u00e9 civile publi\u00e9e le 30 juin et appelant \u00e0 la candidature de Denis Mukwege.<\/p>\n\n\n\n<p>Retoqu\u00e9e dans un premier temps, la liste des candidats de l\u2019ACRN aux \u00e9lections l\u00e9gislatives nationales a finalement \u00e9t\u00e9 rep\u00each\u00e9e. On y retrouve notamment quelques transfuges, comme le d\u00e9put\u00e9 Ados Ndombasi, qui a r\u00e9cemment quitt\u00e9 le parti de Martin Fayulu.\u00c0 LIRE<a href=\"https:\/\/www.jeuneafrique.com\/1469367\/politique\/presidentielle-en-rdc-les-grandes-manoeuvres-des-soutiens-de-denis-mukwege\/\">Pr\u00e9sidentielle en RDC : les grandes man\u0153uvres des soutiens de Denis Mukwege<\/a><\/p>\n\n\n\n<p>Ces derniers mois, Denis Mukwege a aussi pu rencontrer certains chefs d\u2019\u00c9tat de la sous-r\u00e9gion. Fin juin, il s\u2019est rendu notamment \u00e0 Brazzaville pour \u00e9changer avec le pr\u00e9sident Denis Sassou Nguesso. Un mois plus tard, il a effectu\u00e9 un discret s\u00e9jour en Angola. \u00c0 cette occasion, il a, selon nos informations, \u00e9t\u00e9 re\u00e7u par le pr\u00e9sident Jo\u00e3o Louren\u00e7o, le 27 juillet. L\u2019entourage du m\u00e9decin assure toutefois que la candidature du prix Nobel n\u2019a pas \u00e9t\u00e9 abord\u00e9e lors de ces deux rencontres.<\/p>\n\n\n\n<h2 class=\"wp-block-heading\">Opposition divis\u00e9e<\/h2>\n\n\n\n<p>D\u00e9sormais lanc\u00e9 dans la course, le fondateur de l\u2019h\u00f4pital de Panzi va devoir r\u00e9pondre \u00e0 plusieurs questions. La premi\u00e8re sera celle de l\u2019avenir de sa candidature au sein d\u2019une opposition qui avance en ordre dispers\u00e9, puisque plusieurs poids lourds se sont d\u00e9j\u00e0 d\u00e9clar\u00e9s. Outre Mo\u00efse Katumbi, qui vient d\u2019achever une tourn\u00e9e de trois semaines \u00e0 travers le pays, Delly Sesanga, dont la candidature va \u00eatre officialis\u00e9e \u00e0 l\u2019issue du congr\u00e8s de son parti, ou encore Matata Ponyo Mapon, qui a d\u00e9pos\u00e9 son dossier d\u00e8s le 9 septembre,\u00a0Martin Fayulu a lui aussi confirm\u00e9 sa participation\u00a0lors d\u2019une conf\u00e9rence de presse, le 30 septembre.\u00c0 LIREEn RDC, Martin Fayulu fait cavalier seul dans la derni\u00e8re ligne droite<\/p>\n\n\n\n<p>Dans ce contexte, un dialogue entre les diff\u00e9rents participants para\u00eet in\u00e9vitable si l\u2019opposition souhaite peser lors d\u2019un scrutin \u00e0 un tour. Reste \u00e0 savoir qui, dans ce sc\u00e9nario, accepterait de renoncer. Lors de son allocution, Mukwege a appel\u00e9 \u00ab&nbsp;\u00e0 la coalition et \u00e0 l\u2019unit\u00e9 des forces du changement&nbsp;\u00bb.<\/p>\n\n\n\n<p>Quid, enfin, de l\u2019assise politique de Denis Mukwege et de sa capacit\u00e9 \u00e0 rassembler ? On ne sait pour le moment pas grand-chose de son programme, dont le m\u00e9decin a dit qu\u2019il sera articul\u00e9 autour de douze piliers, dont deux seront la s\u00e9curit\u00e9 et de la paix. Le gyn\u00e9cologue, qui vivait jusque-l\u00e0 sous la protection de la Monusco, d\u00e9fend depuis longtemps l\u2019id\u00e9e de la mise en place d\u2019un tribunal p\u00e9nal international pour juger les crimes commis au Congo.<\/p>\n\n\n\n<p>L\u2019entourage du chef de l\u2019\u00c9tat assure de son c\u00f4t\u00e9 ne pas craindre la candidature de celui que ses d\u00e9tracteurs pr\u00e9sentent comme le \u00ab&nbsp;candidat de l\u2019Occident&nbsp;\u00bb, en r\u00e9f\u00e9rence \u00e0 l\u2019aura dont dispose le c\u00e9l\u00e8bre m\u00e9decin en Europe et aux \u00c9tats-Unis, notamment depuis son&nbsp;prix&nbsp;Nobel.<gwmw style=\"display:none;\"><\/gwmw><\/p>\n<div style=\"text-align:center\" class=\"wps-pgfw-pdf-generate-icon__wrapper-frontend\">\n\t\t<a href=\"https:\/\/congokin.blog?action=genpdf&amp;id=12631\" class=\"pgfw-single-pdf-download-button\" ><img src=\"https:\/\/congokin.blog\/wp-content\/plugins\/pdf-generator-for-wp\/admin\/src\/images\/PDF_Tray.svg\" title=\"G\u00e9n\u00e9rer un PDF\" style=\"width:auto; height:45px;\"><\/a>\n\t\t<\/div>","protected":false},"excerpt":{"rendered":"<p>POLITIQUE \u00ab&nbsp;J\u2019y vais maintenant&nbsp;!&nbsp;\u00bb&nbsp;: Denis Mukwege candidat \u00e0 la pr\u00e9sidentielle Le laur\u00e9at du prix Nobel de la paix de 2018 a annonc\u00e9 sa candidature \u00e0 la magistrature supr\u00eame en RDC. Reste d\u00e9sormais \u00e0 savoir si, \u00e0 deux mois et demi du scrutin, il parviendra \u00e0 s\u2019imposer au sein d\u2019une opposition qui avance en ordre dispers\u00e9. [&hellip;]<\/p>\n","protected":false},"author":9,"featured_media":0,"comment_status":"open","ping_status":"closed","sticky":false,"template":"","format":"standard","meta":{"footnotes":""},"categories":[6,7,8],"tags":[],"class_list":["post-12631","post","type-post","status-publish","format-standard","hentry","category-justice","category-politique","category-societe"],"_links":{"self":[{"href":"https:\/\/congokin.blog\/index.php?rest_route=\/wp\/v2\/posts\/12631","targetHints":{"allow":["GET"]}}],"collection":[{"href":"https:\/\/congokin.blog\/index.php?rest_route=\/wp\/v2\/posts"}],"about":[{"href":"https:\/\/congokin.blog\/index.php?rest_route=\/wp\/v2\/types\/post"}],"author":[{"embeddable":true,"href":"https:\/\/congokin.blog\/index.php?rest_route=\/wp\/v2\/users\/9"}],"replies":[{"embeddable":true,"href":"https:\/\/congokin.blog\/index.php?rest_route=%2Fwp%2Fv2%2Fcomments&post=12631"}],"version-history":[{"count":3,"href":"https:\/\/congokin.blog\/index.php?rest_route=\/wp\/v2\/posts\/12631\/revisions"}],"predecessor-version":[{"id":12634,"href":"https:\/\/congokin.blog\/index.php?rest_route=\/wp\/v2\/posts\/12631\/revisions\/12634"}],"wp:attachment":[{"href":"https:\/\/congokin.blog\/index.php?rest_route=%2Fwp%2Fv2%2Fmedia&parent=12631"}],"wp:term":[{"taxonomy":"category","embeddable":true,"href":"https:\/\/congokin.blog\/index.php?rest_route=%2Fwp%2Fv2%2Fcategories&post=12631"},{"taxonomy":"post_tag","embeddable":true,"href":"https:\/\/congokin.blog\/index.php?rest_route=%2Fwp%2Fv2%2Ftags&post=12631"}],"curies":[{"name":"wp","href":"https:\/\/api.w.org\/{rel}","templated":true}]}}