{"id":12635,"date":"2023-10-02T22:50:31","date_gmt":"2023-10-02T22:50:31","guid":{"rendered":"https:\/\/congokin.blog\/?p=12635"},"modified":"2023-10-02T22:52:13","modified_gmt":"2023-10-02T22:52:13","slug":"la-vsv-denonce-les-massacres-de-goma-et-met-en-lumiere-la-strategie-deffacement-des-traces","status":"publish","type":"post","link":"https:\/\/congokin.blog\/?p=12635","title":{"rendered":"La VSV d\u00e9nonce les massacres de Goma et met en lumi\u00e8re la strat\u00e9gie d\u2019effacement des traces"},"content":{"rendered":"\n<h1 class=\"wp-block-heading\">RDC : La VSV d\u00e9nonce les massacres de Goma et met en lumi\u00e8re la strat\u00e9gie d\u2019effacement des traces<\/h1>\n\n\n\n<p><\/p>\n\n\n\n<figure class=\"wp-block-image size-large\"><img loading=\"lazy\" decoding=\"async\" width=\"1024\" height=\"715\" src=\"https:\/\/congokin.blog\/wp-content\/uploads\/2023\/10\/image-2-1024x715.png\" alt=\"\" class=\"wp-image-12636\" srcset=\"https:\/\/congokin.blog\/wp-content\/uploads\/2023\/10\/image-2-1024x715.png 1024w, https:\/\/congokin.blog\/wp-content\/uploads\/2023\/10\/image-2-300x210.png 300w, https:\/\/congokin.blog\/wp-content\/uploads\/2023\/10\/image-2-768x536.png 768w, https:\/\/congokin.blog\/wp-content\/uploads\/2023\/10\/image-2.png 1114w\" sizes=\"auto, (max-width: 1024px) 100vw, 1024px\" \/><\/figure>\n\n\n\n<p>Manifestation anti-Monusco \u00e0 Goma<\/p>\n\n\n\n<h2 class=\"wp-block-heading\"><\/h2>\n\n\n\n<ul class=\"wp-block-list\">\n<li><em>Justice<\/em><\/li>\n\n\n\n<li>Lundi 2 octobre 2023 &#8211; 16:10<\/li>\n<\/ul>\n\n\n\n<p><strong>La Voix des Sans Voix pour les Droits de l\u2019Homme (VSV) exprime sa profonde consternation face au massacre qui a eu lieu \u00e0 Goma, chef-lieu de la province du Nord-Kivu, le mercredi 30 ao\u00fbt 2023. Cette organisation, en collaboration avec ses partenaires locaux, a men\u00e9 une enqu\u00eate approfondie pour recueillir des informations sur ce qui peut \u00eatre qualifi\u00e9 de crime contre l&rsquo;humanit\u00e9 et de crime de g\u00e9nocide, selon les crit\u00e8res du Statut de Rome de la Cour p\u00e9nale internationale.<\/strong><\/p>\n\n\n\n<p>La gravit\u00e9 de ces actes a incit\u00e9 la VSV \u00e0 r\u00e9agir rapidement, bien que les informations cr\u00e9dibles et fiables aient \u00e9t\u00e9 difficiles \u00e0 obtenir dans l&rsquo;imm\u00e9diat. La VSV suit attentivement le d\u00e9roulement du proc\u00e8s des militaires pr\u00e9sum\u00e9s responsables du massacre de plus de cinquante-cinq (55) adeptes de la secte mystico-religieuse \u00ab\u00a0Foi Naturelle Juda\u00efque et Messianique vers les Nations\u00a0\u00bb, \u00e9galement connue sous le nom de Wazalendo.<\/p>\n\n\n\n<p>La VSV esp\u00e8re que ce proc\u00e8s permettra de faire toute la lumi\u00e8re sur les \u00e9v\u00e9nements de la nuit du 30 ao\u00fbt 2023 \u00e0 Goma et d&rsquo;identifier les v\u00e9ritables auteurs de ce massacre, qui devront r\u00e9pondre de leurs actes criminels. Elle condamne fermement la r\u00e9pression brutale et disproportionn\u00e9e qui a conduit \u00e0 ce carnage, en violation flagrante des droits \u00e0 la vie, \u00e0 l&rsquo;int\u00e9grit\u00e9 physique et \u00e0 la propri\u00e9t\u00e9 des personnes.<\/p>\n\n\n\n<p>La VSV d\u00e9plore \u00e9galement la mort par lynchage d&rsquo;un membre de la Police Nationale Congolaise par des adeptes de Wazalendo. Ce policier avait lui aussi droit \u00e0 la vie, \u00e0 la s\u00e9curit\u00e9 personnelle et au respect de son int\u00e9grit\u00e9 physique. Les auteurs de cet acte ne doivent pas \u00e9chapper \u00e0 la justice.<\/p>\n\n\n\n<p>L&rsquo;organisation s&rsquo;indigne de l&rsquo;utilisation d&rsquo;armes l\u00e9tales par les militaires contre des adeptes non arm\u00e9s qui priaient dans leur \u00e9glise. De plus, elle condamne vigoureusement la mani\u00e8re dont les corps des victimes ont \u00e9t\u00e9 trait\u00e9s, jet\u00e9s dans un v\u00e9hicule comme s&rsquo;ils \u00e9taient des marchandises destin\u00e9es \u00e0 \u00eatre incin\u00e9r\u00e9es. Cette action a choqu\u00e9 la conscience de tous les \u00eatres humains et a terni l&rsquo;image de la R\u00e9publique D\u00e9mocratique du Congo.<\/p>\n\n\n\n<p>La VSV esp\u00e8re que le proc\u00e8s en cours permettra de faire la lumi\u00e8re sur le bilan exact de ce massacre et d&rsquo;identifier les auteurs intellectuels, commanditaires et ex\u00e9cutants, quel que soit leur rang. Cependant, compte tenu des circonstances entourant le carnage, il sera difficile de d\u00e9terminer le nombre pr\u00e9cis de personnes tu\u00e9es sans une enqu\u00eate ind\u00e9pendante et approfondie.<\/p>\n\n\n\n<p>En effet, selon les informations recueillies par la VSV, les militaires avaient mis en place une strat\u00e9gie consistant \u00e0 effacer les traces en ramassant les corps sans vie pour les faire dispara\u00eetre. Des corps auraient \u00e9t\u00e9 jet\u00e9s dans le Lac Kivu pour atteindre cet objectif.<\/p>\n\n\n\n<p>La VSV salue la r\u00e9action du gouvernement de la R\u00e9publique D\u00e9mocratique du Congo, qui a d\u00e9p\u00each\u00e9 une d\u00e9l\u00e9gation interminist\u00e9rielle de haut rang \u00e0 Goma pour \u00e9valuer la situation et prendre les mesures n\u00e9cessaires. De plus, elle appr\u00e9cie le rappel \u00e0 Kinshasa du gouverneur militaire Constant NDIMA KONGBA pour consultation sur les \u00e9v\u00e9nements de Goma.<\/p>\n\n\n\n<p>L&rsquo;organisation salue \u00e9galement le d\u00e9marrage du proc\u00e8s des pr\u00e9sum\u00e9s auteurs du massacre et esp\u00e8re que la justice fera la lumi\u00e8re sur cette affaire et que tous les responsables seront traduits en justice.<\/p>\n<div style=\"text-align:center\" class=\"wps-pgfw-pdf-generate-icon__wrapper-frontend\">\n\t\t<a href=\"https:\/\/congokin.blog?action=genpdf&amp;id=12635\" class=\"pgfw-single-pdf-download-button\" ><img src=\"https:\/\/congokin.blog\/wp-content\/plugins\/pdf-generator-for-wp\/admin\/src\/images\/PDF_Tray.svg\" title=\"G\u00e9n\u00e9rer un PDF\" style=\"width:auto; height:45px;\"><\/a>\n\t\t<\/div>","protected":false},"excerpt":{"rendered":"<p>RDC : La VSV d\u00e9nonce les massacres de Goma et met en lumi\u00e8re la strat\u00e9gie d\u2019effacement des traces Manifestation anti-Monusco \u00e0 Goma La Voix des Sans Voix pour les Droits de l\u2019Homme (VSV) exprime sa profonde consternation face au massacre qui a eu lieu \u00e0 Goma, chef-lieu de la province du Nord-Kivu, le mercredi 30 [&hellip;]<\/p>\n","protected":false},"author":9,"featured_media":0,"comment_status":"open","ping_status":"closed","sticky":false,"template":"","format":"standard","meta":{"footnotes":""},"categories":[3,6,7],"tags":[],"class_list":["post-12635","post","type-post","status-publish","format-standard","hentry","category-diplomatie","category-justice","category-politique"],"_links":{"self":[{"href":"https:\/\/congokin.blog\/index.php?rest_route=\/wp\/v2\/posts\/12635","targetHints":{"allow":["GET"]}}],"collection":[{"href":"https:\/\/congokin.blog\/index.php?rest_route=\/wp\/v2\/posts"}],"about":[{"href":"https:\/\/congokin.blog\/index.php?rest_route=\/wp\/v2\/types\/post"}],"author":[{"embeddable":true,"href":"https:\/\/congokin.blog\/index.php?rest_route=\/wp\/v2\/users\/9"}],"replies":[{"embeddable":true,"href":"https:\/\/congokin.blog\/index.php?rest_route=%2Fwp%2Fv2%2Fcomments&post=12635"}],"version-history":[{"count":1,"href":"https:\/\/congokin.blog\/index.php?rest_route=\/wp\/v2\/posts\/12635\/revisions"}],"predecessor-version":[{"id":12637,"href":"https:\/\/congokin.blog\/index.php?rest_route=\/wp\/v2\/posts\/12635\/revisions\/12637"}],"wp:attachment":[{"href":"https:\/\/congokin.blog\/index.php?rest_route=%2Fwp%2Fv2%2Fmedia&parent=12635"}],"wp:term":[{"taxonomy":"category","embeddable":true,"href":"https:\/\/congokin.blog\/index.php?rest_route=%2Fwp%2Fv2%2Fcategories&post=12635"},{"taxonomy":"post_tag","embeddable":true,"href":"https:\/\/congokin.blog\/index.php?rest_route=%2Fwp%2Fv2%2Ftags&post=12635"}],"curies":[{"name":"wp","href":"https:\/\/api.w.org\/{rel}","templated":true}]}}