{"id":12638,"date":"2023-10-03T18:13:13","date_gmt":"2023-10-03T18:13:13","guid":{"rendered":"https:\/\/congokin.blog\/?p=12638"},"modified":"2023-10-03T18:13:13","modified_gmt":"2023-10-03T18:13:13","slug":"en-rdc-mukwege-candidat-tshisekedi-en-tournee","status":"publish","type":"post","link":"https:\/\/congokin.blog\/?p=12638","title":{"rendered":"En RDC, Mukwege candidat, Tshisekedi en tourn\u00e9e"},"content":{"rendered":"\n<p>POLITIQUE<\/p>\n\n\n\n<h1 class=\"wp-block-heading\">En RDC, Mukwege candidat, Tshisekedi en tourn\u00e9e<\/h1>\n\n\n\n<h2 class=\"wp-block-heading\">Le prix Nobel de la paix vient de rejoindre la liste des candidats pour la pr\u00e9sidentielle de d\u00e9cembre prochain. Face au pr\u00e9sident sortant et dans un scrutin \u00e0 un tour, le risque de l\u2019\u00e9parpillement des voix est r\u00e9el.<\/h2>\n\n\n\n<p>3 octobre 2023 \u00e0 17:57<\/p>\n\n\n\n<p>Par&nbsp;<em>Jeune Afrique<\/em><\/p>\n\n\n\n<p>Mis \u00e0 jour le 3 octobre 2023 \u00e0 17:57<\/p>\n\n\n\n<figure class=\"wp-block-image\"><img decoding=\"async\" src=\"https:\/\/prod.cdn-medias.jeuneafrique.com\/cdn-cgi\/image\/q=100,f=auto,metadata=none,width=1256,height=628\/https:\/\/prod.cdn-medias.jeuneafrique.com\/medias\/2023\/10\/03\/mukwege-scaled-1256x628-1696344266.jpg\" alt=\"\"\/><figcaption class=\"wp-element-caption\">Denis Mukwege lors d\u2019un discours devant des partisans \u00e0 Kinshasa, le 2 octobre 2023. \u00a9 Arsene Mpiana \/ AFP<\/figcaption><\/figure>\n\n\n\n<p>Ce mardi 3 octobre, Denis Mukwege, prix Nobel de la paix 2018, a formellement d\u00e9pos\u00e9 sa candidature \u00e0 la pr\u00e9sidentielle de d\u00e9cembre en RDC, au lendemain de&nbsp;<a href=\"https:\/\/www.jeuneafrique.com\/1488338\/politique\/jy-vais-maintenant-denis-mukwege-candidat-a-la-presidentielle\/\">l\u2019annonce de sa d\u00e9cision<\/a>&nbsp;de se lancer dans la course.\u00c0 LIRE<a href=\"https:\/\/www.jeuneafrique.com\/1469367\/politique\/presidentielle-en-rdc-les-grandes-manoeuvres-des-soutiens-de-denis-mukwege\/\">Pr\u00e9sidentielle en RDC : les grandes man\u0153uvres des soutiens de Denis Mukwege<\/a><\/p>\n\n\n\n<p>\u00ab&nbsp;Le fait de d\u00e9poser ma candidature, de prendre la d\u00e9cision, de quitter mon confort, c\u2019est d\u00e9j\u00e0 une victoire pour moi. C\u2019est maintenant au peuple de d\u00e9cider&nbsp;\u00bb, a-t-il d\u00e9clar\u00e9 \u00e0 la presse&nbsp;\u00e0&nbsp;Kinshasa sur les marches de&nbsp;<a href=\"https:\/\/www.jeuneafrique.com\/1488229\/politique\/felix-tshisekedi-investi-la-course-a-la-presidentielle-officiellement-lancee\/\">la Commission \u00e9lectorale nationale ind\u00e9pendante (C\u00e9ni)<\/a>&nbsp;o\u00f9 il venait de d\u00e9poser son dossier.<\/p>\n\n\n\n<p>\u00ab&nbsp;Notre pays va tr\u00e8s mal [\u2026]. Le peuple congolais vit dans une forme d\u2019esclavage qui ne dit pas son nom, a-t-il ajout\u00e9. Indignez-vous, r\u00e9sistez, et si votre vote vous est vol\u00e9, vous avez le droit de faire la r\u00e9volution d\u00e9mocratique.&nbsp;\u00bb<\/p>\n\n\n\n<h2 class=\"wp-block-heading\">\u00c9ventuelles alliances<\/h2>\n\n\n\n<p>Il rejoint ainsi une liste d\u00e9j\u00e0 longue de candidats, dont des poids-lourds de l\u2019opposition comme Martin Fayulu ou Mo\u00efse Katumbi, qui comptent affronter le chef de l\u2019\u00c9tat sortant, F\u00e9lix Tshisekedi, qui a annonc\u00e9 d\u00e8s 2020 son intention de briguer un deuxi\u00e8me mandat et dont&nbsp;<a href=\"https:\/\/www.jeuneafrique.com\/1487058\/politique\/presidentielle-en-rdc-lunion-sacree-en-ordre-de-bataille-autour-de-felix-tshisekedi\/\">la machine \u00e9lectorale se met depuis des mois en ordre de bataille<\/a>.\u00c0 LIRE<a href=\"https:\/\/www.jeuneafrique.com\/1404288\/politique\/moise-katumbi-ma-candidature-a-la-presidentielle-de-2023-en-rdc-est-definitive\/\">Mo\u00efse Katumbi : \u00ab&nbsp;Ma candidature \u00e0 la pr\u00e9sidentielle de 2023 en RDC est d\u00e9finitive&nbsp;\u00bb<\/a><\/p>\n\n\n\n<p>Le scrutin \u00e9tant \u00e0 un seul tour, l\u2019\u00e9parpillement des candidatures augmente les chances du pr\u00e9sident sortant de l\u2019emporter, notent de nombreux observateurs de la&nbsp;vie&nbsp;politique congolaise, en s\u2019interrogeant sur les \u00e9ventuels alliances et regroupements qui pourraient s\u2019op\u00e9rer d\u2019ici les \u00e9lections. Les d\u00e9p\u00f4ts officiels de candidatures \u00e0 la pr\u00e9sidentielle vont se poursuivre jusqu\u2019\u00e0 la fin de la semaine.<\/p>\n\n\n\n<h2 class=\"wp-block-heading\">Pays riche<\/h2>\n\n\n\n<p>Pendant que&nbsp;<a href=\"https:\/\/www.jeuneafrique.com\/1410665\/politique\/denis-mukwege-le-gout-du-risque\/\">Denis Mukwege annon\u00e7ait sa candidature<\/a>, le chef de l\u2019\u00c9tat \u00e9tait en d\u00e9placement dans le sud-est du pays, o\u00f9 il a lanc\u00e9 les travaux d\u2019un pont&nbsp;<a href=\"https:\/\/www.jeuneafrique.com\/1222673\/politique\/la-rdc-et-la-zambie-vont-elles-enfin-regler-leur-differend-frontalier\/\">\u00e0 la fronti\u00e8re zambienne<\/a>&nbsp;et devait inaugurer diverses infrastructures. Des images l\u2019ont aussi montr\u00e9 dans une salle de classe toute neuve, entour\u00e9 d\u2019enfants.<\/p>\n\n\n\n<p>\u00ab&nbsp;Maintenant, les enfants du Congo vont \u00e9tudier dans des conditions excellentes, comme tous les autres enfants du monde\u2026 Vous y avez droit, vous avez un pays riche et vous devez profiter de cette richesse&nbsp;\u00bb, a lanc\u00e9 F\u00e9lix Tshisekedi. le chef de l\u2019\u00c9tat met en avant dans son bilan la gratuit\u00e9 de&nbsp;l\u2019enseignement&nbsp;primaire.<\/p>\n\n\n\n<p><strong>(Avec AFP)<\/strong><gwmw style=\"display:none;\"><\/gwmw><\/p>\n<div style=\"text-align:center\" class=\"wps-pgfw-pdf-generate-icon__wrapper-frontend\">\n\t\t<a href=\"https:\/\/congokin.blog?action=genpdf&amp;id=12638\" class=\"pgfw-single-pdf-download-button\" ><img src=\"https:\/\/congokin.blog\/wp-content\/plugins\/pdf-generator-for-wp\/admin\/src\/images\/PDF_Tray.svg\" title=\"G\u00e9n\u00e9rer un PDF\" style=\"width:auto; height:45px;\"><\/a>\n\t\t<\/div>","protected":false},"excerpt":{"rendered":"<p>POLITIQUE En RDC, Mukwege candidat, Tshisekedi en tourn\u00e9e Le prix Nobel de la paix vient de rejoindre la liste des candidats pour la pr\u00e9sidentielle de d\u00e9cembre prochain. Face au pr\u00e9sident sortant et dans un scrutin \u00e0 un tour, le risque de l\u2019\u00e9parpillement des voix est r\u00e9el. 3 octobre 2023 \u00e0 17:57 Par&nbsp;Jeune Afrique Mis \u00e0 [&hellip;]<\/p>\n","protected":false},"author":9,"featured_media":0,"comment_status":"open","ping_status":"closed","sticky":false,"template":"","format":"standard","meta":{"footnotes":""},"categories":[6,7,8],"tags":[],"class_list":["post-12638","post","type-post","status-publish","format-standard","hentry","category-justice","category-politique","category-societe"],"_links":{"self":[{"href":"https:\/\/congokin.blog\/index.php?rest_route=\/wp\/v2\/posts\/12638","targetHints":{"allow":["GET"]}}],"collection":[{"href":"https:\/\/congokin.blog\/index.php?rest_route=\/wp\/v2\/posts"}],"about":[{"href":"https:\/\/congokin.blog\/index.php?rest_route=\/wp\/v2\/types\/post"}],"author":[{"embeddable":true,"href":"https:\/\/congokin.blog\/index.php?rest_route=\/wp\/v2\/users\/9"}],"replies":[{"embeddable":true,"href":"https:\/\/congokin.blog\/index.php?rest_route=%2Fwp%2Fv2%2Fcomments&post=12638"}],"version-history":[{"count":1,"href":"https:\/\/congokin.blog\/index.php?rest_route=\/wp\/v2\/posts\/12638\/revisions"}],"predecessor-version":[{"id":12639,"href":"https:\/\/congokin.blog\/index.php?rest_route=\/wp\/v2\/posts\/12638\/revisions\/12639"}],"wp:attachment":[{"href":"https:\/\/congokin.blog\/index.php?rest_route=%2Fwp%2Fv2%2Fmedia&parent=12638"}],"wp:term":[{"taxonomy":"category","embeddable":true,"href":"https:\/\/congokin.blog\/index.php?rest_route=%2Fwp%2Fv2%2Fcategories&post=12638"},{"taxonomy":"post_tag","embeddable":true,"href":"https:\/\/congokin.blog\/index.php?rest_route=%2Fwp%2Fv2%2Ftags&post=12638"}],"curies":[{"name":"wp","href":"https:\/\/api.w.org\/{rel}","templated":true}]}}