{"id":12640,"date":"2023-10-03T18:27:23","date_gmt":"2023-10-03T18:27:23","guid":{"rendered":"https:\/\/congokin.blog\/?p=12640"},"modified":"2023-10-03T18:28:00","modified_gmt":"2023-10-03T18:28:00","slug":"denis-mukwege-une-candidature-a-haut-risque-a-la-presidence-de-la-rdc","status":"publish","type":"post","link":"https:\/\/congokin.blog\/?p=12640","title":{"rendered":"Denis Mukwege, une candidature \u00e0 haut risque \u00e0 la pr\u00e9sidence de la RDC"},"content":{"rendered":"\n<p>MONDE AFRIQUE<\/p>\n\n\n\n<h1 class=\"wp-block-heading\">Denis Mukwege, une candidature \u00e0 haut risque \u00e0 la pr\u00e9sidence de la RDC<\/h1>\n\n\n\n<figure class=\"wp-block-image\"><img loading=\"lazy\" decoding=\"async\" width=\"1920\" height=\"1079\" src=\"https:\/\/congokin.blog\/wp-content\/uploads\/2023\/10\/image.jpeg\" alt=\"\" class=\"wp-image-12641\" srcset=\"https:\/\/congokin.blog\/wp-content\/uploads\/2023\/10\/image.jpeg 1920w, https:\/\/congokin.blog\/wp-content\/uploads\/2023\/10\/image-300x169.jpeg 300w, https:\/\/congokin.blog\/wp-content\/uploads\/2023\/10\/image-1024x575.jpeg 1024w, https:\/\/congokin.blog\/wp-content\/uploads\/2023\/10\/image-768x432.jpeg 768w, https:\/\/congokin.blog\/wp-content\/uploads\/2023\/10\/image-1536x863.jpeg 1536w, https:\/\/congokin.blog\/wp-content\/uploads\/2023\/10\/image-1320x742.jpeg 1320w\" sizes=\"auto, (max-width: 1920px) 100vw, 1920px\" \/><\/figure>\n\n\n\n<p>\u00a9&nbsp;AFP<\/p>\n\n\n\n<p>hier \u00e0 10:16 &#8211; mise \u00e0 jour il y a 9 heures\u20224 min<\/p>\n\n\n\n<p>Par Beno\u00eet Feyt<\/p>\n\n\n\n<ul class=\"wp-block-list\">\n<li>PARTAGE<\/li>\n<\/ul>\n\n\n\n<p>\u00c9couter l&rsquo;article<\/p>\n\n\n\n<p>C\u2019est la fin d\u2019un long suspense. Le Dr Denis Mukwege, 68 ans,&nbsp;<a href=\"https:\/\/www.rtbf.be\/article\/rdc-leurope-apporte-son-soutien-au-dr-mukwege-empeche-de-se-rendre-a-kisangani-11052140\">Prix Nobel de la paix 2018<\/a>, est bien candidat \u00e0 la prochaine \u00e9lection pr\u00e9sidentielle qui devrait se tenir le 20&nbsp;d\u00e9cembre prochain en R\u00e9publique d\u00e9mocratique du Congo.&nbsp;<a href=\"https:\/\/www.rtbf.be\/article\/denis-mukwege-prix-nobel-de-la-paix-2018-annonce-sa-candidature-a-la-presidence-de-la-rdc-11265171\">Il l\u2019a annonc\u00e9 cette apr\u00e8s-midi lors d\u2019une conf\u00e9rence de presse \u00e0 Kinshasa.<\/a>&nbsp;La rumeur circulait avec insistance depuis plus d\u2019un an mais l\u2019int\u00e9ress\u00e9 n\u2019avait jusqu\u2019ici donn\u00e9 aucune indication claire au sujet de ses intentions.<\/p>\n\n\n\n<p><em>\u00ab\u00a0Le moment propice, c\u2019est maintenant. Ma seule motivation est de sauver notre patrie, de redresser notre pays et de relever la dignit\u00e9 de notre peuple. Nous ne pouvons pas attendre pour agir [\u2026], c\u2019est pourquoi je suis pr\u00eat et que j\u2019y vais maintenant\u00a0\u00bb,&nbsp;<\/em>a-t-il d\u00e9clar\u00e9 devant une salle comble de sympathisants \u00e0 Kinshasa<em>.<\/em><\/p>\n\n\n\n<h2 class=\"wp-block-heading\"><strong>Une candidature soutenue par la soci\u00e9t\u00e9 civile<\/strong><\/h2>\n\n\n\n<p>Cette candidature a \u00e9t\u00e9 soigneusement pr\u00e9par\u00e9e ces derniers mois par \u00ab\u00a0l\u2019Alliance des Congolais pour la refondation de la nation\u00a0\u00bb (ACRN), une plateforme rassemblant plusieurs intellectuels mobilis\u00e9s en faveur de la candidature du prix Nobel aux \u00e9lections. Il y a deux semaines des membres de la soci\u00e9t\u00e9 civile (associations de femmes, organisations locales, syndicats) lui ont remis un ch\u00e8que de 160&nbsp;millions de Francs congolais (approximativement 60.000&nbsp;$) \u00e0 son h\u00f4pital de Bukavu afin qu\u2019il puisse s\u2019acquitter de la caution n\u00e9cessaire pour pouvoir se pr\u00e9senter \u00e0 la pr\u00e9sidentielle. Un appel auquel l\u2019int\u00e9ress\u00e9 a donc d\u00e9cid\u00e9 de r\u00e9pondre favorablement.<\/p>\n\n\n\n<h2 class=\"wp-block-heading\"><strong>L\u2019homme qui r\u00e9pare les femmes<\/strong><\/h2>\n\n\n\n<p>M\u00e9decin gyn\u00e9cologue, dipl\u00f4m\u00e9 de l\u2019universit\u00e9 Libre de Bruxelles (ULB), le Dr Denis Mukwege est le directeur de l\u2019h\u00f4pital de Panzi \u00e0 Bukavu, \u00e0 l\u2019est du Congo. Une r\u00e9gion infest\u00e9e de groupes arm\u00e9s depuis plus de 25 ans. Il y op\u00e8re principalement des femmes et des enfants victimes de mutilations sexuelles perp\u00e9tr\u00e9es par ces m\u00eames groupes arm\u00e9s.&nbsp;<a href=\"https:\/\/www.rtbf.be\/article\/denis-mukwege-l-homme-qui-repare-les-femmes-10335391\">Une activit\u00e9 qui lui a valu le surnom de \u00ab\u00a0l\u2019homme qui r\u00e9pare les femmes\u00a0\u00bb<\/a>&nbsp;et pour laquelle il a obtenu le Prix Nobel de la paix en&nbsp;2018.<\/p>\n\n\n\n<p>Fort de son exp\u00e9rience aupr\u00e8s des victimes de cette guerre qui s\u2019\u00e9ternise au Congo depuis plus d\u2019un quart de si\u00e8cle, Denis Mukwege milite inlassablement pour que les responsables des violences commises \u00e0 l\u2019encontre de la population civile soient traduits en justice. Le cin\u00e9aste belge,&nbsp;<a href=\"https:\/\/www.rtbf.be\/article\/lempire-du-silence-25-ans-de-crimes-et-dimpunite-au-congo-denonces-dans-ce-documentaire-coup-de-poing-11090328\">Thierry Michel, en a fait le personnage principal de son film documentaire \u00ab\u00a0L\u2019Empire du silence\u00a0\u00bb<\/a>&nbsp;qui d\u00e9nonce l\u2019impunit\u00e9 dont b\u00e9n\u00e9ficient les criminels de guerre au Congo.<\/p>\n\n\n\n<h2 class=\"wp-block-heading\"><strong>Engagement politique<\/strong><\/h2>\n\n\n\n<p>Le m\u00e9decin donne r\u00e9guli\u00e8rement des conf\u00e9rences \u00e0 travers le monde pour demander \u00e0 la communaut\u00e9 internationale de s\u2019impliquer afin que le Congo retrouve la paix et que les bourreaux congolais, rwandais et ougandais, notamment, r\u00e9pondent enfin de leurs crimes \u00e0 l\u2019\u00e9gard des civils et singuli\u00e8rement \u00e0 l\u2019\u00e9gard des femmes. Pour appuyer son plaidoyer il a d\u00e9cr\u00e9t\u00e9 le 2&nbsp;ao\u00fbt \u00ab\u00a0journ\u00e9e de comm\u00e9moration du g\u00e9nocide congolais commis pour des gains \u00e9conomiques\u00a0\u00bb.<\/p>\n\n\n\n<p>Cette date correspond \u00e0 la deuxi\u00e8me guerre du Congo qui a d\u00e9but\u00e9 le 2&nbsp;ao\u00fbt 1998, lorsque le Rwanda et l\u2019Ouganda ont lanc\u00e9 une offensive arm\u00e9e contre la RDC pour tenter de renverser le pr\u00e9sident Laurent-D\u00e9sir\u00e9 Kabila. Une offensive qui a donn\u00e9 naissance \u00e0 des centaines de groupes arm\u00e9s qui sont toujours actifs aujourd\u2019hui \u00e0 l\u2019est du Congo et qui se rendent encore r\u00e9guli\u00e8rement coupables d\u2019exactions sordides \u00e0 l\u2019\u00e9gard des civils.<\/p>\n\n\n\n<p>Dans son plaidoyer contre le \u00ab\u00a0g\u00e9nocide congolais\u00a0\u00bb, le Dr Mukwege pointe aujourd\u2019hui du doigt&nbsp;<a href=\"https:\/\/www.rtbf.be\/article\/qui-est-le-m23-ce-mouvement-rebelle-qui-terrorise-lest-du-congo-11120952\">le M23, qui a lanc\u00e9 une offensive sur la province du Nord Kivu en juin&nbsp;2022 avec le soutien de Kigali<\/a>, et qui occupe toujours un vaste territoire de cette province frontali\u00e8re du Rwanda. Mais il s\u2019oppose aussi au d\u00e9ploiement de forces de la Communaut\u00e9 des \u00c9tats d\u2019Afrique centrale, que le pr\u00e9sident Tshisekedi a appel\u00e9 \u00e0 intervenir au Congo pour lutter contre la pr\u00e9sence des groupes arm\u00e9s. Un d\u00e9ploiement qui risque de balkaniser le pays, selon Denis Mukwege.<\/p>\n\n\n\n<p>Plus r\u00e9cemment, il s\u2019est \u00e9mu du&nbsp;<a href=\"https:\/\/www.rtbf.be\/article\/rdc-au-moins-48-civils-morts-dans-la-repression-dune-manifestation-anti-onu-a-goma-11248605\">massacre d\u2019une cinquantaine de civils par la garde r\u00e9publicaine \u00e0 Goma.<\/a>&nbsp;Il a d\u00e9nonc\u00e9 l\u2019assassinat de Ch\u00e9rubin Okende, un ex-ministre qui avait rejoint les rangs de l\u2019opposition et qui a disparu sur le parking de la Cour constitutionnelle avant d\u2019\u00eatre retrouv\u00e9 mort, peu apr\u00e8s, dans son v\u00e9hicule. Il a aussi critiqu\u00e9 vertement&nbsp;<a href=\"https:\/\/www.rtbf.be\/article\/rdc-des-journalistes-manifestent-pour-la-liberation-de-leur-confrere-stanis-bujakera-11259185\">l\u2019arrestation du journaliste Stanis Bujakera<\/a>&nbsp;qui enqu\u00eatait sur cet assassinat.<\/p>\n\n\n\n<h2 class=\"wp-block-heading\"><strong>Une candidature \u00e0 haut risque<\/strong><\/h2>\n\n\n\n<p>C\u2019est donc dans ce climat politique et s\u00e9curitaire particuli\u00e8rement tendu que le Dr Mukwege a d\u00e9cid\u00e9 de se lancer dans l\u2019ar\u00e8ne politique. Sa candidature est certes souhait\u00e9e par ses nombreux soutiens, mais elle inqui\u00e8te aussi ses proches qui craignent que l\u2019homme ne se retrouve encore plus expos\u00e9 aux menaces qui p\u00e8sent d\u00e9j\u00e0 sur sa vie \u00e0 cause de son activit\u00e9 aupr\u00e8s des victimes de guerre et ses d\u00e9nonciations r\u00e9guli\u00e8res de la r\u00e9pression des opposants orchestr\u00e9e par le r\u00e9gime en place.<\/p>\n\n\n\n<p>Le pari est d\u2019autant plus risqu\u00e9 que les chances de victoire du candidat Mukwege sont minces. Il n\u2019a pas d\u2019appareil de parti pour le soutenir, ses finances sont limit\u00e9es et &#8211;&nbsp;s\u2019il est adul\u00e9 \u00e0 Bukavu et relativement c\u00e9l\u00e8bre \u00e0 l\u2019est du pays &#8211;&nbsp;il lui manque des relais \u00e0 l\u2019\u00e9chelle nationale pour lutter contre la machine \u00e9lectorale du pr\u00e9sident sortant,&nbsp;<strong>F\u00e9lix Tshisekedi<\/strong>.<\/p>\n\n\n\n<p>Il sera \u00e9galement confront\u00e9 \u00e0 d\u2019autres opposants et candidats d\u00e9clar\u00e9s \u00e0 l\u2019\u00e9lection pr\u00e9sidentielle, comme&nbsp;<strong>Martin Fayulu<\/strong>, qui pr\u00e9tend toujours \u00eatre le v\u00e9ritable vainqueur des derni\u00e8res \u00e9lections de&nbsp;2018&nbsp;; mais aussi&nbsp;<strong>Adolphe Muzito&nbsp;<\/strong>et<strong>&nbsp;Augustin Matata Ponyo<\/strong>, deux anciens Premier ministre&nbsp;;<strong>&nbsp;Franck Diongo Shamba<\/strong>, pr\u00e9sident du Mouvement lumumbiste progressiste&nbsp;; et enfin&nbsp;<strong>Constant Mutamba<\/strong>, qui dirige la Dynamique progressiste de l\u2019opposition.<\/p>\n\n\n\n<p>Il devra probablement aussi composer avec la candidature de&nbsp;<strong>Mo\u00efse Katumbi<\/strong>, l\u2019ex-gouverneur du Katanga qui pourrait \u00e9galement se d\u00e9clarer dans les prochains jours.<\/p>\n\n\n\n<p>Une pl\u00e9thore de candidats qui risque bien de favoriser le pr\u00e9sident sortant dans un scrutin \u00e0 un seul tour. \u00c0&nbsp;moins que le Prix Nobel de la paix 2018 ne parvienne \u00e0 rassembler les autres candidats d\u2019opposition derri\u00e8re lui. Une option qui reste extr\u00eamement hypoth\u00e9tique \u00e0 ce stade de la campagne.<\/p>\n<div style=\"text-align:center\" class=\"wps-pgfw-pdf-generate-icon__wrapper-frontend\">\n\t\t<a href=\"https:\/\/congokin.blog?action=genpdf&amp;id=12640\" class=\"pgfw-single-pdf-download-button\" ><img src=\"https:\/\/congokin.blog\/wp-content\/plugins\/pdf-generator-for-wp\/admin\/src\/images\/PDF_Tray.svg\" title=\"G\u00e9n\u00e9rer un PDF\" style=\"width:auto; height:45px;\"><\/a>\n\t\t<\/div>","protected":false},"excerpt":{"rendered":"<p>MONDE AFRIQUE Denis Mukwege, une candidature \u00e0 haut risque \u00e0 la pr\u00e9sidence de la RDC \u00a9&nbsp;AFP hier \u00e0 10:16 &#8211; mise \u00e0 jour il y a 9 heures\u20224 min Par Beno\u00eet Feyt \u00c9couter l&rsquo;article C\u2019est la fin d\u2019un long suspense. Le Dr Denis Mukwege, 68 ans,&nbsp;Prix Nobel de la paix 2018, est bien candidat \u00e0 [&hellip;]<\/p>\n","protected":false},"author":9,"featured_media":0,"comment_status":"open","ping_status":"closed","sticky":false,"template":"","format":"standard","meta":{"footnotes":""},"categories":[6,7,8],"tags":[],"class_list":["post-12640","post","type-post","status-publish","format-standard","hentry","category-justice","category-politique","category-societe"],"_links":{"self":[{"href":"https:\/\/congokin.blog\/index.php?rest_route=\/wp\/v2\/posts\/12640","targetHints":{"allow":["GET"]}}],"collection":[{"href":"https:\/\/congokin.blog\/index.php?rest_route=\/wp\/v2\/posts"}],"about":[{"href":"https:\/\/congokin.blog\/index.php?rest_route=\/wp\/v2\/types\/post"}],"author":[{"embeddable":true,"href":"https:\/\/congokin.blog\/index.php?rest_route=\/wp\/v2\/users\/9"}],"replies":[{"embeddable":true,"href":"https:\/\/congokin.blog\/index.php?rest_route=%2Fwp%2Fv2%2Fcomments&post=12640"}],"version-history":[{"count":1,"href":"https:\/\/congokin.blog\/index.php?rest_route=\/wp\/v2\/posts\/12640\/revisions"}],"predecessor-version":[{"id":12642,"href":"https:\/\/congokin.blog\/index.php?rest_route=\/wp\/v2\/posts\/12640\/revisions\/12642"}],"wp:attachment":[{"href":"https:\/\/congokin.blog\/index.php?rest_route=%2Fwp%2Fv2%2Fmedia&parent=12640"}],"wp:term":[{"taxonomy":"category","embeddable":true,"href":"https:\/\/congokin.blog\/index.php?rest_route=%2Fwp%2Fv2%2Fcategories&post=12640"},{"taxonomy":"post_tag","embeddable":true,"href":"https:\/\/congokin.blog\/index.php?rest_route=%2Fwp%2Fv2%2Ftags&post=12640"}],"curies":[{"name":"wp","href":"https:\/\/api.w.org\/{rel}","templated":true}]}}