{"id":12643,"date":"2023-10-03T18:50:15","date_gmt":"2023-10-03T18:50:15","guid":{"rendered":"https:\/\/congokin.blog\/?p=12643"},"modified":"2023-10-03T18:50:15","modified_gmt":"2023-10-03T18:50:15","slug":"presidentielle-en-rdc-le-prix-nobel-de-la-paix-denis-mukwege-essaie-dexploiter-la-dynamique-autour-de-lui","status":"publish","type":"post","link":"https:\/\/congokin.blog\/?p=12643","title":{"rendered":"Pr\u00e9sidentielle en RDC\u00a0: Le Prix Nobel de la paix Denis Mukwege \u00ab\u00a0essaie d\u2019exploiter la dynamique\u00a0\u00bb autour de lui"},"content":{"rendered":"\n<h1 class=\"wp-block-heading\">Pr\u00e9sidentielle en RDC\u00a0: Le Prix Nobel de la paix Denis Mukwege \u00ab\u00a0essaie d\u2019exploiter la dynamique\u00a0\u00bb autour de lui<\/h1>\n\n\n\n<p class=\"wp-block-paragraph\"><strong>INTERVIEW<\/strong>&nbsp;Le gyn\u00e9cologue Denis Mukwege a d\u00e9clar\u00e9 lundi son intention de concourir lors de la prochaine pr\u00e9sidentielle en R\u00e9publique d\u00e9mocratique du Congo, actant ainsi son entr\u00e9e en politique. A-t-il une chance de renverser l\u2019ordre \u00e9tabli&nbsp;?<a href=\"https:\/\/www.20minutes.fr\/journaliste\/octave-odola\"><em>Octave Odola<\/em><\/a><\/p>\n\n\n\n<ul class=\"wp-block-list\">\n<li><a href=\"https:\/\/twitter.com\/OOdola\" target=\"_blank\" rel=\"noreferrer noopener\">Twitter<\/a><\/li>\n<\/ul>\n\n\n\n<p class=\"wp-block-paragraph\">Publi\u00e9 le 03\/10\/23 \u00e0 17h21<\/p>\n\n\n\n<p class=\"wp-block-paragraph\"><strong><abbr title=\"10\">10<\/abbr>\u00a0COMMENTAIRES<abbr title=\"0\">0<\/abbr>PARTAGE<\/strong>\u00a0<gwmw style=\"display:none;\"><\/gwmw><gwmw style=\"display:none;\"><\/gwmw><\/p>\n\n\n\n<figure class=\"wp-block-image is-resized\"><img loading=\"lazy\" decoding=\"async\" src=\"https:\/\/img.20mn.fr\/5NiivhVMQt2kQyFyFkWU9Ck\/310x190_le-gynecologue-et-prix-nobel-de-paix-denis-mukwege-a-annonce-lundi-son-entree-en-politique-et-sa-candidature-a-l-election-presidentielle-en-republique-democratique-du-congo\" alt=\"Le gyn\u00e9cologue et prix Nobel de paix Denis Mukwege a annonc\u00e9 lundi son entr\u00e9e en politique et sa candidature \u00e0 l'\u00e9lection pr\u00e9sidentielle en R\u00e9publique d\u00e9mocratique du Congo. \" style=\"width:692px;height:424px\" width=\"692\" height=\"424\"\/><figcaption class=\"wp-element-caption\">Le gyn\u00e9cologue et prix Nobel de paix Denis Mukwege a annonc\u00e9 lundi son entr\u00e9e en politique et sa candidature \u00e0 l&rsquo;\u00e9lection pr\u00e9sidentielle en R\u00e9publique d\u00e9mocratique du Congo. \u2014&nbsp;<em>Ars\u00e8ne Mpiana<\/em><\/figcaption><\/figure>\n\n\n\n<p class=\"wp-block-paragraph\">Powered by<a href=\"https:\/\/www.audion.fm\/\" target=\"_blank\" rel=\"noreferrer noopener\">Audion<\/a><\/p>\n\n\n\n<p class=\"wp-block-paragraph\">Ecouter cet article<\/p>\n\n\n\n<p class=\"wp-block-paragraph\">Pr\u00e9sidentielle en RDC&nbsp;: Le Prix Nobel de la paix Denis Mukwege \u00ab&nbsp;essaie d\u2019exploiter la dynamique&nbsp;\u00bb autour de lui<\/p>\n\n\n\n<p class=\"wp-block-paragraph\">00:00<\/p>\n\n\n\n<ul class=\"wp-block-list\">\n<li>Prix Nobel de la paix en&nbsp;2018 pour son action en faveur des femmes viol\u00e9es, le docteur Denis Mukwege a annonc\u00e9 sa candidature \u00e0 la pr\u00e9sidentielle de la R\u00e9publique d\u00e9mocratique du Congo.<\/li>\n\n\n\n<li>Figure de la soci\u00e9t\u00e9 civile, le m\u00e9decin a d\u00e9cid\u00e9 de se lancer en politique apr\u00e8s des mois de tractation autour de ses intentions.<\/li>\n\n\n\n<li>Peut-il l\u2019emporter&nbsp;? \u00ab&nbsp;Si les gros poissons s\u2019alignent derri\u00e8re lui, il pourra avoir une chance&nbsp;\u00bb, pr\u00e9dit Tr\u00e9sor Kibangula, analyste politique, qui estime que dans un scrutin pr\u00e9sidentiel \u00e0 un tour, une opposition dispers\u00e9e aura du mal \u00e0 renverser le pr\u00e9sident sortant.s<\/li>\n<\/ul>\n\n\n\n<p class=\"wp-block-paragraph\">Il a h\u00e9rit\u00e9 de son surnom, \u00ab&nbsp;l\u2019homme qui r\u00e9pare les femmes&nbsp;\u00bb, apr\u00e8s un documentaire relatant son action en faveur des femmes viol\u00e9es. Prix Nobel de la paix en&nbsp;2018,&nbsp;<a href=\"https:\/\/www.20minutes.fr\/monde\/3216395-20220114-denis-mukwege-gynecologue-prix-nobel-paix-2018-denonce-viol-comme-methode-guerre\">le m\u00e9decin Denis Mukwege<\/a>&nbsp;va tenter de sonder et s\u00e9duire le c\u0153ur des Congolais. L\u2019homme de 68 ans a annonc\u00e9 lundi \u00e0 Kinshasa sa candidature \u00e0 l\u2019\u00e9lection pr\u00e9sidentielle, qui se tiendra le 20&nbsp;d\u00e9cembre prochain en&nbsp;<a href=\"https:\/\/www.20minutes.fr\/monde\/2412419-20190110-republique-democratique-congo-opposant-felix-tshisekedi-proclame-vainqueur-presidentielle\">R\u00e9publique d\u00e9mocratique du Congo<\/a>.<\/p>\n\n\n\n<p class=\"wp-block-paragraph\">Cette figure de la soci\u00e9t\u00e9 civile va-t-elle pouvoir bousculer l\u2019ordre \u00e9tabli et ravir la place au pr\u00e9sident sortant&nbsp;<a href=\"https:\/\/www.20minutes.fr\/monde\/republique_democratique_du_congo\/\">F\u00e9lix Tshisekedi<\/a>, au pouvoir depuis&nbsp;2019 et candidat \u00e0 sa propre r\u00e9\u00e9lection&nbsp;? Quel destin politique \u00e0 venir pour ce \u00ab&nbsp;citoyen r\u00e9volt\u00e9&nbsp;\u00bb&nbsp;? D\u00e9cryptage avec Tr\u00e9sor Kibangula, analyste politique \u00e0&nbsp;<a href=\"https:\/\/www.ebuteli.org\/\" rel=\"noreferrer noopener\" target=\"_blank\">l\u2019institut congolais de recherche sur la politique, la gouvernance et la violence<\/a>.<\/p>\n\n\n\n<h2 class=\"wp-block-heading\">La candidature de Denis Mukwege est-elle une surprise&nbsp;?<\/h2>\n\n\n\n<p class=\"wp-block-paragraph\">Pas vraiment. Il a re\u00e7u beaucoup de soutiens. De nombreuses personnalit\u00e9s de la soci\u00e9t\u00e9 civile poussaient depuis plusieurs mois pour qu\u2019il se pr\u00e9sente. \u00c7a fait d\u00e9j\u00e0 quelques ann\u00e9es qu\u2019il pense \u00e0 s\u2019engager, \u00e7a fait longtemps qu\u2019il travaille dans<a href=\"https:\/\/www.20minutes.fr\/monde\/4049484-20230819-republique-democratique-congo-plus-8-000-enfants-moins-cinq-ans-infectes-cholera\">&nbsp;l\u2019Est du pays aux c\u00f4t\u00e9s des victimes de violences sexuelles<\/a>. Comme il l\u2019a d\u00e9clar\u00e9 hier [lundi], il pense que c\u2019est le moment. Avant, il restait en embuscade pour que la classe politique fasse appel \u00e0 lui, notamment lors de la crise de&nbsp;2016. Cette opportunit\u00e9 n\u2019est jamais venue. Aujourd\u2019hui, il essaie d\u2019exploiter la dynamique qui se cr\u00e9e autour de lui.<\/p>\n\n\n\n<h2 class=\"wp-block-heading\">A-t-il des chances de l\u2019emporter le 20&nbsp;d\u00e9cembre prochain&nbsp;?<\/h2>\n\n\n\n<p class=\"wp-block-paragraph\">C\u2019est difficile \u00e0 dire, le mode de scrutin ne comporte qu\u2019un tour. Il y a aussi plusieurs candidats de l\u2019opposition dont plusieurs t\u00e9nors, qui se sont d\u00e9j\u00e0 d\u00e9clar\u00e9s ou ne vont pas tarder \u00e0 le faire avant le 8&nbsp;octobre [date limite de d\u00e9p\u00f4t des candidatures]. Martin Fayulu, candidat malheureux \u00e0 la derni\u00e8re pr\u00e9sidentielle qui continue \u00e0 revendiquer sa victoire, sera de la partie. Mo\u00efse Katumbi, qui n\u2019avait pas pu se pr\u00e9senter en&nbsp;2018, emp\u00each\u00e9 par le pouvoir, se pr\u00e9sente aussi.<\/p>\n\n\n\n<p class=\"wp-block-paragraph\">Please close pop-out player to resume playback.<gwmw style=\"display:none;\"><\/gwmw><\/p>\n\n\n\n<p class=\"wp-block-paragraph\">Il y aura aussi deux anciens Premiers ministres. Quand on ajoute \u00e0 cela le Dr Mukwege, \u00e7a fait beaucoup. Pour l\u2019opposition, \u00e7a va \u00eatre compliqu\u00e9 de l\u2019emporter s\u2019il n\u2019y a pas une dynamique qui pousserait certaines candidatures \u00e0 s\u2019effacer pour faire \u00e9merger une candidature commune. Si les gros poissons s\u2019alignent derri\u00e8re lui, l\u00e0 il pourra avoir une chance. Dans le contexte actuel, \u00e7a s\u2019annonce difficile, d\u2019o\u00f9 son appel \u00e0 l\u2019unit\u00e9.<\/p>\n\n\n\n<h2 class=\"wp-block-heading\">Denis Mukwege est mondialement connu, mais quelle est son image et sa cote de popularit\u00e9 au Congo&nbsp;?<\/h2>\n\n\n\n<p class=\"wp-block-paragraph\">Il est respect\u00e9, il parle aux Congolais. Comme au niveau mondial, sa r\u00e9putation est faite et c\u2019est un motif de fiert\u00e9. Mais \u00e7a ne fait pas tout. Il faut avoir des relais \u00e0 travers le pays qui vont pouvoir convaincre les gens d\u2019aller voter pour lui. Ce sera son grand d\u00e9fi. Il a r\u00e9ussi \u00e0 mettre en place un groupement politique qui va participer aux \u00e9lections l\u00e9gislatives [elles se tiendront en m\u00eame temps que l\u2019\u00e9lection pr\u00e9sidentielle]. On va voir si les professeurs d\u2019universit\u00e9 qui se rassemblent autour de lui vont pouvoir constituer cette force de mobilisation.<\/p>\n\n\n\n<h2 class=\"wp-block-heading\">Comment r\u00e9sumer son positionnement politique g\u00e9n\u00e9ral&nbsp;?<\/h2>\n\n\n\n<p class=\"wp-block-paragraph\">Lors de son discours d\u2019annonce de candidature, il s\u2019est positionn\u00e9 comme un homme de rupture, qui veut s\u2019attaquer au syst\u00e8me. Au Congo, depuis plusieurs d\u00e9cennies, un syst\u00e8me politique de pr\u00e9dation favorise l\u2019\u00e9lite. Les diff\u00e9rentes \u00e9quipes au pouvoir se sont accapar\u00e9es les ressources publiques.&nbsp;<a href=\"https:\/\/www.20minutes.fr\/dossier\/joseph_kabila\">Apr\u00e8s Kabila<\/a>, le Congo a chang\u00e9 de r\u00e9gime mais on constate que le syst\u00e8me a quand m\u00eame \u00e9t\u00e9 plus fort que la volont\u00e9 de changement des uns et des autres. Le Dr Mukwege veut se positionner contre tout \u00e7a. Avant son engagement formel, il a toujours \u00e9t\u00e9 prompt \u00e0 prendre position pour d\u00e9noncer la violence arm\u00e9e dans l\u2019Est du pays, l\u00e0 o\u00f9 il vit, pour porter la voix des victimes.<\/p>\n\n\n\n<h2 class=\"wp-block-heading\">Maintenant qu\u2019il s\u2019est d\u00e9clar\u00e9, le Dr Mukwege est-il parti pour durer en politique&nbsp;? Ou un \u00e9chec de sa candidature pourrait entra\u00eener un retrait&nbsp;?<\/h2>\n\n\n\n<p class=\"wp-block-paragraph\">S\u2019il n\u2019est pas \u00e9lu, peut-\u00eatre qu\u2019il tentera de revenir en&nbsp;2028. Dans son entourage, certaines personnes tentaient d\u00e9j\u00e0 de le convaincre d\u2019attendre un \u00e9ventuel second quinquennat de F\u00e9lix Tshisekedi avant de tenter sa chance. S\u2019il vient aujourd\u2019hui, c\u2019est aussi pour marquer le coup, pas pour faire de la figuration et partir.<\/p>\n\n\n\n<h2 class=\"wp-block-heading\">En cas d\u2019\u00e9lection, comment compte-t-il se positionner envers la France&nbsp;?<\/h2>\n\n\n\n<p class=\"wp-block-paragraph\">La R\u00e9publique d\u00e9mocratique du Congo n\u2019est pas une ancienne colonie fran\u00e7aise, il n\u2019y a forc\u00e9ment de rapports tendus avec la France, sauf ces derniers temps avec la situation \u00e0 l\u2019est du Congo et le Rwanda.\u00a0<a href=\"https:\/\/www.20minutes.fr\/monde\/4026460-20230305-emmanuel-macron-afrique-kinshasa-rencontre-discrete-prix-nobel-denis-mukwege\">Avec Denis Mukwege<\/a>, \u00e7a ne devrait pas r\u00e9volutionner les rapports habituels bilat\u00e9raux entre\u00a0<a href=\"https:\/\/www.20minutes.fr\/monde\/4026384-20230304-emmanuel-macron-rdc-chef-etat-entame-visite-kinshasa\">le Congo et la France<\/a>.<gwmw style=\"display:none;\"><\/gwmw><\/p>\n<div class=\"wps-pgfw-pdf-generate-icon__wrapper-frontend pgfw-icon-display pgfw-icon-display--default\" style=\"--pgfw-icon-justify:center;\"><a href=\"https:\/\/congokin.blog?action=genpdf&#038;id=12643\" class=\"pgfw-single-pdf-download-button pgfw-single-pdf-download-button--default pgfw-single-pdf-download-button--icon-only\" title=\"G\u00e9n\u00e9rer un PDF\" style=\"--pgfw-icon-width:25px;--pgfw-icon-height:45px;\" aria-label=\"Download PDF\"><span class=\"pgfw-single-pdf-download-button__media\" aria-hidden=\"true\"><img src=\"https:\/\/congokin.blog\/wp-content\/plugins\/pdf-generator-for-wp\/admin\/src\/images\/PDF_Tray.svg\" alt=\"\" decoding=\"async\"><\/span><\/a><\/div>","protected":false},"excerpt":{"rendered":"<p>Pr\u00e9sidentielle en RDC\u00a0: Le Prix Nobel de la paix Denis Mukwege \u00ab\u00a0essaie d\u2019exploiter la dynamique\u00a0\u00bb autour de lui INTERVIEW&nbsp;Le gyn\u00e9cologue Denis Mukwege a d\u00e9clar\u00e9 lundi son intention de concourir lors de la prochaine pr\u00e9sidentielle en R\u00e9publique d\u00e9mocratique du Congo, actant ainsi son entr\u00e9e en politique. A-t-il une chance de renverser l\u2019ordre \u00e9tabli&nbsp;?Octave Odola Publi\u00e9 le [&hellip;]<\/p>\n","protected":false},"author":9,"featured_media":0,"comment_status":"open","ping_status":"closed","sticky":false,"template":"","format":"standard","meta":{"footnotes":""},"categories":[12,7,8],"tags":[],"class_list":["post-12643","post","type-post","status-publish","format-standard","hentry","category-opinions","category-politique","category-societe"],"_links":{"self":[{"href":"https:\/\/congokin.blog\/index.php?rest_route=\/wp\/v2\/posts\/12643","targetHints":{"allow":["GET"]}}],"collection":[{"href":"https:\/\/congokin.blog\/index.php?rest_route=\/wp\/v2\/posts"}],"about":[{"href":"https:\/\/congokin.blog\/index.php?rest_route=\/wp\/v2\/types\/post"}],"author":[{"embeddable":true,"href":"https:\/\/congokin.blog\/index.php?rest_route=\/wp\/v2\/users\/9"}],"replies":[{"embeddable":true,"href":"https:\/\/congokin.blog\/index.php?rest_route=%2Fwp%2Fv2%2Fcomments&post=12643"}],"version-history":[{"count":1,"href":"https:\/\/congokin.blog\/index.php?rest_route=\/wp\/v2\/posts\/12643\/revisions"}],"predecessor-version":[{"id":12644,"href":"https:\/\/congokin.blog\/index.php?rest_route=\/wp\/v2\/posts\/12643\/revisions\/12644"}],"wp:attachment":[{"href":"https:\/\/congokin.blog\/index.php?rest_route=%2Fwp%2Fv2%2Fmedia&parent=12643"}],"wp:term":[{"taxonomy":"category","embeddable":true,"href":"https:\/\/congokin.blog\/index.php?rest_route=%2Fwp%2Fv2%2Fcategories&post=12643"},{"taxonomy":"post_tag","embeddable":true,"href":"https:\/\/congokin.blog\/index.php?rest_route=%2Fwp%2Fv2%2Ftags&post=12643"}],"curies":[{"name":"wp","href":"https:\/\/api.w.org\/{rel}","templated":true}]}}