{"id":13380,"date":"2024-04-08T20:23:03","date_gmt":"2024-04-08T20:23:03","guid":{"rendered":"https:\/\/congokin.blog\/?p=13380"},"modified":"2024-04-08T20:23:04","modified_gmt":"2024-04-08T20:23:04","slug":"en-rdc-ladministration-tshisekedi-accentue-la-pression-sur-joseph-kabila","status":"publish","type":"post","link":"https:\/\/congokin.blog\/?p=13380","title":{"rendered":"En RDC, l\u2019administration Tshisekedi accentue la pression sur Joseph Kabila"},"content":{"rendered":"\n<h1 class=\"wp-block-heading\">En RDC, l\u2019administration Tshisekedi accentue la pression sur Joseph Kabila<\/h1>\n\n\n\n<p>Hors du pays depuis bient\u00f4t trois mois, l\u2019ancien pr\u00e9sident est cit\u00e9 parmi les soutiens du M23 par un proche de la r\u00e9bellion arr\u00eat\u00e9 en janvier. Des accusations que sa famille politique rejette vigoureusement.<\/p>\n\n\n\n<figure class=\"wp-block-image is-style-zoooom\"><img decoding=\"async\" src=\"https:\/\/prod.cdn-medias.jeuneafrique.com\/cdn-cgi\/image\/q=auto,f=auto,metadata=none,width=1215,fit=cover,gravity=0.5000x0.5000\/https:\/\/prod.cdn-medias.jeuneafrique.com\/medias\/2024\/04\/08\/jad20240408-pol-joseph-kabila.jpg\" alt=\"Joseph Kabila arrive au bureau de vote de l\u2019Institut de la Gombe lors des \u00e9lections g\u00e9n\u00e9rales \u00e0 Kinshasa, en RDC, le 30 d\u00e9cembre 2018. \u00a9 LUIS TATO\/AFP\"\/><figcaption class=\"wp-element-caption\">Joseph Kabila arrive au bureau de vote de l\u2019Institut de la Gombe lors des \u00e9lections g\u00e9n\u00e9rales \u00e0 Kinshasa, en RDC, le 30 d\u00e9cembre 2018. \u00a9 LUIS TATO\/AFP<\/figcaption><\/figure>\n\n\n\n<ul class=\"wp-block-list\">\n<li><a href=\"https:\/\/www.jeuneafrique.com\/auteurs\/s-nsimba\/\">Socrate Nsimba<\/a><\/li>\n<\/ul>\n\n\n\n<p>Publi\u00e9 le 8 avril 2024Lecture : 6 minutes.<gwmw style=\"display:none;\"><\/gwmw><\/p>\n\n\n\n<p>La s\u00e9quence est inhabituelle. Ce 5 avril en fin de journ\u00e9e, le quartier g\u00e9n\u00e9ral des renseignements militaires \u00e0 Kinshasa a ouvert ses portes aux journalistes. Le porte-parole de l\u2019arm\u00e9e, le g\u00e9n\u00e9ral-major Sylvain Ekenge, a souhait\u00e9 leur adresser quelques mots avant de leur montrer une vid\u00e9o. \u00ab La personne que vous allez suivre s\u2019appelle \u00c9ric Nkuba Shebandu, pr\u00e9vient-il. Il est le conseiller strat\u00e9gique et politique de&nbsp;<a href=\"https:\/\/www.jeuneafrique.com\/1473754\/politique\/pourquoi-corneille-nangaa-a-choisi-lexil\/\">Corneille Nangaa<\/a>. Appr\u00e9hend\u00e9 par les services sp\u00e9cialis\u00e9s, il est pass\u00e9 aux aveux. \u00bb<\/p>\n\n\n\n<h2 class=\"wp-block-heading\">Des \u00ab&nbsp;aveux&nbsp;\u00bb film\u00e9s<\/h2>\n\n\n\n<p>\u00c9ric Nkuba Shebandu a 52 ans. Il a \u00e9t\u00e9 arr\u00eat\u00e9 le 3 janvier dernier \u00e0 l\u2019a\u00e9roport de Dar es-Salaam, en Tanzanie, et renvoy\u00e9 le lendemain \u00e0 Kinshasa. Le 18 mars dernier, Corneille Nangaa,&nbsp;<a href=\"https:\/\/www.jeuneafrique.com\/1515492\/politique\/corneille-nangaa-annonce-la-creation-dune-plateforme-politique-avec-le-m23\/\">le coordonnateur de l\u2019Alliance Fleuve Congo<\/a>&nbsp;(AFC, une plateforme politico-militaire lanc\u00e9e en d\u00e9cembre dont&nbsp;est&nbsp;membre le M23), s\u2019en est plaint aupr\u00e8s de la pr\u00e9sidente tanzanienne, Samia Suluhu. Dans son courrier, l\u2019ancien pr\u00e9sident de la commission \u00e9lectorale congolaise disait m\u00eame avoir appris que \u00ab M. \u00c9ric Nkuba, apr\u00e8s avoir subi une \u00e9norme torture, [venait] d\u2019\u00eatre ex\u00e9cut\u00e9 \u00bb.<\/p>\n\n\n\n<p>Il n\u2019en est donc rien. L\u2019int\u00e9ress\u00e9 est apparu devant la presse, uniforme bleu des prisonniers et babouches rouges aux pieds. Quelques instants plus t\u00f4t, les journalistes ont pu visionner la fameuse vid\u00e9o. \u00c9ric Nkuba Shebandu y \u00e9tait interrog\u00e9 sur les contacts de l\u2019AFC dans les milieux politiques congolais. Et ils ont pu l\u2019entendre citer, p\u00eale-m\u00eale, l\u2019ancien d\u00e9put\u00e9&nbsp;<a href=\"https:\/\/www.jeuneafrique.com\/1442708\/politique\/le-jour-ou-mobutu-a-fait-assassiner-mon-pere-par-claudel-andre-lubaya\/\">Claudel Lubaya<\/a>&nbsp;; l\u2019ex-ministre&nbsp;<a href=\"https:\/\/www.jeuneafrique.com\/mag\/461864\/politique\/rdc-joseph-olenghankoy-mukundji-opposant-mais-pas-trop\/\">Joseph Olenghankoy<\/a>&nbsp;; l\u2019ancien directeur g\u00e9n\u00e9ral de l\u2019Office de gestion du fret multimodal (Ogefrem), Patient Sayiba ; le professeur en sciences politiques \u00e0&nbsp;l\u2019Universit\u00e9&nbsp;de Li\u00e8ge, Bob Kabamba ; Adam Chalwe, un ancien membre du Parti du peuple pour la reconstruction et la d\u00e9mocratie (PPRD), qui a officiellement rejoint l\u2019AFC ; mais aussi John Numbi, l\u2019ancien inspecteur g\u00e9n\u00e9ral de la Police nationale congolaise (PNC) aujourd\u2019hui en exil, et surtout&nbsp;<a href=\"https:\/\/www.jeuneafrique.com\/personnalites\/joseph-kabila\/\">Joseph Kabila<\/a>&nbsp;lui-m\u00eame.<\/p>\n\n\n\n<h2 class=\"wp-block-heading\">\u00ab&nbsp;Une diversion mal ficel\u00e9e&nbsp;\u00bb<\/h2>\n\n\n\n<p>D\u00e8s le lendemain, les proches de l\u2019ancien pr\u00e9sident ont rejet\u00e9 ces all\u00e9gations.&nbsp;<a href=\"https:\/\/www.jeuneafrique.com\/1338748\/politique\/rdc-cest-facile-daccuser-kabila-de-tous-les-maux-mais-tshisekedi-a-t-il-fait-mieux-que-nous\/\">Raymond Tshibanda, pr\u00e9sident de la cellule de crise du Front commun pour le Congo (FCC)<\/a>, a d\u00e9nonc\u00e9 des \u00ab aveux stup\u00e9fiants, inv\u00e9rifiables et visiblement arrach\u00e9s de force, publi\u00e9s par un service sp\u00e9cialis\u00e9 en violation du sacro-saint principe du secret d\u2019instruction pr\u00e9juridictionnelle \u00bb. \u00ab [Il s\u2019agit d\u2019une] diversion mal ficel\u00e9e pour d\u00e9tourner l\u2019attention du peuple congolais de l\u2019imp\u00e9ritie des tenants du pouvoir, pire, [d\u2019une]&nbsp;campagne&nbsp;de diabolisation en vue de pr\u00e9parer l\u2019opinion nationale et internationale \u00e0 des interpellations injustifi\u00e9es et \u00e0 une mise en accusation d\u00e9j\u00e0 programm\u00e9e \u00bb, a-t-il ajout\u00e9.<\/p>\n\n\n\n<p>Si le camp de Joseph Kabila a \u00e9t\u00e9 aussi prompt \u00e0 r\u00e9agir, c\u2019est qu\u2019il sait que l\u2019administration Tshisekedi cherche \u00e0 accentuer la pression sur l\u2019ancien pr\u00e9sident. Six jours avant ces \u00ab&nbsp;aveux&nbsp;\u00bb d\u2019\u00c9ric Nkuba Shebandu,&nbsp;<a href=\"https:\/\/www.jeuneafrique.com\/1538430\/politique\/en-rdc-augustin-kabuya-ou-le-fils-aine-de-tshisekedi\/\">le secr\u00e9taire g\u00e9n\u00e9ral de l\u2019Union pour la d\u00e9mocratie et le progr\u00e8s social (UDPS), Augustin Kabuya,<\/a>&nbsp;prof\u00e9rait d\u00e9j\u00e0 de graves accusations \u00e0 son encontre.<\/p>\n\n\n\n<p><a href=\"https:\/\/www.jeuneafrique.com\/1491057\/politique\/quand-john-numbi-menace-felix-tshisekedi-de-lui-reprendre-le-pouvoir\/\"><\/a>A lire :<\/p>\n\n\n\n<p><a href=\"https:\/\/www.jeuneafrique.com\/1491057\/politique\/quand-john-numbi-menace-felix-tshisekedi-de-lui-reprendre-le-pouvoir\/\">Quand John Numbi&nbsp;menace F\u00e9lix Tshisekedi de \u00ab&nbsp;lui reprendre le pouvoir&nbsp;\u00bb<\/a><\/p>\n\n\n\n<p>\u00ab Pour votre information, au moment o\u00f9 je vous parle, Joseph Kabila a fui le pays, avait-il affirm\u00e9 devant des cadres du parti pr\u00e9sidentiel. Il n\u2019a laiss\u00e9 aucune trace \u00e0 la DGM [Direction g\u00e9n\u00e9rale de migration]. Il est parti en catimini parce que c\u2019est&nbsp;lui&nbsp;qui est derri\u00e8re la guerre qui s\u00e9vit dans l\u2019est du pays. J\u2019\u00e9tais d\u00e9j\u00e0 au courant de cela \u00bb, affirmait le chef du parti pr\u00e9sidentiel devant les cadres et militants du parti pr\u00e9sidentiel.<\/p>\n\n\n\n<h2 class=\"wp-block-heading\">Kabila \u00e0 l\u2019\u00e9tranger depuis fin janvier<\/h2>\n\n\n\n<p>\u00ab Joseph Kabila est le seul chef d\u2019\u00c9tat de toute l\u2019histoire de la RDC \u00e0 organiser des \u00e9lections d\u00e9mocratiques, et ensuite une alternance pacifique qui a eu pour premier b\u00e9n\u00e9ficiaire ce m\u00eame parti [UDPS]. Peut-il fuir, abandonner ce pourquoi il s\u2019est investi toute sa vie ? Ou encore \u00eatre \u00e0 la base d\u2019une quelconque d\u00e9stabilisation de cette m\u00eame nation ? C\u2019est incoh\u00e9rent de r\u00e9fl\u00e9chir dans ce sens \u00bb, avait alors r\u00e9pliqu\u00e9 Barbara Nzimbi, sa charg\u00e9e de communication.<\/p>\n\n\n\n<p>Absent des derni\u00e8res \u00e9lections qu\u2019il avait appel\u00e9es \u00e0 boycotter, Joseph Kabila a quitt\u00e9 la RDC&nbsp;fin&nbsp;janvier pour l\u2019Afrique du Sud. Le 25 janvier, il a fait valider, devant un jury de l\u2019Universit\u00e9 de Johannesburg, le sujet de sa th\u00e8se, laquelle portera sur \u00ab les implications de la rivalit\u00e9 \u00c9tats-Unis-Chine-Russie pour l\u2019Afrique \u00bb. Un mois plus tard, il a \u00e9t\u00e9 aper\u00e7u \u00e0 Windhoek, en Namibie. Accompagn\u00e9 de son conseiller diplomatique,&nbsp;<a href=\"https:\/\/www.jeuneafrique.com\/1216878\/politique\/exclusif-rdc-les-dessous-de-la-fuite-de-kikaya-bin-karubi-conseiller-de-joseph-kabila\/\">Kikaya Bin Karubi<\/a>, il a assist\u00e9 \u00e0 l\u2019hommage rendu au pr\u00e9sident Hage Geingob, d\u00e9c\u00e9d\u00e9 le 4 f\u00e9vrier dernier \u2013&nbsp;une c\u00e9r\u00e9monie \u00e0 laquelle a \u00e9galement pris part F\u00e9lix Tshisekedi. Mais ce jour l\u00e0, les deux hommes se sont soigneusement \u00e9vit\u00e9s, renfor\u00e7ant ainsi les rumeurs sur l\u2019\u00e9tat de leurs relations.<\/p>\n\n\n\n<p><a href=\"https:\/\/www.jeuneafrique.com\/1530669\/politique\/joseph-kabila-lhomme-qui-aime-se-faire-rare\/\"><\/a>A lire :<\/p>\n\n\n\n<p><a href=\"https:\/\/www.jeuneafrique.com\/1530669\/politique\/joseph-kabila-lhomme-qui-aime-se-faire-rare\/\">Joseph Kabila, l\u2019homme qui aime se faire rare<\/a><\/p>\n\n\n\n<p>Depuis son d\u00e9part du pouvoir en janvier 2019, c\u2019est la premi\u00e8re fois que le \u00ab&nbsp;gentleman farmer&nbsp;\u00bb de Kingakati (pr\u00e8s de Kinshasa) et de&nbsp;Kashamata&nbsp;(pr\u00e8s de Lubumbashi) s\u00e9journe aussi longtemps \u00e0 l\u2019ext\u00e9rieur du pays. Et selon nos informations, tout porte \u00e0 croire qu\u2019il a effectivement quitt\u00e9 la RDC sans l\u2019accord des autorit\u00e9s, agac\u00e9 d\u2019attendre en vain l\u2019autorisation de l\u2019Agence nationale de renseignement (ANR).<\/p>\n\n\n\n<h2 class=\"wp-block-heading\">Des poursuites contre l\u2019ancien pr\u00e9sident ?<\/h2>\n\n\n\n<p>Depuis que Fran\u00e7ois Beya, l\u2019ex-conseiller sp\u00e9cial de F\u00e9lix Tshisekedi, est tomb\u00e9 en disgr\u00e2ce en f\u00e9vrier 2022, chaque voyage \u00e0 l\u2019\u00e9tranger de l\u2019ancien pr\u00e9sident est soumis \u00e0 l\u2019autorisation pr\u00e9alable de l\u2019ANR. Les proches de l\u2019ancien pr\u00e9sident ont plusieurs fois d\u00e9nonc\u00e9 des \u00ab tracasseries administratives \u00bb et une \u00ab restriction de ses libert\u00e9s de mouvement \u00bb.<\/p>\n\n\n\n<p>Mais Joseph Kabila peut-il \u00eatre poursuivi ? Si la loi du 26 juillet 2018 portant sur le statut des anciens chefs d\u2019\u00c9tat \u00e9lus le prot\u00e8ge d\u2019\u00e9ventuelles poursuites p\u00e9nales pour les actes&nbsp;pos\u00e9s&nbsp;dans l\u2019exercice de ses fonctions, ce n\u2019est pas le cas des faits pos\u00e9s en dehors de l\u2019exercice de ses fonctions. Mais le lancement des poursuites devrait alors \u00eatre soumis au Parlement et approuv\u00e9 par les deux tiers des \u00e9lus de l\u2019Assembl\u00e9e nationale et du S\u00e9nat r\u00e9unis en Congr\u00e8s.<\/p>\n\n\n\n<p><a href=\"https:\/\/www.jeuneafrique.com\/1494007\/politique\/les-intrigants-silences-de-joseph-kabila\/\"><\/a>A lire :<\/p>\n\n\n\n<p><a href=\"https:\/\/www.jeuneafrique.com\/1494007\/politique\/les-intrigants-silences-de-joseph-kabila\/\">Les intrigants silences de Joseph Kabila<\/a><\/p>\n\n\n\n<p>Cette perspective l\u2019effraie-t-elle ? Fid\u00e8le \u00e0 son habitude, l\u2019insondable Kabila garde le silence. Sa derni\u00e8re prise de parole publique remonte au 16 juin 2023. C\u2019\u00e9tait devant les barons de sa famille politique, \u00e0 Kingakati. Tr\u00e8s en verve ce jour-l\u00e0, il avait donn\u00e9 tort \u00e0 tous ceux qui pensaient qu\u2019il s\u2019\u00e9tait r\u00e9solu \u00e0 prendre sa retraite et accus\u00e9 l\u2019administration Tshisekedi de r\u00e9instaurer la \u00ab dictature \u00bb, la \u00ab gabegie \u00bb et la \u00ab corruption \u00bb. Il avait n\u00e9anmoins insist\u00e9&nbsp;sur&nbsp;le fait qu\u2019il combattrait son successeur avec \u00ab toutes les garanties offertes par la Constitution \u00bb.<\/p>\n\n\n\n<h2 class=\"wp-block-heading\">La peur d\u2019une revanche<\/h2>\n\n\n\n<p>Depuis des mois, dans les cercles au pouvoir \u00e0 Kinshasa, certains redoutaient que l\u2019ancien pr\u00e9sident, politiquement marginalis\u00e9 par F\u00e9lix Tshisekedi, cherche \u00e0 prendre sa revanche. Tous les faits et gestes de Joseph Kabila et de ses proches sont donc scrut\u00e9s avec attention. Le 15 mars dernier, sa s\u0153ur jumelle, Jaynet, a d\u2019ailleurs \u00e9t\u00e9 auditionn\u00e9e dans les locaux des renseignements militaires pendant plus de quatre heures, et le si\u00e8ge kinois de la fondation d\u00e9di\u00e9e \u00e0 leur d\u00e9funt p\u00e8re,&nbsp;<a href=\"https:\/\/www.jeuneafrique.com\/1395475\/politique\/laurent-desire-kabila-mort-dans-le-palais-de-marbre\/\">Laurent-D\u00e9sir\u00e9 Kabila,<\/a>&nbsp;a \u00e9t\u00e9 perquisitionn\u00e9.<\/p>\n\n\n\n<p><a href=\"https:\/\/www.jeuneafrique.com\/1548176\/politique\/rdc-jaynet-kabila-auditionnee-par-les-renseignements-militaires\/\"><\/a>A lire :<\/p>\n\n\n\n<p><a href=\"https:\/\/www.jeuneafrique.com\/1548176\/politique\/rdc-jaynet-kabila-auditionnee-par-les-renseignements-militaires\/\">RDC&nbsp;: Jaynet Kabila auditionn\u00e9e par les renseignements militaires<\/a><\/p>\n\n\n\n<p>L\u2019ancien pr\u00e9sident va-t-il pouvoir continuer \u00e0 garder le silence ? Deux jeunes cadres de son parti \u2013 Henry Magie Walifetu et Yannick Tshisola \u2013 ont&nbsp;r\u00e9cemment&nbsp;rejoint l\u2019AFC. Mais rien ne permet de lier ce ralliement \u00e0 une \u00e9ventuelle consigne de Joseph Kabila, m\u00eame si sa famille politique souffre de l\u2019absence de ligne de conduite explicite.<\/p>\n\n\n\n<p>Selon nos informations, N\u00e9h\u00e9mie Mwilanya Wilondja, Emmanuel Ramazani Shadary et Raymond Tshibanda \u2013 tous trois cadres du FCC \u2013 ont rencontr\u00e9 Joseph Kabila apr\u00e8s son d\u00e9part de RDC et tent\u00e9 d\u2019obtenir de lui une orientation claire sur le combat politique \u00e0 mener. En vain.<\/p>\n\n\n\n<p>Entendra-t-il davantage son \u00e9pouse ? \u00c0 Goma, devant des personnes d\u00e9plac\u00e9es par la guerre dans l\u2019Est,&nbsp;<a href=\"https:\/\/www.jeuneafrique.com\/1331268\/politique\/rdc-olive-lembe-kabila-reseaux-en-politique-et-dans-leglise-clan-familial-les-soutiens-de-lex-premiere-dame\/\">Olive Lembe Kabila<\/a>&nbsp;a pri\u00e9 \u00e0 haute voix : \u00ab P\u00e8re \u00e9ternel, pourriez-vous convaincre Joseph Kabila de rentrer en politique [et de] reprendre le pouvoir d\u00e9mocratiquement ? La situation du pays va de mal en pis&nbsp;!&nbsp;\u00bb<\/p>\n<div style=\"text-align:center\" class=\"wps-pgfw-pdf-generate-icon__wrapper-frontend\">\n\t\t<a href=\"https:\/\/congokin.blog?action=genpdf&amp;id=13380\" class=\"pgfw-single-pdf-download-button\" ><img src=\"https:\/\/congokin.blog\/wp-content\/plugins\/pdf-generator-for-wp\/admin\/src\/images\/PDF_Tray.svg\" title=\"G\u00e9n\u00e9rer un PDF\" style=\"width:auto; height:45px;\"><\/a>\n\t\t<\/div>","protected":false},"excerpt":{"rendered":"<p>En RDC, l\u2019administration Tshisekedi accentue la pression sur Joseph Kabila Hors du pays depuis bient\u00f4t trois mois, l\u2019ancien pr\u00e9sident est cit\u00e9 parmi les soutiens du M23 par un proche de la r\u00e9bellion arr\u00eat\u00e9 en janvier. Des accusations que sa famille politique rejette vigoureusement. Publi\u00e9 le 8 avril 2024Lecture : 6 minutes. La s\u00e9quence est inhabituelle. [&hellip;]<\/p>\n","protected":false},"author":8,"featured_media":0,"comment_status":"open","ping_status":"closed","sticky":false,"template":"","format":"standard","meta":{"footnotes":""},"categories":[1],"tags":[],"class_list":["post-13380","post","type-post","status-publish","format-standard","hentry","category-uncategorized"],"_links":{"self":[{"href":"https:\/\/congokin.blog\/index.php?rest_route=\/wp\/v2\/posts\/13380","targetHints":{"allow":["GET"]}}],"collection":[{"href":"https:\/\/congokin.blog\/index.php?rest_route=\/wp\/v2\/posts"}],"about":[{"href":"https:\/\/congokin.blog\/index.php?rest_route=\/wp\/v2\/types\/post"}],"author":[{"embeddable":true,"href":"https:\/\/congokin.blog\/index.php?rest_route=\/wp\/v2\/users\/8"}],"replies":[{"embeddable":true,"href":"https:\/\/congokin.blog\/index.php?rest_route=%2Fwp%2Fv2%2Fcomments&post=13380"}],"version-history":[{"count":1,"href":"https:\/\/congokin.blog\/index.php?rest_route=\/wp\/v2\/posts\/13380\/revisions"}],"predecessor-version":[{"id":13381,"href":"https:\/\/congokin.blog\/index.php?rest_route=\/wp\/v2\/posts\/13380\/revisions\/13381"}],"wp:attachment":[{"href":"https:\/\/congokin.blog\/index.php?rest_route=%2Fwp%2Fv2%2Fmedia&parent=13380"}],"wp:term":[{"taxonomy":"category","embeddable":true,"href":"https:\/\/congokin.blog\/index.php?rest_route=%2Fwp%2Fv2%2Fcategories&post=13380"},{"taxonomy":"post_tag","embeddable":true,"href":"https:\/\/congokin.blog\/index.php?rest_route=%2Fwp%2Fv2%2Ftags&post=13380"}],"curies":[{"name":"wp","href":"https:\/\/api.w.org\/{rel}","templated":true}]}}