{"id":13382,"date":"2024-04-08T20:28:39","date_gmt":"2024-04-08T20:28:39","guid":{"rendered":"https:\/\/congokin.blog\/?p=13382"},"modified":"2024-04-08T20:28:40","modified_gmt":"2024-04-08T20:28:40","slug":"rdc-trois-soldats-tanzaniens-de-la-sadc-tues-par-un-tir-de-mortier-dans-le-nord-kivu","status":"publish","type":"post","link":"https:\/\/congokin.blog\/?p=13382","title":{"rendered":"RDC: trois soldats tanzaniens de la SADC tu\u00e9s par un tir de mortier dans le Nord-Kivu"},"content":{"rendered":"\n<h1 class=\"wp-block-heading\">RDC: trois soldats tanzaniens de la SADC tu\u00e9s par un tir de mortier dans le Nord-Kivu<\/h1>\n\n\n\n<p>En RDC, trois soldats tanzaniens sont d\u00e9c\u00e9d\u00e9s lors de combats ces derniers jours dans l\u2019est du pays. Ils faisaient partie des troupes de la Communaut\u00e9 de d\u00e9veloppement d\u2019Afrique australe (SADC) d\u00e9ploy\u00e9es dans le Nord-Kivu depuis d\u00e9cembre dernier.<\/p>\n\n\n\n<p>Publi\u00e9 le :&nbsp;08\/04\/2024 &#8211; 20:44<\/p>\n\n\n\n<p>2 mn<\/p>\n\n\n\n<figure class=\"wp-block-image is-style-zoooom\"><img decoding=\"async\" src=\"https:\/\/s.rfi.fr\/media\/display\/c67ee762-db90-11ee-ae95-005056a97e36\/w:980\/p:16x9\/000_34JK4U8.jpg\" alt=\"Des soldats de l'arm\u00e9e congolaise marchent \u00e0 c\u00f4t\u00e9 de d\u00e9plac\u00e9s ayant trouv\u00e9s refuge au camp de Bulengo, \u00e0 quelques kilom\u00e8tres du centre-ville de Goma, en R\u00e9publique d\u00e9mocratique du Congo, le 16 f\u00e9vrier 2024. (Photo d'illustration)\"\/><figcaption class=\"wp-element-caption\">Des soldats de l&rsquo;arm\u00e9e congolaise marchent \u00e0 c\u00f4t\u00e9 de d\u00e9plac\u00e9s ayant trouv\u00e9s refuge au camp de Bulengo, \u00e0 quelques kilom\u00e8tres du centre-ville de Goma, en R\u00e9publique d\u00e9mocratique du Congo, le 16 f\u00e9vrier 2024. (Photo d&rsquo;illustration)&nbsp;\u00a9 GUERCHOM NDEBO \/ AFP<\/figcaption><\/figure>\n\n\n\n<p>Par :<a href=\"https:\/\/www.rfi.fr\/fr\/auteur\/rfi\/\">RFI<\/a><a href=\"https:\/\/x.com\/intent\/follow?screen_name=rfi\" target=\"_blank\" rel=\"noreferrer noopener\">Suivre<\/a><\/p>\n\n\n\n<p>Dans un communiqu\u00e9, la SADC confirme que trois soldats tanzaniens ont \u00e9t\u00e9 tu\u00e9s et trois autres bless\u00e9s \u00ab&nbsp;<em>lorsqu&rsquo;un obus de mortier est tomb\u00e9 pr\u00e8s du camp o\u00f9 ils se trouvaient.<\/em>&nbsp;\u00bb&nbsp;Selon plusieurs sources, le bombardement aurait eu lieu le 4 avril sur Mumbambiro.<\/p>\n\n\n\n<p>Cette force est-africaine de la SADC est compos\u00e9e de soldats d&rsquo;<strong><a href=\"https:\/\/www.rfi.fr\/fr\/tag\/afrique-du-sud\/\">Afrique du Sud<\/a>,<\/strong>&nbsp;de&nbsp;<strong><a href=\"https:\/\/www.rfi.fr\/fr\/tag\/tanzanie\/\">Tanzanie<\/a><\/strong>&nbsp;et du&nbsp;<strong><a href=\"https:\/\/www.rfi.fr\/fr\/tag\/malawi\/\">Malawi<\/a><\/strong>&nbsp;pour aider les forces gouvernementales ainsi que les milices progouvernementales \u00e0 lutter contre les rebelles du&nbsp;<strong><a href=\"https:\/\/www.rfi.fr\/fr\/tag\/m23\/\">M23<\/a><\/strong>&nbsp;qui, avec l\u2019appui du&nbsp;<strong><a href=\"https:\/\/www.rfi.fr\/fr\/tag\/rwanda\/\">Rwanda<\/a><\/strong>, se sont empar\u00e9s de larges pans de la province.<\/p>\n\n\n\n<p>Selon l\u2019arm\u00e9e congolaise, les obus ont \u00e9t\u00e9 tir\u00e9s, jeudi 4 avril, par les rebelles du M23, depuis des collines aux alentours. Le camp de la SADC se trouve \u00e0 l\u2019entr\u00e9e de la ville de Sak\u00e9, sur la route menant \u00e0 Goma, chef-lieu de la province. Depuis plusieurs mois, cette route est devenue la ligne de front entre l\u2019arm\u00e9e congolaise et ses alli\u00e9s &#8211; \u00e0 l\u2019est &#8211; et les rebelles du M23, soutenus par le Rwanda au nord et \u00e0 l\u2019ouest.<\/p>\n\n\n\n<p>Dans son communiqu\u00e9, la SADC annonce \u00e9galement \u00ab&nbsp;<em>qu&rsquo;un soldat sud-africain est mort alors qu&rsquo;il \u00e9tait soign\u00e9 dans un h\u00f4pital de Goma pour des probl\u00e8mes de sant\u00e9<\/em>&nbsp;\u00bb.<\/p>\n\n\n\n<p>Ce ne sont pas les premi\u00e8res pertes de la SADC. En f\u00e9vrier dernier, deux soldats sud-africains ont \u00e9t\u00e9 tu\u00e9s par des tirs de mortiers, toujours \u00e0&nbsp;Mubambiro,&nbsp;r\u00e9guli\u00e8rement la cible de tirs. C\u2019est la derni\u00e8re place forte avant Goma o\u00f9 sont regroup\u00e9s une partie des troupes de la SADC, des instructeurs des soci\u00e9t\u00e9s militaires \u00e9trang\u00e8res, des \u00e9l\u00e9ments de l\u2019arm\u00e9e congolaise et des casques bleus.<\/p>\n\n\n\n<p>Par ailleurs, la Monusco, la mission de l\u2019ONU en RDC, a d\u00e9crit, dans un message interne, une situation s\u00e9curitaire \u00ab&nbsp;<em>de plus en plus volatile<\/em>&nbsp;\u00bb. Selon elle, le M23 \u00ab&nbsp;<em>a atteint la p\u00e9riph\u00e9rie nord de Sake<\/em>&nbsp;\u00bb. Elle ajoute que \u00ab&nbsp;<em>d&rsquo;autres \u00e9l\u00e9ments arm\u00e9s ont \u00e9t\u00e9 rep\u00e9r\u00e9s dans le parc national des Virunga, mena\u00e7ant de couper la route Goma-Sake<\/em>&nbsp;\u00bb.<\/p>\n\n\n\n<p>Le m\u00eame 4 avril, des soldats du contingent indien ont abandonn\u00e9 leurs positions \u00e0 une trentaine de kilom\u00e8tres de Goma contre l\u2019avis de leur hi\u00e9rarchie, selon un document interne consult\u00e9 par l\u2019AFP.<\/p>\n<div style=\"text-align:center\" class=\"wps-pgfw-pdf-generate-icon__wrapper-frontend\">\n\t\t<a href=\"https:\/\/congokin.blog?action=genpdf&amp;id=13382\" class=\"pgfw-single-pdf-download-button\" ><img src=\"https:\/\/congokin.blog\/wp-content\/plugins\/pdf-generator-for-wp\/admin\/src\/images\/PDF_Tray.svg\" title=\"G\u00e9n\u00e9rer un PDF\" style=\"width:auto; height:45px;\"><\/a>\n\t\t<\/div>","protected":false},"excerpt":{"rendered":"<p>RDC: trois soldats tanzaniens de la SADC tu\u00e9s par un tir de mortier dans le Nord-Kivu En RDC, trois soldats tanzaniens sont d\u00e9c\u00e9d\u00e9s lors de combats ces derniers jours dans l\u2019est du pays. Ils faisaient partie des troupes de la Communaut\u00e9 de d\u00e9veloppement d\u2019Afrique australe (SADC) d\u00e9ploy\u00e9es dans le Nord-Kivu depuis d\u00e9cembre dernier. Publi\u00e9 le [&hellip;]<\/p>\n","protected":false},"author":8,"featured_media":0,"comment_status":"open","ping_status":"closed","sticky":false,"template":"","format":"standard","meta":{"footnotes":""},"categories":[6,12,7,8],"tags":[],"class_list":["post-13382","post","type-post","status-publish","format-standard","hentry","category-justice","category-opinions","category-politique","category-societe"],"_links":{"self":[{"href":"https:\/\/congokin.blog\/index.php?rest_route=\/wp\/v2\/posts\/13382","targetHints":{"allow":["GET"]}}],"collection":[{"href":"https:\/\/congokin.blog\/index.php?rest_route=\/wp\/v2\/posts"}],"about":[{"href":"https:\/\/congokin.blog\/index.php?rest_route=\/wp\/v2\/types\/post"}],"author":[{"embeddable":true,"href":"https:\/\/congokin.blog\/index.php?rest_route=\/wp\/v2\/users\/8"}],"replies":[{"embeddable":true,"href":"https:\/\/congokin.blog\/index.php?rest_route=%2Fwp%2Fv2%2Fcomments&post=13382"}],"version-history":[{"count":1,"href":"https:\/\/congokin.blog\/index.php?rest_route=\/wp\/v2\/posts\/13382\/revisions"}],"predecessor-version":[{"id":13383,"href":"https:\/\/congokin.blog\/index.php?rest_route=\/wp\/v2\/posts\/13382\/revisions\/13383"}],"wp:attachment":[{"href":"https:\/\/congokin.blog\/index.php?rest_route=%2Fwp%2Fv2%2Fmedia&parent=13382"}],"wp:term":[{"taxonomy":"category","embeddable":true,"href":"https:\/\/congokin.blog\/index.php?rest_route=%2Fwp%2Fv2%2Fcategories&post=13382"},{"taxonomy":"post_tag","embeddable":true,"href":"https:\/\/congokin.blog\/index.php?rest_route=%2Fwp%2Fv2%2Ftags&post=13382"}],"curies":[{"name":"wp","href":"https:\/\/api.w.org\/{rel}","templated":true}]}}