{"id":13421,"date":"2024-04-21T15:45:45","date_gmt":"2024-04-21T15:45:45","guid":{"rendered":"https:\/\/congokin.blog\/?p=13421"},"modified":"2024-04-21T15:45:46","modified_gmt":"2024-04-21T15:45:46","slug":"insecurite-comment-la-rdc-est-devenue-dependante-des-interventions-militaires-etrangeres","status":"publish","type":"post","link":"https:\/\/congokin.blog\/?p=13421","title":{"rendered":"Ins\u00e9curit\u00e9 : Comment la RDC est devenue d\u00e9pendante des interventions militaires \u00e9trang\u00e8res<gwmw style=\"display:none;\"><\/gwmw>"},"content":{"rendered":"\n<h1 class=\"wp-block-heading\" id=\"content\">Ins\u00e9curit\u00e9 : Comment la RDC est devenue d\u00e9pendante des interventions militaires \u00e9trang\u00e8res<\/h1>\n\n\n\n<figure class=\"wp-block-image is-style-zoooom\"><img loading=\"lazy\" decoding=\"async\" width=\"640\" height=\"425\" src=\"https:\/\/congokin.blog\/wp-content\/uploads\/2024\/04\/image.jpeg\" alt=\"Un soldat sud-africain de la mission Onusienne en RDC\" class=\"wp-image-13422\" srcset=\"https:\/\/congokin.blog\/wp-content\/uploads\/2024\/04\/image.jpeg 640w, https:\/\/congokin.blog\/wp-content\/uploads\/2024\/04\/image-300x199.jpeg 300w\" sizes=\"auto, (max-width: 640px) 100vw, 640px\" \/><\/figure>\n\n\n\n<p><strong>Article information<\/strong><\/p>\n\n\n\n<ul class=\"wp-block-list\">\n<li>Author,<strong>Armand Mouko Boudombo<\/strong><\/li>\n\n\n\n<li>Role,<strong>Journaliste- BBC Afrique<\/strong><\/li>\n\n\n\n<li><a href=\"https:\/\/twitter.com\/AmoukoB\">Twitter,<strong>@AmoukoB<\/strong><\/a><\/li>\n\n\n\n<li><em>Reporting from<\/em>Dakar<\/li>\n\n\n\n<li>il y a 3 heures<\/li>\n<\/ul>\n\n\n\n<p><strong>La r\u00e9publique d\u00e9mocratique du Congo connait depuis plus d\u2019un demi-si\u00e8cle, des conflits sur son territoire, qui ont donn\u00e9 lieu \u00e0 de nombreuses interventions des arm\u00e9es \u00e9trang\u00e8res, certaines pour appuyer le pouvoir de Kinshasa, d\u2019autres pour le combattre.<\/strong><\/p>\n\n\n\n<p>Le 19 avril 2024, la Mission de Stabilisation des Nations Unies en R\u00e9publique D\u00e9mocratique du Congo (MONUSCO) a retroc\u00e9d\u00e9 la base de Bunyakiri aux Forces Arm\u00e9es de la R\u00e9publique D\u00e9mocratique du Congo (FARDC).<\/p>\n\n\n\n<p>Le Commandant par int\u00e9rim de la Force de la MONUSCO, le G\u00e9n\u00e9ral de Division Khar Diouf a qualifi\u00e9 d\u2019instant \u00ab\u00a0historique\u00a0\u00bb le transfert de cette base implant\u00e9e \u00e0 Bunyakiri en 2004.<\/p>\n\n\n\n<p>C\u2019est le deuxi\u00e8me camp que la Monusco lib\u00e8re dans le pays, apr\u00e8s le retrait, le 28 f\u00e9vrier, de 2000 de ses hommes qui \u00e9taient stationn\u00e9s \u00e0 la base de Kamanyola, toujours dans la province orientale du Sud-Kivu.<\/p>\n\n\n\n<p>Suite \u00e0 leur d\u00e9part, le camp a \u00e9t\u00e9 r\u00e9troc\u00e9d\u00e9 \u00e0 la police congolaise.<\/p>\n\n\n\n<p>Ces deux premi\u00e8res r\u00e9trocessions marquent le d\u00e9but d\u2019une op\u00e9ration qui aboutira, au plus tard le 31 d\u00e9cembre 2024, au d\u00e9part de tous les 13500 casques bleues des Nations Unies, pr\u00e9sents dans le pays, depuis 1999.<strong>A lire sur le m\u00eame sujet<\/strong><\/p>\n\n\n\n<ul class=\"wp-block-list\">\n<li><a href=\"https:\/\/www.bbc.com\/afrique\/articles\/c9r2ywx55y7o\">Ins\u00e9curit\u00e9 dans l\u2019Est de la RDC : Ce qu\u2019il faut savoir sur \u00ab\u00a0l\u2019Alliance du Fleuve Congo\u00a0\u00bb lanc\u00e9e par Corneille Nangaa<\/a>18 d\u00e9cembre 2023<\/li>\n\n\n\n<li><a href=\"https:\/\/www.bbc.com\/afrique\/articles\/cl759x8e4kpo\">Cinq choses \u00e0 savoir sur le conflit dans l&rsquo;est de la R\u00e9publique d\u00e9mocratique du Congo<\/a>21 f\u00e9vrier 2024<\/li>\n\n\n\n<li><a href=\"https:\/\/www.bbc.com\/afrique\/articles\/c9r46drv3eeo\">Pourquoi la crise s\u00e9curitaire s\u2019est aggrav\u00e9e dans l\u2019est de la RDC\u00a0?<\/a>3 novembre 2022<\/li>\n<\/ul>\n\n\n\n<p>Ce d\u00e9part complet de la composante militaire de la mission onusienne, s\u2019il est effectif comme convenu en novembre dernier entre les autorit\u00e9s congolaises et l\u2019ONU, marquera un tournant important de l\u2019histoire militaire de la R\u00e9publique D\u00e9mocratique du Congo, caract\u00e9ris\u00e9e par une quasi permanence de l\u2019assistance militaire \u00e9trang\u00e8re.<\/p>\n\n\n\n<p>Dans cet article, nous vous pr\u00e9sentons la majorit\u00e9 des op\u00e9rations militaires \u00e9trang\u00e8res qui se sont d\u00e9roul\u00e9es en RDC, depuis l\u2019ind\u00e9pendance de ce vaste pays, \u00e0 cheval entre l\u2019Afrique centrale, l\u2019Afrique de l\u2019Est et l\u2019Afrique Australe.<\/p>\n\n\n\n<h2 class=\"wp-block-heading\" id=\"Ind\u00e9pendance-de-larm\u00e9e-Congolaise-et-lONUC-au-secours-19601964\">Ind\u00e9pendance de l\u2019arm\u00e9e Congolaise et l\u2019ONUC au secours (1960-1964)<\/h2>\n\n\n\n<p>C\u2019est comme l\u2019histoire d\u2019une mauvaise communication qui met le feu aux poudres. Quelques mois avant l\u2019ind\u00e9pendance du pays, le 30 juin 1960, les soldats congolais montrent une certaine fatigue et un certain agacement.<\/p>\n\n\n\n<p>Au sein de l\u2019arm\u00e9e, ils sont 25 mille, dont 1000 officiers et sous-officiers belges et aucun officiers congolais.<\/p>\n\n\n\n<p>Depuis des mois, ils multiplient des gardes et des op\u00e9rations de maintien de la paix dans le pays, et esp\u00e8rent changer de grades une fois l\u2019ind\u00e9pendance arriv\u00e9e, pour certains, atteindre le grade d\u2019officier.<\/p>\n\n\n\n<p>Quatre jours apr\u00e8s l\u2019ind\u00e9pendance, la premi\u00e8re mutinerie \u00e9clate. Nous sommes au grand camp militaire L\u00e9opold, aujourd\u2019hui camp Kokolo, \u00e0 Kinshasa. 500 soldats congolais sont \u00e0 la man\u0153uvre.<\/p>\n\n\n\n<p>Leur mot d\u2019ordre : \u00ab\u00a0nous voulons, nous aussi, notre ind\u00e9pendance\u00a0\u00bb. Leur leader est aussi t\u00f4t d\u00e9grad\u00e9, et mis en prison.<\/p>\n\n\n\n<p>Le g\u00e9n\u00e9ral belge Emile Janssens voulant calmer la situation, s\u2019adresse aux soldats, leur disant que leurs missions sont inchang\u00e9s, \u00e9crivant au tableau \u00ab\u00a0Avant l\u2019ind\u00e9pendance = apr\u00e8s l\u2019ind\u00e9pendance\u00a0\u00bb.<\/p>\n\n\n\n<p>Un rassemblement de 500 soldats tourne \u00e0 la manifestation, puis \u00e0 l\u2019\u00e9meute. Ces hommes veulent prendre le contr\u00f4le du d\u00e9p\u00f4t d\u2019armes, la police militaire tente de les repousser, mais ils y parviennent quand m\u00eame.<\/p>\n\n\n\n<p>Le lendemain, les mutins sortent du camp et s\u2019en prennent aux Europ\u00e9ens majoritairement belges, qui sont quelques 110 milles au Congo.<\/p>\n\n\n\n<p>Le premier ministre Patrice Lumumba tente de calmer la situation en annon\u00e7ant un avancement d\u2019un grade pour tout soldat, mais rien y fait. Les dirigeants de l\u2019arm\u00e9e Belge entreprennent une op\u00e9ration de force, et n\u2019en informent Lumumba qu\u2019au bout du processus.<\/p>\n\n\n\n<figure class=\"wp-block-image is-style-zoooom\"><img loading=\"lazy\" decoding=\"async\" width=\"640\" height=\"398\" src=\"https:\/\/congokin.blog\/wp-content\/uploads\/2024\/04\/image-6.jpeg\" alt=\"Soldats congolais lors d'un d\u00e9fil\u00e9, tenant le drapeau de la RDC et celui de la Belgique\" class=\"wp-image-13429\" srcset=\"https:\/\/congokin.blog\/wp-content\/uploads\/2024\/04\/image-6.jpeg 640w, https:\/\/congokin.blog\/wp-content\/uploads\/2024\/04\/image-6-300x187.jpeg 300w\" sizes=\"auto, (max-width: 640px) 100vw, 640px\" \/><figcaption class=\"wp-element-caption\">L\u00e9gende image,Soldats congolais lors d&rsquo;un d\u00e9fil\u00e9, tenant le drapeau de la RDC et celui de la Belgique<\/figcaption><\/figure>\n\n\n\n<p>Celui-ci tout furieux r\u00e9voque le commandant Emile Jansens, le commandant belge, de la force publique congolaise, soup\u00e7onnant les belges de pr\u00e9parer un coup d\u2019Etat contre lui.<\/p>\n\n\n\n<p>Pr\u00e9tendant un pont a\u00e9rien pour \u00e9vacuer les leurs, les autorit\u00e9s belges font d\u00e9barquer en RDC, sans concertation avec les autorit\u00e9s congolaises, quelques 10 mille soldats belges suppl\u00e9mentaires, pour porter secours \u00e0 leurs fr\u00e8res d\u2019armes.<\/p>\n\n\n\n<p>Apr\u00e8s des jours de confusion et de suspicions, plusieurs villes vont s\u2019embraser, dans plusieurs parties du pays.<\/p>\n\n\n\n<p>La strat\u00e9gique et riche province du Katanga finit par faire s\u00e9cession, ouvrant la porte au maintien de la force belge, alli\u00e9e au leader provincial, Joseph Tchombe, sur le territoire. La \u00ab\u00a0guerre coloniale\u00a0\u00bb est ouverte.<\/p>\n\n\n\n<p>Le pr\u00e9sident Kasa-Vubu et le Premier ministre Lumumba, en tourn\u00e9e dans le pays pour y ramener le calme, envoient le 12 juillet 1960, un t\u00e9l\u00e9gramme \u00e0 l\u2019ONU.<\/p>\n\n\n\n<p>Ils d\u00e9noncent \u00ab\u00a0l\u2019acte d\u2019agression contre notre pays, par l\u2019envoi de troupes belges en violation du trait\u00e9 d\u2019amiti\u00e9 sign\u00e9 entre les deux pays \u00ab\u00a0, et en accusent \u00a0\u00bb le gouvernement belge d\u2019avoir minutieusement pr\u00e9par\u00e9 la s\u00e9cession du Katanga \u00ab\u00a0, puis demandent \u00ab\u00a0une aide militaire des Nations-Unies \u00ab\u00a0.<\/p>\n\n\n\n<p>Puis le 14 juillet, ils annoncent au gouvernement belge, par t\u00e9l\u00e9gramme, la rupture des relations diplomatiques. Le m\u00eame jour, l\u2019ONU prend la r\u00e9solution d\u2019intervenir au Congo, et fait d\u00e9barquer les premiers casques bleues sur le sol congolais deux jours plus tard.<\/p>\n\n\n\n<p>La r\u00e9solution des Nations Unies exige formellement de la Belgique, le retrait de ses soldats du territoire. Bruxelles tentera de reculer l\u2019\u00e9ch\u00e9ance le plus tard possible.<\/p>\n\n\n\n<p>On assistera \u00e0 une mission onusienne compos\u00e9e de 20 mille hommes, qui vont passer 7 ans, sur le territoire congolais, sans v\u00e9ritable mandat d\u2019intervention, dans les affaires internes du pays. La mission cherchera plut\u00f4t une solution politique.<\/p>\n\n\n\n<p>Face \u00e0 la persistance de cette \u00ab\u00a0guerre mondiale\u00a0\u00bb, le camp des dirigeants va se fissurer en aout. Le pr\u00e9sident Kasa-Vubu d\u00e9cide de r\u00e9voquer le Premier ministre Lumumba, qui lui, lance une proc\u00e9dure de destitution du pr\u00e9sident.<\/p>\n\n\n\n<p>Le colonel Mobutu Sese Seko aux aguets, fait un coup d\u2019Etat le 14 septembre de la m\u00eame ann\u00e9e. La crise co\u00fbte finalement la vie \u00e0 Patrice Lumumba, le 17 janvier 1961.<\/p>\n\n\n\n<p>Pour l\u2019acteur de la soci\u00e9t\u00e9 civile congolaise, Omar Kavota, l\u2019ONUC enregistre un r\u00e9sultat mitig\u00e9 \u00e0 cause \u00ab\u00a0des int\u00e9r\u00eats des grandes puissances dont les int\u00e9r\u00eats se contredisaient sur le contr\u00f4le des richesses du Congo\u00a0\u00bb.<\/p>\n\n\n\n<h2 class=\"wp-block-heading\" id=\"La-guerre-froide-et-laction-de-lURSS-juillet-ao\u00fbt-1960\">La guerre froide, et l\u2019action de l\u2019URSS (juillet &#8211; ao\u00fbt 1960).<\/h2>\n\n\n\n<figure class=\"wp-block-image is-style-zoooom\"><img loading=\"lazy\" decoding=\"async\" width=\"640\" height=\"425\" src=\"https:\/\/congokin.blog\/wp-content\/uploads\/2024\/04\/image-8.jpeg\" alt=\"Joseph Desir\u00e9 Mobutu a \u00e9t\u00e9 au coeur des n\u00e9gociations avec les USA et l'URSS pour \u00e9viter la s\u00e9cession du Katanga\" class=\"wp-image-13430\" srcset=\"https:\/\/congokin.blog\/wp-content\/uploads\/2024\/04\/image-8.jpeg 640w, https:\/\/congokin.blog\/wp-content\/uploads\/2024\/04\/image-8-300x199.jpeg 300w\" sizes=\"auto, (max-width: 640px) 100vw, 640px\" \/><figcaption class=\"wp-element-caption\">L\u00e9gende image,Joseph Desir\u00e9 Mobutu a \u00e9t\u00e9 au coeur des n\u00e9gociations avec les USA et l&rsquo;URSS pour \u00e9viter la s\u00e9cession du Katanga<\/figcaption><\/figure>\n\n\n\n<p>L\u2019appel aux Nations Unies lanc\u00e9s par Lumumba et Kaza-vubu, le 12 juillet 1960 s\u2019accompagnent par un autre \u00e0 l\u2019endroit du pr\u00e9sident sovi\u00e9tique Nikita Khrouchtchev, l\u2019informant que son aide pourrait \u00eatre sollicit\u00e9e pour une intervention dans la crise.<\/p>\n\n\n\n<p>Ce premier conflit congolais post ind\u00e9pendance, qui l\u2019oppose \u00e0 l\u2019ancien colonisateur belge, se d\u00e9roule en pleine guerre froide, o\u00f9 deux blocs, l&rsquo;un occidental et l&rsquo;autre oriental s\u2019opposent par puissances interpos\u00e9es.<\/p>\n\n\n\n<p>Les Etats Unis craignent dans ces circonstances, une intervention militaire du rival sovi\u00e9tique. Le premier ministre Patrice Lumumba est invit\u00e9 \u00e0 Washington et \u00e0 New York. A cette \u00e9poque, les renseignements am\u00e9ricains ont d\u00e9crit la situation au Congo comme une prise de pouvoir communiste classique.<\/p>\n\n\n\n<p>Le Premier ministre congolais, las de ces tentatives diplomatiques vers le bloc occidental, obtient finalement une aide logistique a\u00e9rienne pour transporter ses troupes et r\u00e9duire la s\u00e9cession du Sud-Kasa\u00ef, \u00e0 partir de la mi-ao\u00fbt. La r\u00e9gion avait elle aussi d\u00e9cid\u00e9 de faire s\u00e9cession \u00e0 la suite de celle du Katanga.<\/p>\n\n\n\n<p>Un don sovi\u00e9tique qui sonna comme un arr\u00eat de mort contre Lumumba.<\/p>\n\n\n\n<h2 class=\"wp-block-heading\" id=\"L\u00e9chec-de-Che-Guevara-1965\">L\u2019\u00e9chec de Che Guevara (1965)<\/h2>\n\n\n\n<figure class=\"wp-block-image is-style-zoooom\"><img loading=\"lazy\" decoding=\"async\" width=\"640\" height=\"383\" src=\"https:\/\/congokin.blog\/wp-content\/uploads\/2024\/04\/image-10.jpeg\" alt=\"Une photo de 1965 montre le gu\u00e9rillero cubano-argentin Ernesto Che Guevara (\u00e0 gauche) dans la jungle avec des soldats congolais et cubains\" class=\"wp-image-13431\" srcset=\"https:\/\/congokin.blog\/wp-content\/uploads\/2024\/04\/image-10.jpeg 640w, https:\/\/congokin.blog\/wp-content\/uploads\/2024\/04\/image-10-300x180.jpeg 300w\" sizes=\"auto, (max-width: 640px) 100vw, 640px\" \/><figcaption class=\"wp-element-caption\">L\u00e9gende image,Une photo de 1965 montre le gu\u00e9rillero cubano-argentin Ernesto Che Guevara (\u00e0 gauche) dans la jungle avec des soldats congolais et cubains<\/figcaption><\/figure>\n\n\n\n<p>Marxiste-l\u00e9niniste et internationaliste argentin, homme politique d&rsquo;Am\u00e9rique latine \u00e9galement, Ernesto Che Guevara, est connu pour \u00eatre un r\u00e9volutionnaire. Il participe en 1959, avec Fidel Castro, \u00e0 renverser le dirigeant cubain Fulgencio Batista.<\/p>\n\n\n\n<p>Le deal tourne court avec son allier, Fidel Castro qui trouve ses prises de position trop lib\u00e9ral et le r\u00e9voque de son gouvernement, d\u00e9but 1965.<\/p>\n\n\n\n<p>Che Guevara quitte alors Cuba, dont il \u00e9tait devenu citoyen, et prend la direction du Congo, o\u00f9 il d\u00e9barque en avril de la m\u00eame ann\u00e9e, avec quelques hommes. Son objectif est d\u2019exporter sa r\u00e9volution, afin de freiner l\u2019imp\u00e9rialisme en terre africaine.<\/p>\n\n\n\n<p>L\u2019aventure ne sera pas fructueuse. Le Che arrive dans un territoire min\u00e9 par une multitude de groupes arm\u00e9s, dans une guerre motiv\u00e9e par l\u2019exploitation des ressources mini\u00e8res et un affrontement dans lequel am\u00e9ricains et Sovi\u00e9tiques se livrent une guerre sans merci.<\/p>\n\n\n\n<p>En plus, les mouvements nationalistes pro Lumumba avec qui il avait l\u2019intention de pactiser ont d\u00e9j\u00e0 \u00e9t\u00e9 d\u00e9capit\u00e9s et ne contr\u00f4lent plus que de petits pans de territoires.<\/p>\n\n\n\n<p>Le Che constatera in fine une d\u00e9sorganisation des hommes arm\u00e9s, une m\u00e9connaissance des techniques de gu\u00e9rilla, des rivalit\u00e9s entre les chefs de guerre, et donc, que le Congo n&rsquo;est pas fait pour la r\u00e9volution, \u00e9crivent ses biographes.<\/p>\n\n\n\n<p>Apr\u00e8s 7 mois \u00e0 tenter de \u00ab\u00a0Cubaniser le Congo\u00a0\u00bb, Il quitte le Congo, direction la Bolivie o\u00f9 il rendra l\u2019\u00e2me deux ans plus tard.<\/p>\n\n\n\n<h2 class=\"wp-block-heading\" id=\"Les-affreux-pour-et-contre-Mobutu-19611967-puis-1996\">Les \u00ab affreux\u00bb pour et contre Mobutu (1961-1967, puis 1996)<\/h2>\n\n\n\n<figure class=\"wp-block-image is-style-zoooom\"><img loading=\"lazy\" decoding=\"async\" width=\"640\" height=\"443\" src=\"https:\/\/congokin.blog\/wp-content\/uploads\/2024\/04\/image-4.jpeg\" alt=\"Un mercenaire serbe entrainant des \u00e9l\u00e9ments de l'arm\u00e9e za\u00efroise\" class=\"wp-image-13426\" srcset=\"https:\/\/congokin.blog\/wp-content\/uploads\/2024\/04\/image-4.jpeg 640w, https:\/\/congokin.blog\/wp-content\/uploads\/2024\/04\/image-4-300x208.jpeg 300w\" sizes=\"auto, (max-width: 640px) 100vw, 640px\" \/><figcaption class=\"wp-element-caption\">L\u00e9gende image,Un mercenaire serbe entrainant des \u00e9l\u00e9ments de l&rsquo;arm\u00e9e za\u00efroise<\/figcaption><\/figure>\n\n\n\n<p>Depuis son ind\u00e9pendance en 1960, l\u2019ancien Congo belge est, comme le disent les experts, un laboratoire de nouvelles pratiques. C\u2019est le cas des mercenaires.<\/p>\n\n\n\n<p>Le terme apparait dans l\u2019histoire militaire congolaise, \u00e0 l\u2019aube de l\u2019ind\u00e9pendance de cette colonie belge.<\/p>\n\n\n\n<p>La riche province du Katanga montre tr\u00e8s t\u00f4t des v\u00e9l\u00e9it\u00e9s de s\u00e9cession, avant de passer \u00e0 l\u2019acte. Une d\u00e9cision inacceptable pour l\u2019Etat central, qui lance une offensive pour ramener les recalcitrants, qui sont, cette province riche en minerais, et celle du Bas Congo.<\/p>\n\n\n\n<p>Les autorit\u00e9s mobilisent l\u2019arm\u00e9e nationale, et l\u2019ONU pour la cause. La coalition fera face \u00e0 une rebellion locale, souvent soutenue par la Belgique, et plus, ce que l\u2019on appellera \u00ab\u00a0les affreux\u00a0\u00bb.<\/p>\n\n\n\n<p>Il s\u2019agit d\u2019un groupe de mercenaires de plusieurs nationalit\u00e9s et races, concentr\u00e9es sur trois unit\u00e9s, dirig\u00e9s par trois noms remarquables.<\/p>\n\n\n\n<p>Mike Hoare, ancien militaire britanique, il a pris part \u00e0 la seconde guerre mondiale, avant d\u2019embrasser une carri\u00e8re de comptable, avant d\u2019\u00eatre recrut\u00e9 en 1961 comme mercenaire par le pr\u00e9sident r\u00e9gional Katangais Mo\u00efse Tshombe.<\/p>\n\n\n\n<p>Hoare dirige une unit\u00e9 de mercenaires au Congo, qu\u2019il surnomme \u00ab\u00a0les oies sauvages\u00a0\u00bb.<strong>Pour mieux comprendre<\/strong><\/p>\n\n\n\n<ul class=\"wp-block-list\">\n<li><a href=\"https:\/\/www.bbc.com\/afrique\/articles\/c1v1y35yxg7o\">Quelles sont les trois pr\u00e9occupations exprim\u00e9es par le Rwanda au sujet de la situation s\u00e9curitaire dans l&rsquo;est de la RDC ?<\/a>19 f\u00e9vrier 2024<\/li>\n\n\n\n<li><a href=\"https:\/\/www.bbc.com\/afrique\/articles\/cy02m3n8v78o\">\u00c9lections en RDC 2023: Ins\u00e9curit\u00e9 dans l\u2019Est de la RDC, l\u2019\u00e9quation majeure pour les candidats \u00e0 la pr\u00e9sidentielle du 20 d\u00e9cembre<\/a>6 d\u00e9cembre 2023<\/li>\n\n\n\n<li><a href=\"https:\/\/www.bbc.com\/afrique\/articles\/cg3e87nlm2go\">Le pire endroit au monde pour \u00eatre un enfant<\/a>14 octobre 2023<\/li>\n<\/ul>\n\n\n\n<p>A c\u00f4t\u00e9 de cette unit\u00e9, il y a celle de Jean Schramme, alias Black Jack. Capitaine reserviste de l\u2019arm\u00e9e belge. Apr\u00e8s son service militaire au Congo en 1954, il entame une carri\u00e8re d\u2019agriculteur apr\u00e8s avoir achet\u00e9 une plantation dans le m\u00eame pays, avant d\u2019y \u00eatre chass\u00e9 par l\u2019arm\u00e9e congolaise devenue ind\u00e9pendante. Il se refugie au Katanga, et entame son aventure avec Mo\u00efse Tshombe en 1961.<\/p>\n\n\n\n<p>Et le plus c\u00e9l\u00e8bre certainement des trois chefs mercenaire, Bob Denard. Engag\u00e9 \u00e0 18 ans dans la marine, il grimpe les \u00e9chelons jusqu\u2019au grade de quartier-ma\u00eetre dans les fusiliers commandos, il est connu pour avoir fait la guerre d\u2019Indochine, et pris part \u00e0 plusieurs missions secr\u00e8tes fran\u00e7aises.<\/p>\n\n\n\n<p>Denard prend la direction du Congo en 1961, o\u00f9 il agira comme une main cach\u00e9e de la France selon l\u2019historien fran\u00e7ais Walter Bruy\u00e8re-Ostells.<\/p>\n\n\n\n<p>Les trois chefs ne sont pas des enfants de c\u0153ur. Ils sont cit\u00e9s dans plusieurs missions d\u2019espionnage et contre-espionnage, et plusieurs renversements de r\u00e9gimes sur le continent.<\/p>\n\n\n\n<p>Les mercenaires passent sous le contr\u00f4le du g\u00e9n\u00e9ral Mobutu, alors chef de l\u2019arm\u00e9e Congolaise lorsqu\u2019en juin 1964, Moise Tsombe d\u00e9cide de rejoindre le gouvernement central du pr\u00e9sident Kasavubu, dont il devient le premier ministre.<\/p>\n\n\n\n<p>L\u2019Arm\u00e9e Nationale Congolaise, ANC, est d\u00e9sormais unifi\u00e9e, avec l\u2019aide de Denard, qui a r\u00e9ussi \u00e0 se distinguer de ses deux autres concurrents sur le terrain.<\/p>\n\n\n\n<figure class=\"wp-block-image is-style-zoooom\"><img loading=\"lazy\" decoding=\"async\" width=\"640\" height=\"426\" src=\"https:\/\/congokin.blog\/wp-content\/uploads\/2024\/04\/image-2.jpeg\" alt=\"Bob Denard fut l'un des chefs mercenaires les plus en vue en RDC\" class=\"wp-image-13424\" srcset=\"https:\/\/congokin.blog\/wp-content\/uploads\/2024\/04\/image-2.jpeg 640w, https:\/\/congokin.blog\/wp-content\/uploads\/2024\/04\/image-2-300x200.jpeg 300w\" sizes=\"auto, (max-width: 640px) 100vw, 640px\" \/><figcaption class=\"wp-element-caption\">L\u00e9gende image,Bob Denard fut l&rsquo;un des chefs mercenaires les plus en vue en RDC<\/figcaption><\/figure>\n\n\n\n<p>Mobutu au pouvoir apr\u00e8s le coup d\u2019Etat de 1965 contre le pr\u00e9sident Kasavubu, renonce \u00e0 l\u2019id\u00e9e de cr\u00e9er une brigade mixte mercenaires-ANC, et compte d\u2019ailleurs se s\u00e9parer des mercenaires encore appel\u00e9s \u00ab volontaires \u00e9trangers \u00bb. Ceux-ci se r\u00e9voltent sous la direction de Bob Denard.<\/p>\n\n\n\n<p>Le 5 juillet 1967, le g\u00e9n\u00e9ral Mobutu en personne annonce, dans un message radio diffus\u00e9, avoir instaur\u00e9 un \u00e9tat de si\u00e8ge, apr\u00e8s que \u00ab des commandos \u00e9trangers parachut\u00e9s par deux avions non identifi\u00e9s ont occup\u00e9 l&rsquo;a\u00e9roport de Kisangani (ex-Stanleyville). Simultan\u00e9ment, des ressortissants \u00e9trangers constitu\u00e9s en milices ont attaqu\u00e9 des unit\u00e9s de l&rsquo;arm\u00e9e nationale congolaise \u00e0 Bukavu, capitale de la province du Kivu, o\u00f9 des combats sont en cours \u00bb.<\/p>\n\n\n\n<p>Avant que la presse locale n\u2019annonce trois jours plus tard, la fin des hostilit\u00e9s, c\u00e9l\u00e9brant \u00ab\u00a0la victoire \u00e9clatante de l&rsquo;arm\u00e9e congolaise sur les forces du mal \u00ab\u00a0. Bob Denard, avec certains de ses \u00e9l\u00e9ments bless\u00e9s au front sont annonc\u00e9s en Rhod\u00e9sie (Zimbabwe).<\/p>\n\n\n\n<p>Mais le mercenaire sera une nouvelle fois sollicit\u00e9 au Zaire en 1996, pour tenter de sauver le g\u00e9n\u00e9ral Mobutu, de l\u2019avanc\u00e9e de l\u2019AFDL men\u00e9e par Laurent-D\u00e9sir\u00e9 Kabila. Ce sera un nouvel \u00e9chec des mercenaires.<\/p>\n\n\n\n<h2 class=\"wp-block-heading\" id=\"La-Guerre-mondiale-congolaise-Ann\u00e9es-1990\">La Guerre mondiale congolaise Ann\u00e9es 1990<\/h2>\n\n\n\n<p>L&rsquo;un des pans les plus marquants de l\u2019histoire des interventions militaires \u00e9trang\u00e8res en RDC, se d\u00e9roule dans la premi\u00e8re moiti\u00e9 de la d\u00e9cennie 1990.<\/p>\n\n\n\n<p>Le Rwanda voisin, vient de vivre la page la plus sombre, en passant par un g\u00e9nocide en 1994, qui a cout\u00e9 la vie \u00e0 quelques 800 mille personnes de la minorit\u00e9 Tutsi en une centaine de jours.<\/p>\n\n\n\n<p>Les m\u00e9tastases du conflits se font sentir de l\u2019autre c\u00f4t\u00e9 de la fronti\u00e8re, avec la travers\u00e9e selon les Nations Unies, de quelques 1,2 millions de Hutus, qui s\u2019installent dans les provinces congolaises du Nord-Kivu et du sud Kivu, o\u00f9 vivent de nombreux Tutsi.<\/p>\n\n\n\n<p>\u00ab\u00a0La plupart des r\u00e9fugi\u00e9s sont des Hutu, accompagn\u00e9s et, dans une certaine mesure, contr\u00f4l\u00e9s par l\u2019ancienne arm\u00e9e gouvernementale, les Forces arm\u00e9es rwandaises (FAR), et par les miliciens Interahamwe qui avaient jou\u00e9 un grand r\u00f4le dans le g\u00e9nocide\u00a0\u00bb, renseigne le politologue belge Filip Reyntjens.<\/p>\n\n\n\n<p>C\u2019est de cette partie du pays que part une insurrection n\u00e9e en 1996, qui oppose l\u2019Association des Forces D\u00e9mocratiques de Lib\u00e9ration du Congo (AFDL) dirig\u00e9e par Joseph D\u00e9sir\u00e9 Kabila, \u00e0 l\u2019arm\u00e9e r\u00e9guli\u00e8re, du pr\u00e9sident Mobutu Sese Seko.<\/p>\n\n\n\n<p>Le 17 mai 1997, les rebelles de l\u2019AFDL, alors appuy\u00e9s par le Rwanda et l\u2019Ouganda, r\u00e9ussissent \u00e0 renverser le r\u00e9gime du pr\u00e9sident Mobutu, au pouvoir depuis 1965, et installent Laurent D\u00e9sir\u00e9 Kabila au pouvoir.<\/p>\n\n\n\n<p>Cette prise de pouvoir par le Mz\u00e9, ne va pas calmer les choses entre les anciens alli\u00e9s dans la lutte pour le renversement de Mobutu.<\/p>\n\n\n\n<figure class=\"wp-block-image is-style-zoooom\"><img loading=\"lazy\" decoding=\"async\" width=\"640\" height=\"453\" src=\"https:\/\/congokin.blog\/wp-content\/uploads\/2024\/04\/image-3.jpeg\" alt=\"Laurent D\u00e9sir\u00e9 Kabila, ancien rebelle, pr\u00e9sident de la RDC de 1997 \u00e0 2001\" class=\"wp-image-13425\" srcset=\"https:\/\/congokin.blog\/wp-content\/uploads\/2024\/04\/image-3.jpeg 640w, https:\/\/congokin.blog\/wp-content\/uploads\/2024\/04\/image-3-300x212.jpeg 300w\" sizes=\"auto, (max-width: 640px) 100vw, 640px\" \/><figcaption class=\"wp-element-caption\">L\u00e9gende image,Laurent D\u00e9sir\u00e9 Kabila, ancien rebelle, pr\u00e9sident de la RDC de 1997 \u00e0 2001<\/figcaption><\/figure>\n\n\n\n<p>Une partie de l\u2019AFDL fait d\u00e9fection et forme le mouvement rebelle Rassemblement congolais pour la d\u00e9mocratie (RCD). Toujours soutenu par le Rwanda l\u2019Ouganda et le Burundi. Les leaders du mouvement accusent Laurent D\u00e9sir\u00e9 Kabila entre autres, de n&rsquo;avoir pas respect\u00e9 le programme politique sous-tendant un changement de r\u00e9gime \u00e0 Kinshasa.<\/p>\n\n\n\n<p>Face \u00e0 cette puissance de feu, le nouvel homme fort de Kinshasa se trouve de nouveaux alli\u00e9s. Il s\u2019agit de l\u2019Angola, la Namibie, le Tchad et le Zimbabwe, qui lui apportent le soutien en hommes sur le terrain.<\/p>\n\n\n\n<p>Les rebelles r\u00e9ussissent tr\u00e8s rapidement \u00e0 prendre les plus grandes villes de l\u2019Est de la RDC. Le conflit est tellement violent qu\u2019il cause la mort \u00ab de plus d&rsquo;un million de Congolais, d\u00e9plac\u00e9 \u00e0 l&rsquo;int\u00e9rieur du pays 1,6 million de personnes et forc\u00e9 pr\u00e8s d&rsquo;un demi-million de personnes \u00e0 chercher refuge dans les pays voisins \u00bb, selon International Crisis Group.<\/p>\n\n\n\n<p>Le conflit m\u00eale \u00e0 la fois des int\u00e9r\u00eats ethniques, \u00e9conomiques et m\u00eame strat\u00e9giques. L&rsquo;Ouganda, le Rwanda et le Burundi pr\u00e9sent\u00e9s comme principaux soutiens des rebelles du RCD affirment que leurs troupes se trouvent en RDC pour prot\u00e9ger leur s\u00e9curit\u00e9 nationale, en particulier pour contenir et \u00e9liminer les groupes d&rsquo;insurg\u00e9s qui utilisent l&rsquo;Est du Congo comme base pour lancer des attaques contre leurs gouvernements.<\/p>\n\n\n\n<p>Le pr\u00e9sident Kabila demande \u00e0 toutes les troupes \u00e9trang\u00e8res de plier bagages et quitter l\u2019Est de son territoire, mais rien n\u2019y fait. La communaut\u00e9 des Etats de l\u2019Afrique Australe (SADC) lance une initiative qui aboutit \u00e0 l\u2019accord d\u2019un cessez le feu, d\u00e9sign\u00e9 sous le vocable d\u2019accord de Lusaka.<\/p>\n\n\n\n<h2 class=\"wp-block-heading\" id=\"Les-interventions-de-la-SADC-depuis-1998\">Les interventions de la SADC (depuis 1998)<\/h2>\n\n\n\n<figure class=\"wp-block-image is-style-zoooom\"><img loading=\"lazy\" decoding=\"async\" width=\"640\" height=\"424\" src=\"https:\/\/congokin.blog\/wp-content\/uploads\/2024\/04\/image-1.jpeg\" alt=\"L'\u00e9pave d'un avion militaire sud-africain \u00e0 l'a\u00e9roport de Goma apr\u00e8s son atterrissage en catastrophe le 9 janvier 2020.\" class=\"wp-image-13423\" srcset=\"https:\/\/congokin.blog\/wp-content\/uploads\/2024\/04\/image-1.jpeg 640w, https:\/\/congokin.blog\/wp-content\/uploads\/2024\/04\/image-1-300x199.jpeg 300w\" sizes=\"auto, (max-width: 640px) 100vw, 640px\" \/><figcaption class=\"wp-element-caption\">L\u00e9gende image,L&rsquo;\u00e9pave d&rsquo;un avion militaire sud-africain \u00e0 l&rsquo;a\u00e9roport de Goma apr\u00e8s son atterrissage en catastrophe le 9 janvier 2020.<\/figcaption><\/figure>\n\n\n\n<p>Dans l\u2019histoire militaire de la RDC, les \u00e9pisodes semblent se r\u00e9p\u00e9ter. C\u2019est le cas des interventions des troupes de la Communaut\u00e9 de D\u00e9veloppement des Etats de l\u2019Afrique Australe, SADC.<\/p>\n\n\n\n<p>Le dernier \u00e9pisode date de moins de trois mois. Nous sommes le 2 f\u00e9vrier, un h\u00e9licopt\u00e8re Oryx de l\u2019arm\u00e9e Sud-africaine survole les environs de Goma, o\u00f9 le M23 ravive depuis quelques mois les combats.<\/p>\n\n\n\n<p>L\u2019appareil est pris pour cible par des tirs au sol, et endommag\u00e9, blessant certains membres d\u2019\u00e9quipage. L\u2019h\u00e9lico prenait part \u00e0 la mission des Nations Unies.<\/p>\n\n\n\n<p>L\u2019incident co\u00efncide avec le r\u00e9cent d\u00e9ploiement d\u2019une mission de la SADC dans la r\u00e9gion, notamment pr\u00e8s de la ville de Sake, r\u00e9cemment tomb\u00e9e entre les mains de la r\u00e9bellion.<\/p>\n\n\n\n<p>Avec ce contingent constitu\u00e9 de troupes sud-africaines, tanzaniennes et malawites, c\u2019est le troisi\u00e8me retour de la SADC en RDC en moins de trois d\u00e9cennies.<\/p>\n\n\n\n<p>La premi\u00e8re fois c\u2019\u00e9tait en 1998, le regroupement d\u2019Afrique australe invoquait la s\u00e9curit\u00e9 collective pour autoriser l\u2019intervention de l\u2019Angola, la Namibie et le Zimbabwe pour combattre une invasion rwandaise et ougandaise qui avait atteint Kinshasa.<\/p>\n\n\n\n<p>A son d\u00e9part en 2003, la SADC a laiss\u00e9 une force r\u00e9siduelle pour garantir la d\u00e9fense du pays et cr\u00e9er le secteur de la s\u00e9curit\u00e9 de la RDC apr\u00e8s la guerre.<\/p>\n\n\n\n<p>Puis en 2013 la SADC a d\u00e9ploy\u00e9 la Brigade d\u2019intervention, constitu\u00e9e de troupes du Malawi, d\u2019Afrique du Sud et de Tanzanie, pour contribuer \u00e0 contrer la toute premi\u00e8re incursion des rebelles M23 dans l\u2019est de la RDC.<\/p>\n\n\n\n<h2 class=\"wp-block-heading\" id=\"De-la-Monuc-\u00e0-la-Monusco-\u00e0-partir-de-1999\">De la Monuc \u00e0 la Monusco (\u00e0 partir de 1999)<\/h2>\n\n\n\n<figure class=\"wp-block-image is-style-zoooom\"><img loading=\"lazy\" decoding=\"async\" width=\"640\" height=\"465\" src=\"https:\/\/congokin.blog\/wp-content\/uploads\/2024\/04\/image-7.jpeg\" alt=\"Signature de documents entre officiers des contingents Fran\u00e7ais et Bangladais de la Monuc \u00e0 Bunia en 2003\" class=\"wp-image-13428\" srcset=\"https:\/\/congokin.blog\/wp-content\/uploads\/2024\/04\/image-7.jpeg 640w, https:\/\/congokin.blog\/wp-content\/uploads\/2024\/04\/image-7-300x218.jpeg 300w\" sizes=\"auto, (max-width: 640px) 100vw, 640px\" \/><figcaption class=\"wp-element-caption\">L\u00e9gende image,Signature de documents entre officiers des contingents Fran\u00e7ais et Bangladais de la Monuc \u00e0 Bunia en 2003<\/figcaption><\/figure>\n\n\n\n<p>Le r\u00e8gne de Laurent D\u00e9sir\u00e9 Kabila ( mai 1997- janvier 2001) n\u2019aura pas \u00e9t\u00e9 un long fleuve tranquille. L\u2019accord de Lusaka ne met pas d\u00e9finitivement fin aux hostilit\u00e9s qui se poursuivent sur le terrain.<\/p>\n\n\n\n<p>A sa demande, les Nations Unies adoptent une r\u00e9solution le 30 novembre 1999, qui cr\u00e9\u00e9e la Mission de l\u2019Organisation des Nations Unies en R\u00e9publique d\u00e9mocratique du Congo (MONUC), et lui confie la t\u00e2che d\u2019\u00e9laborer des plans en vue d\u2019observer le cessez-le-feu de Lusaka sign\u00e9 en juillet 1999 entre la R\u00e9publique d\u00e9mocratique du Congo (RDC) et cinq \u00c9tats de la r\u00e9gion (Angola, Namibie, Ouganda, Rwanda et Zimbabwe), d\u2019\u0153uvrer au d\u00e9sengagement des forces, et de maintenir la liaison avec toutes les parties \u00e0 l\u00b4accord.<\/p>\n\n\n\n<p>Le mandat de la MONUC va \u00e9voluer progressivement, au fur des r\u00e9solutions du conseil de s\u00e9curit\u00e9, ouvrant d\u2019autres responsabilit\u00e9 pour cette mission onusienne.<\/p>\n\n\n\n<p>On parle notamment de veiller \u00e0 la s\u00e9curit\u00e9 et \u00e0 la libert\u00e9 de mouvement de ses personnes, l\u2019organisation doit aussi pr\u00eater main forte dans le d\u00e9sarmement, la d\u00e9mobilisation, le rapatriement et la r\u00e9int\u00e9gration des groupes arm\u00e9s et surveiller le processus de paix.<\/p>\n\n\n\n<p>Elle h\u00e9rite aussi de la charge d\u2019inspecter les cargaisons des a\u00e9ronefs et de tout v\u00e9hicule de transport utilisant les ports, a\u00e9roports, terrains d&rsquo;aviation, bases militaires et postes fronti\u00e8re au Nord et au Sud Kivu et en Ituri, ce sans pr\u00e9vis, lorsqu\u2019elle estime n\u00e9cessaire.<\/p>\n\n\n\n<p>Cette mission suppl\u00e9mentaire qui lui est confi\u00e9e en 2004 s\u2019accompagne par une autre, qui consiste \u00e0 saisir ou recueillir, les armes et tout mat\u00e9riel connexe dont la pr\u00e9sence sur le territoire de la RDC interviendrait en violation de la r\u00e8glementation.<\/p>\n\n\n\n<p>Lorsque la Monuc change de nom et devient Monusco en 2010, le conseil de s\u00e9curit\u00e9 l\u2019autorise \u00e0 cr\u00e9er une brigade d\u2019intervention. Celle-ci est cr\u00e9\u00e9e en 2013, un an apr\u00e8s l\u2019\u00e9mergence du mouvement du M23, qui oppose une r\u00e9sistance farouche aux Forces arm\u00e9es congolaises.<\/p>\n\n\n\n<p>Avec ses 1981 hommes (l\u2019effectif a vari\u00e9 selon les r\u00e9solutions), elle est constitu\u00e9e de 6 unit\u00e9s, dont trois bataillons d\u2019infanterie, une compagnie d\u2019artillerie, une force sp\u00e9ciale et une compagnie de reconnaissance.<\/p>\n\n\n\n<p>L\u2019objectif de cette brigade est de neutraliser les groupes arm\u00e9s et pour objectif de contribuer \u00e0 r\u00e9duire la menace que repr\u00e9sentent les groupes arm\u00e9s pour l\u2019autorit\u00e9 de l\u2019\u00c9tat et la s\u00e9curit\u00e9 des civils dans l\u2019est de la R\u00e9publique d\u00e9mocratique du Congo et de pr\u00e9parer le terrain pour les activit\u00e9s de stabilisation, selon la r\u00e9solution 2098 qui la cr\u00e9e.<\/p>\n\n\n\n<p>\u00abBien que la brigade d\u2019intervention ait une mission offensive, le fait que l\u2019ONU ne dispose pas de sa propre arm\u00e9e, peut expliquer ce manque de r\u00e9sultat positif de la part de sa mission en RDC \u00bb estime Omar Kavota, acteur de la soci\u00e9t\u00e9 civile congolaise, qui chapote le Programme de D\u00e9sarmement , D\u00e9mobilisation, Rel\u00e8vement Communautaire et Stabilisation, dans le Nord Kivu.<\/p>\n\n\n\n<p>Le manque de r\u00e9sultats et le d\u00e9but des manifestations des populations contre la Monusco, vont finalement pousser les autorit\u00e9s \u00e0 demander le d\u00e9part de la Monusco, du moins, sa composante arm\u00e9e.<\/p>\n\n\n\n<h2 class=\"wp-block-heading\" id=\"La-France-et-lOp\u00e9ration-Art\u00e9mis-maijuin-2003\">La France et l\u2019Op\u00e9ration Art\u00e9mis (mai-juin 2003)<\/h2>\n\n\n\n<figure class=\"wp-block-image is-style-zoooom\"><img loading=\"lazy\" decoding=\"async\" width=\"640\" height=\"430\" src=\"https:\/\/congokin.blog\/wp-content\/uploads\/2024\/04\/image-9.jpeg\" alt=\"Des soldats fran\u00e7ais de l'Op\u00e9ration Art\u00e9mis \u00e0 l'a\u00e9roport de Bunia en 2003\" class=\"wp-image-13432\" srcset=\"https:\/\/congokin.blog\/wp-content\/uploads\/2024\/04\/image-9.jpeg 640w, https:\/\/congokin.blog\/wp-content\/uploads\/2024\/04\/image-9-300x202.jpeg 300w\" sizes=\"auto, (max-width: 640px) 100vw, 640px\" \/><figcaption class=\"wp-element-caption\">L\u00e9gende image,Des soldats fran\u00e7ais de l&rsquo;Op\u00e9ration Art\u00e9mis \u00e0 l&rsquo;a\u00e9roport de Bunia en 2003<\/figcaption><\/figure>\n\n\n\n<p>Mi-mai 2003, alors que la RDC vit encore les moments troubles de ce qui est pr\u00e9sent\u00e9 comme la \u00ab premi\u00e8re guerre mondiale du Congo \u00bb, le secr\u00e9taire G\u00e9n\u00e9ral des Nations Unies, Koffi Attah Annan lance un appel pour \u00ab mettre un terme aux atrocit\u00e9s commises \u00e0 l\u2019encontre des populations civiles en Ituri \u00bb.<\/p>\n\n\n\n<p>La France favorable, fait figure de proue, dans cette op\u00e9ration qui porte le nom de code de \u00ab Mamba \u00bb, qu\u2019elle propose \u00e0 ses partenaires europ\u00e9ens, avant qu\u2019elle ne soit autoris\u00e9e par le Conseil de s\u00e9curit\u00e9 des Nations Unies.<\/p>\n\n\n\n<p>Sa mission, est de \u00ab contribuer au r\u00e9tablissement des conditions de s\u00e9curit\u00e9 et \u00e0 l\u2019am\u00e9lioration de la situation humanitaire dans la ville de Bunia, capitale de l\u2019Ituri \u00bb.<\/p>\n\n\n\n<p>L\u2019op\u00e9ration qui a mobilis\u00e9 1500 hommes a \u00e9t\u00e9 mont\u00e9e, dans le but d\u2019assurer le contr\u00f4le de la situation dans l\u2019attente du renforcement du mandat et des effectifs de la Mission de l\u2019Organisation des Nations Unies (MONUC).<\/p>\n\n\n\n<p>Elle est donc br\u00e8ve et ne dure que deux mois et demi, entre le 16 juin, et le 1er septembre 2003.<\/p>\n\n\n\n<p>Selon les experts, les r\u00e9sultats de cette op\u00e9ration ne sont palpables. Il s\u2019entendent \u00e0 dire qu\u2019elle a \u00e9t\u00e9 l\u2019occasion pour la France de se repositionner en Afrique centrale et dans la r\u00e9gion des Grands Lacs, \u00ab dans un contexte o\u00f9 elle s\u2019\u00e9tait progressivement retir\u00e9e depuis la fin de l\u2019op\u00e9ration Turquoise au Rwanda, le retrait du contingent fran\u00e7ais de R\u00e9publique centrafricaine (RCA) ayant rendu sa pr\u00e9sence militaire dans la r\u00e9gion quasiment inexistante \u00bb, analyse Nyagal\u00e9 Bagayoko, Sp\u00e9cialiste de la r\u00e9forme des syst\u00e8mes de s\u00e9curit\u00e9 (RSS) en Afrique francophone.<\/p>\n\n\n\n<h2 class=\"wp-block-heading\" id=\"De-nouveaux-mercenaires-en-RDC-\">De nouveaux mercenaires en RDC ?<\/h2>\n\n\n\n<p>C\u2019est un rapport pass\u00e9 presqu\u2019en sourdine, mais qui inqui\u00e8te les Nations Unies. R\u00e9dig\u00e9 par un groupe d\u2019experts des Onusiens, il a \u00e9t\u00e9 rendu public en d\u00e9cembre dernier, et fait \u00e9tat de n\u00e9gociations entre les autorit\u00e9s congolaises et des mercenaires pour un \u00e9tablissement dans l\u2019Est du pays.<\/p>\n\n\n\n<p>Ce sont ces autorit\u00e9s, selon le rapport, qui auraient initi\u00e9 la n\u00e9gociation, entre fin juin et mi-juillet 2023, d\u2019un accord avec Erik Prince, le fondateur de la soci\u00e9t\u00e9 de mercenaires Blackwater.<\/p>\n\n\n\n<p>L\u2019homme est d\u00e9j\u00e0 cit\u00e9 pour avoir apport\u00e9 son soutien en hommes et armes au Marechal Khalifa Haftar, l\u2019homme fort de l\u2019Est de la Libye, qui s\u2019oppose au gouvernement central.<\/p>\n\n\n\n<p>L\u2019accord pr\u00e9voit selon l\u2019ONU, le d\u00e9ploiement dans le Nord Kivu, de 2500 hommes, recrut\u00e9s en Colombie, au Mexique et en Argentine, avec deux missions : stopper l\u2019avanc\u00e9e du M23 et s\u00e9curiser les zones mini\u00e8res.<\/p>\n\n\n\n<p>Pour le moment, le rapport des Nations Unies dit que l\u2019accord a \u00e9t\u00e9 interrompu, mais disent \u00eatre au courant de ce que des locaux \u00e9taient en construction \u00e0 pr\u00e8s de Sake, pour accueillir les 250 premiers contractants qui devaient, dans un premier temps, arriver fin juillet 2023. Des conteneurs contenant du mat\u00e9riel \u00e9taient d\u00e9j\u00e0 arriv\u00e9s sur le site en juillet 2023, toujours selon l\u2019ONU.<\/p>\n\n\n\n<p>Les experts s\u2019inqui\u00e8tent de ce que le d\u00e9part de la Monusco qui se pr\u00e9cise, et l\u2019all\u00e8gement de l\u2019embargo sur les armes en RDC, favorisent une prolif\u00e9ration dans la r\u00e9gion.<\/p>\n\n\n\n<h2 class=\"wp-block-heading\" id=\"Essai-non-concluant-de-lEAC-20222023\">Essai non concluant de l\u2019EAC (2022-2023)<\/h2>\n\n\n\n<figure class=\"wp-block-image is-style-zoooom\"><img loading=\"lazy\" decoding=\"async\" width=\"640\" height=\"426\" src=\"https:\/\/congokin.blog\/wp-content\/uploads\/2024\/04\/image-5.jpeg\" alt=\"Des \u00e9l\u00e9ments du contingent Sud-soudanais de l'EAC en RDC\" class=\"wp-image-13427\" srcset=\"https:\/\/congokin.blog\/wp-content\/uploads\/2024\/04\/image-5.jpeg 640w, https:\/\/congokin.blog\/wp-content\/uploads\/2024\/04\/image-5-300x200.jpeg 300w\" sizes=\"auto, (max-width: 640px) 100vw, 640px\" \/><figcaption class=\"wp-element-caption\">L\u00e9gende image,Des \u00e9l\u00e9ments du contingent Sud-soudanais de l&rsquo;EAC en RDC<\/figcaption><\/figure>\n\n\n\n<p>Le 20 juin 2022, un sommet des 7 dirigeants de la communaut\u00e9 des Etats de l\u2019Afrique de l\u2019Est se tient \u00e0 Nairobi au Kenya.<\/p>\n\n\n\n<p>Au menu des discussions, la situation en RDC, avec la r\u00e9surgence des attaques du groupe rebelle du M23. La communaut\u00e9 Est-Africaine veut mettre fin aux atrocit\u00e9s, et opte pour le d\u00e9ploiement sur le terrain, de contingents de ces pays respectifs, \u00e0 l\u2019exception du Rwanda en crise avec la RDC et de la Tanzanie, qui n\u2019a pas souhait\u00e9 ajouter de troupes sur le terrain.<\/p>\n\n\n\n<p>Des territoires sont attribu\u00e9s \u00e0 chaque contingents, qui commencent \u00e0 d\u00e9barquer sur le territoire en novembre 2022.<\/p>\n\n\n\n<p>Les Ougandais prennent position dans la cit\u00e9 de Kiwanja, dans le village de Mabenga, et le poste frontalier de Bunagana.<\/p>\n\n\n\n<p>Les burundais h\u00e9ritent des hauts plateaux du Sud-Kivu, de la cit\u00e9 de Kitshanga, du village de Kilolirwe et la localit\u00e9 de Sake.<\/p>\n\n\n\n<p>Les Kenyans, stationnent dans les villages de Bwiza, Tongo et Kishishe. Et le contingent Sud-soudanais occupe la base militaire de Rumangabo.<\/p>\n\n\n\n<p>Mais une fois sur le terrain, la mission Est africaine fera long feu. Juste un an, avant que les autorit\u00e9s de Kinshasa ne demandent le retrait.<\/p>\n\n\n\n<p>\u00ab cette force n&rsquo;a pas r\u00e9ussi \u00e0 r\u00e9soudre le probl\u00e8me pour lequel elle a \u00e9t\u00e9 d\u00e9ploy\u00e9e, en particulier en raison de la persistance de l&rsquo;activit\u00e9 du M23, qui ne respecte pas le processus de pr\u00e9-cantonnement de ses combattants \u00bb,d\u00e9clarait le porte-parole du gouvernement Patrick Muyaya.<\/p>\n\n\n\n<p>Pour Onesphore Sematumba, chercheur de International Crisis Group pour la r\u00e9gion des Grands Lacs, la raison de l\u2019\u00e9chec est simple, \u00abla force r\u00e9gionale s&rsquo;est mu\u00e9e en force d&rsquo;interposition en mettant en place des sortes de zones tampon dont personne ne voulait \u00bb.<gwmw style=\"display:none;\"><\/gwmw><\/p>\n<div style=\"text-align:center\" class=\"wps-pgfw-pdf-generate-icon__wrapper-frontend\">\n\t\t<a href=\"https:\/\/congokin.blog?action=genpdf&amp;id=13421\" class=\"pgfw-single-pdf-download-button\" ><img src=\"https:\/\/congokin.blog\/wp-content\/plugins\/pdf-generator-for-wp\/admin\/src\/images\/PDF_Tray.svg\" title=\"G\u00e9n\u00e9rer un PDF\" style=\"width:auto; height:45px;\"><\/a>\n\t\t<\/div>","protected":false},"excerpt":{"rendered":"<p>Ins\u00e9curit\u00e9 : Comment la RDC est devenue d\u00e9pendante des interventions militaires \u00e9trang\u00e8res Article information La r\u00e9publique d\u00e9mocratique du Congo connait depuis plus d\u2019un demi-si\u00e8cle, des conflits sur son territoire, qui ont donn\u00e9 lieu \u00e0 de nombreuses interventions des arm\u00e9es \u00e9trang\u00e8res, certaines pour appuyer le pouvoir de Kinshasa, d\u2019autres pour le combattre. Le 19 avril 2024, [&hellip;]<\/p>\n","protected":false},"author":8,"featured_media":0,"comment_status":"open","ping_status":"closed","sticky":false,"template":"","format":"standard","meta":{"footnotes":""},"categories":[2,4,14],"tags":[],"class_list":["post-13421","post","type-post","status-publish","format-standard","hentry","category-analyse","category-documents","category-histoire-de-la-rdc"],"_links":{"self":[{"href":"https:\/\/congokin.blog\/index.php?rest_route=\/wp\/v2\/posts\/13421","targetHints":{"allow":["GET"]}}],"collection":[{"href":"https:\/\/congokin.blog\/index.php?rest_route=\/wp\/v2\/posts"}],"about":[{"href":"https:\/\/congokin.blog\/index.php?rest_route=\/wp\/v2\/types\/post"}],"author":[{"embeddable":true,"href":"https:\/\/congokin.blog\/index.php?rest_route=\/wp\/v2\/users\/8"}],"replies":[{"embeddable":true,"href":"https:\/\/congokin.blog\/index.php?rest_route=%2Fwp%2Fv2%2Fcomments&post=13421"}],"version-history":[{"count":1,"href":"https:\/\/congokin.blog\/index.php?rest_route=\/wp\/v2\/posts\/13421\/revisions"}],"predecessor-version":[{"id":13433,"href":"https:\/\/congokin.blog\/index.php?rest_route=\/wp\/v2\/posts\/13421\/revisions\/13433"}],"wp:attachment":[{"href":"https:\/\/congokin.blog\/index.php?rest_route=%2Fwp%2Fv2%2Fmedia&parent=13421"}],"wp:term":[{"taxonomy":"category","embeddable":true,"href":"https:\/\/congokin.blog\/index.php?rest_route=%2Fwp%2Fv2%2Fcategories&post=13421"},{"taxonomy":"post_tag","embeddable":true,"href":"https:\/\/congokin.blog\/index.php?rest_route=%2Fwp%2Fv2%2Ftags&post=13421"}],"curies":[{"name":"wp","href":"https:\/\/api.w.org\/{rel}","templated":true}]}}