{"id":13436,"date":"2024-04-21T15:58:21","date_gmt":"2024-04-21T15:58:21","guid":{"rendered":"https:\/\/congokin.blog\/?p=13436"},"modified":"2024-04-21T15:58:22","modified_gmt":"2024-04-21T15:58:22","slug":"le-cardinal-ambongo-accuse-le-gouvernement-darmer-les-fdlr-et-les-miliciens-wazalendo","status":"publish","type":"post","link":"https:\/\/congokin.blog\/?p=13436","title":{"rendered":"le cardinal Ambongo accuse le gouvernement d\u2019armer les FDLR et les miliciens Wazalendo<gwmw style=\"display:none;\"><\/gwmw>"},"content":{"rendered":"\n<h1 class=\"wp-block-heading\">RDC: le cardinal Ambongo accuse le gouvernement d\u2019armer les FDLR et les miliciens Wazalendo<\/h1>\n\n\n\n<p>En R\u00e9publique d\u00e9mocratique du Congo (RDC), le cardinal Fridolin Ambongo jette un pav\u00e9 dans la mare et accuse le gouvernement d\u2019armer non seulement les miliciens Wazalendo mais aussi les rebelles Hutus des Forces d\u00e9mocratiques pour la lib\u00e9ration du Rwanda (FDLR), dans la province du Nord-Kivu.<\/p>\n\n\n\n<p>Publi\u00e9 le :&nbsp;20\/04\/2024 &#8211; 12:45<\/p>\n\n\n\n<p>2 mn<\/p>\n\n\n\n<figure class=\"wp-block-image is-style-zoooom\"><img decoding=\"async\" src=\"https:\/\/s.rfi.fr\/media\/display\/5f1b019a-a2cf-11ee-9afa-005056bf30b7\/w:980\/p:16x9\/000_348Z43T.jpg\" alt=\"Le cardinal Fridolin Ambongo Besungu, lors de la messe de No\u00ebl \u00e0 la Cath\u00e9drale Notre-Dame du Congo de Kinshasa, le 24 d\u00e9cembre 2023. (Photo d'illustration\u00e0\"\/><figcaption class=\"wp-element-caption\">Le cardinal Fridolin Ambongo Besungu, lors de la messe de No\u00ebl \u00e0 la Cath\u00e9drale Notre-Dame du Congo de Kinshasa, le 24 d\u00e9cembre 2023. (Photo d&rsquo;illustration\u00e0&nbsp;\u00a9 PATRICK MEINHARDT \/ AFP<\/figcaption><\/figure>\n\n\n\n<p>Par :<a href=\"https:\/\/www.rfi.fr\/fr\/auteur\/rfi\/\">RFI<\/a><a href=\"https:\/\/x.com\/intent\/follow?screen_name=rfi\" target=\"_blank\" rel=\"noreferrer noopener\">Suivre<\/a><\/p>\n\n\n\n<p>Dans la r\u00e9gion du Nord-Kivu, plusieurs groupes bloquent l\u2019avanc\u00e9e des rebelles du M23. Cet appui aux FDLR a d\u00e9j\u00e0 \u00e9t\u00e9 soulev\u00e9 par les Nations unies, l\u2019Union europ\u00e9enne (UE) et d\u2019autres chancelleries, bien que d\u00e9menti par Kinshasa. C\u2019est surtout un argument que brandit le Rwanda sans pour autant reconna\u00eetre l\u2019appui au M23.<\/p>\n\n\n\n<p>L\u2019archev\u00eaque l\u2019affirme sans d\u00e9tours. En distribuant des armes suppl\u00e9mentaires \u00e0 divers groupes arm\u00e9s, \u00ab&nbsp;<em>comme le Wazalendo, mais aussi \u00e0 certains appartenant aux FDLR<\/em>&nbsp;\u00bb, le gouvernement esp\u00e8re que \u00ab&nbsp;<em>ces groupes soutiendraient l&rsquo;arm\u00e9e face \u00e0 l&rsquo;avanc\u00e9e du M23<\/em>&nbsp;\u00bb.<\/p>\n\n\n\n<p>Fridolin Ambongo pr\u00e9cise que \u00ab&nbsp;<em>tous ces groupes sont aujourd&rsquo;hui bien arm\u00e9s et c&rsquo;est la population qui en paie le prix, g\u00e9n\u00e9rant toutefois un risque d&rsquo;ins\u00e9curit\u00e9 g\u00e9n\u00e9ralis\u00e9e<\/em>&nbsp;\u00bb.<\/p>\n\n\n\n<p>L&rsquo;archev\u00eaque de Kinshasa d\u00e9nonce la strat\u00e9gie du pouvoir en place qui, au lieu \u00ab&nbsp;<em>de renforcer l&rsquo;arm\u00e9e r\u00e9guli\u00e8re avec des soldats s\u00e9lectionn\u00e9s et bien form\u00e9s, arme des groupes<\/em>&nbsp;\u00bb qui \u00ab&nbsp;<em>agressent les citoyens, commettent des vols et des meurtres.&nbsp;<\/em>\u00bb<\/p>\n\n\n\n<p>Fridolin Ambongo accuse les miliciens alli\u00e9s aux troupes gouvernementales de se lancer dans le commerce ill\u00e9gal de minerais locaux.<\/p>\n\n\n\n<p>Ces propos irritent \u00e0 Kinshasa. Thierry Monsenempwo, l\u2019un des communicateurs de la coalition au pouvoir, loue \u00ab&nbsp;<em>le courage et le d\u00e9vouement des Congolais nationalistes qui d\u00e9fendent la paix dans l&rsquo;Est<\/em>&nbsp;\u00bb. Il accuse le cardinal de \u00ab&nbsp;<em>parler le langage de l&rsquo;ennemi<\/em>&nbsp;\u00bb. Selon Thierry Monsenempwo, c&rsquo;est \u00ab&nbsp;<em>injuste de comparer ces patriotes engag\u00e9s pour la paix, \u00e0 des groupes arm\u00e9s qui r\u00e9pandent la terreur et la mort dans la r\u00e9gion<\/em>&nbsp;\u00bb<\/p>\n\n\n\n<p>Le cardinal Fridolin Ambongo a regagn\u00e9 Kinshasa, vendredi 19 avril, apr\u00e8s cinq jours au Saint-Si\u00e8ge. Priv\u00e9 d\u2019acc\u00e9der au salon d\u2019attente VIP de l\u2019a\u00e9roport \u00e0 l\u2019aller malgr\u00e9 son statut, il n\u2019y est plus pass\u00e9 \u00e0 son retour, selon son entourage.\u00a0<gwmw style=\"display:none;\"><\/gwmw><\/p>\n<div style=\"text-align:center\" class=\"wps-pgfw-pdf-generate-icon__wrapper-frontend\">\n\t\t<a href=\"https:\/\/congokin.blog?action=genpdf&amp;id=13436\" class=\"pgfw-single-pdf-download-button\" ><img src=\"https:\/\/congokin.blog\/wp-content\/plugins\/pdf-generator-for-wp\/admin\/src\/images\/PDF_Tray.svg\" title=\"G\u00e9n\u00e9rer un PDF\" style=\"width:auto; height:45px;\"><\/a>\n\t\t<\/div>","protected":false},"excerpt":{"rendered":"<p>RDC: le cardinal Ambongo accuse le gouvernement d\u2019armer les FDLR et les miliciens Wazalendo En R\u00e9publique d\u00e9mocratique du Congo (RDC), le cardinal Fridolin Ambongo jette un pav\u00e9 dans la mare et accuse le gouvernement d\u2019armer non seulement les miliciens Wazalendo mais aussi les rebelles Hutus des Forces d\u00e9mocratiques pour la lib\u00e9ration du Rwanda (FDLR), dans [&hellip;]<\/p>\n","protected":false},"author":8,"featured_media":0,"comment_status":"open","ping_status":"closed","sticky":false,"template":"","format":"standard","meta":{"footnotes":""},"categories":[6,7,8],"tags":[],"class_list":["post-13436","post","type-post","status-publish","format-standard","hentry","category-justice","category-politique","category-societe"],"_links":{"self":[{"href":"https:\/\/congokin.blog\/index.php?rest_route=\/wp\/v2\/posts\/13436","targetHints":{"allow":["GET"]}}],"collection":[{"href":"https:\/\/congokin.blog\/index.php?rest_route=\/wp\/v2\/posts"}],"about":[{"href":"https:\/\/congokin.blog\/index.php?rest_route=\/wp\/v2\/types\/post"}],"author":[{"embeddable":true,"href":"https:\/\/congokin.blog\/index.php?rest_route=\/wp\/v2\/users\/8"}],"replies":[{"embeddable":true,"href":"https:\/\/congokin.blog\/index.php?rest_route=%2Fwp%2Fv2%2Fcomments&post=13436"}],"version-history":[{"count":1,"href":"https:\/\/congokin.blog\/index.php?rest_route=\/wp\/v2\/posts\/13436\/revisions"}],"predecessor-version":[{"id":13437,"href":"https:\/\/congokin.blog\/index.php?rest_route=\/wp\/v2\/posts\/13436\/revisions\/13437"}],"wp:attachment":[{"href":"https:\/\/congokin.blog\/index.php?rest_route=%2Fwp%2Fv2%2Fmedia&parent=13436"}],"wp:term":[{"taxonomy":"category","embeddable":true,"href":"https:\/\/congokin.blog\/index.php?rest_route=%2Fwp%2Fv2%2Fcategories&post=13436"},{"taxonomy":"post_tag","embeddable":true,"href":"https:\/\/congokin.blog\/index.php?rest_route=%2Fwp%2Fv2%2Ftags&post=13436"}],"curies":[{"name":"wp","href":"https:\/\/api.w.org\/{rel}","templated":true}]}}