{"id":13442,"date":"2024-04-23T18:15:04","date_gmt":"2024-04-23T18:15:04","guid":{"rendered":"https:\/\/congokin.blog\/?p=13442"},"modified":"2024-04-23T18:15:05","modified_gmt":"2024-04-23T18:15:05","slug":"la-belgique-appelle-la-rdc-a-porter-plainte-contre-le-rwanda-a-la-cour-internationale-de-justice","status":"publish","type":"post","link":"https:\/\/congokin.blog\/?p=13442","title":{"rendered":"La Belgique appelle la RDC \u00e0 porter plainte contre le Rwanda \u00e0 la Cour Internationale de Justice<gwmw style=\"display:none;\"><\/gwmw>"},"content":{"rendered":"\n<p><\/p>\n\n\n\n<h1 class=\"wp-block-heading\">La Belgique appelle la RDC \u00e0 porter plainte contre le Rwanda \u00e0 la Cour Internationale de Justice<\/h1>\n\n\n\n<figure class=\"wp-block-image is-style-zoooom\"><img decoding=\"async\" src=\"https:\/\/www.agenceecofin.com\/images\/news\/2304-118103-la-belgique-appelle-la-rdc-a-porter-plainte-contre-le-rwanda-a-la-cour-internationale-de-justice_M.jpg\" alt=\"La Belgique appelle la RDC \u00e0 porter plainte contre le Rwanda \u00e0 la Cour Internationale de Justice\"\/><\/figure>\n\n\n\n<ul class=\"wp-block-list\">\n<li>Date de cr\u00e9ation: 23 avril 2024 18:33<\/li>\n<\/ul>\n\n\n\n<ul class=\"wp-block-list\">\n<li>EMAIL<\/li>\n<\/ul>\n\n\n\n<p><strong>(Agence Ecofin) &#8211; La Belgique esp\u00e8re que le d\u00e9p\u00f4t d&rsquo;une plainte devant la Cour internationale de justice pourrait influencer les parties concern\u00e9es \u00e0 rechercher une r\u00e9solution durable de la crise.<\/strong><\/p>\n\n\n\n<p>Dans un contexte de violences croissantes, la Belgique a exhort\u00e9 le gouvernement de la R\u00e9publique d\u00e9mocratique du Congo (RDC) \u00e0 d\u00e9poser une plainte contre le Rwanda aupr\u00e8s de la Cour internationale de justice (CIJ) pour agression.<\/p>\n\n\n\n<p>L&rsquo;ambassadrice belge \u00e0 Kinshasa, Roxane de Bilderling, a fait cette d\u00e9claration le vendredi 19 avril, lors d&rsquo;une conf\u00e9rence de presse \u00e0 Goma, soulignant les violations des fronti\u00e8res internationales et l&rsquo;implication du Rwanda dans le soutien au groupe rebelle M23, actif dans l&rsquo;est de la RDC.<\/p>\n\n\n\n<p>\u00ab&nbsp;<em>Une fa\u00e7on de faire pression, c&rsquo;est que le Congo introduise une plainte aupr\u00e8s de la Cour internationale de justice pour le non-respect des fronti\u00e8res internationales&nbsp;<\/em>\u00bb, a d\u00e9clar\u00e9 la diplomate, rappelant que<em>&nbsp;\u00ab&nbsp;le Congo l\u2019a d\u00e9j\u00e0 fait contre d\u2019autres pays, comme l\u2019Ouganda par exemple, et a obtenu gain de cause et r\u00e9parations pour le mal qui a \u00e9t\u00e9 commis<\/em>&nbsp;\u00bb.<\/p>\n\n\n\n<p>Dans une logique similaire, Kinshasa avait saisi en 2004 la Cour p\u00e9nale internationale (CPI) qui avait ouvert une enqu\u00eate et prononc\u00e9 trois condamnations d\u00e9finitives. Presque 20 ans plus tard, en mai 2023, le gouvernement kinois est retourn\u00e9 devant l\u2019institution, accusant formellement la coalition arm\u00e9e rwandaise-M23 et r\u00e9clamant une poursuite judiciaire pour des crimes graves contre l&rsquo;humanit\u00e9 et violations des droits humains, commis dans l\u2019est de la RDC \u00ab&nbsp;<em>du 1<sup>er<\/sup>&nbsp;janvier 2022 \u00e0 ce jour<\/em>&nbsp;\u00bb. Dans un communiqu\u00e9, le procureur de la CPI, Karim Khan, avait d\u00e9clar\u00e9 son \u00ab&nbsp;<em>intention de proc\u00e9der instamment \u00e0 un examen pr\u00e9liminaire&nbsp;<\/em>\u00bb.<\/p>\n\n\n\n<p>Roxane de Bilderling a \u00e9galement sugg\u00e9r\u00e9 une strat\u00e9gie diplomatique et politique pour d\u00e9m\u00ealer le conflit en RDC, une initiative complexe face aux divergences marqu\u00e9es entre Kinshasa et Kigali. Malgr\u00e9 les efforts de Joao Louren\u00e7o, pr\u00e9sident angolais et m\u00e9diateur de l&rsquo;Union africaine, les positions semblent rester irr\u00e9conciliables.<\/p>\n\n\n\n<p>Une impasse renforc\u00e9e par les d\u00e9n\u00e9gations du pr\u00e9sident rwandais Paul Kagame qui rejette les accusations de soutien au M23 en les qualifiant de \u00ab&nbsp;<em>diffamation injustifi\u00e9e<\/em>&nbsp;\u00bb, malgr\u00e9 un rapport de juin 2023 de l&rsquo;ONU attestant du soutien actif du Rwanda au M23.<\/p>\n\n\n\n<p>Selon le Haut-commissariat des Nations unies pour les r\u00e9fugi\u00e9s (HCR), \u00ab&nbsp;<em>deux ann\u00e9es de conflit cyclique&nbsp;<\/em>[\u2026]<em>&nbsp;ont forc\u00e9 plus de 1,3 million de personnes \u00e0 fuir leurs maisons en RDC, conduisant \u00e0 un total de 5,7 millions de personnes d\u00e9plac\u00e9es \u00e0 l\u2019int\u00e9rieur des provinces du Nord-Kivu, du Sud-Kivu et de l\u2019Ituri<\/em>&nbsp;\u00bb.<\/p>\n<div style=\"text-align:center\" class=\"wps-pgfw-pdf-generate-icon__wrapper-frontend\">\n\t\t<a href=\"https:\/\/congokin.blog?action=genpdf&amp;id=13442\" class=\"pgfw-single-pdf-download-button\" ><img src=\"https:\/\/congokin.blog\/wp-content\/plugins\/pdf-generator-for-wp\/admin\/src\/images\/PDF_Tray.svg\" title=\"G\u00e9n\u00e9rer un PDF\" style=\"width:auto; height:45px;\"><\/a>\n\t\t<\/div>","protected":false},"excerpt":{"rendered":"<p>La Belgique appelle la RDC \u00e0 porter plainte contre le Rwanda \u00e0 la Cour Internationale de Justice (Agence Ecofin) &#8211; La Belgique esp\u00e8re que le d\u00e9p\u00f4t d&rsquo;une plainte devant la Cour internationale de justice pourrait influencer les parties concern\u00e9es \u00e0 rechercher une r\u00e9solution durable de la crise. Dans un contexte de violences croissantes, la Belgique [&hellip;]<\/p>\n","protected":false},"author":8,"featured_media":0,"comment_status":"open","ping_status":"closed","sticky":false,"template":"","format":"standard","meta":{"footnotes":""},"categories":[3,6,7,8],"tags":[],"class_list":["post-13442","post","type-post","status-publish","format-standard","hentry","category-diplomatie","category-justice","category-politique","category-societe"],"_links":{"self":[{"href":"https:\/\/congokin.blog\/index.php?rest_route=\/wp\/v2\/posts\/13442","targetHints":{"allow":["GET"]}}],"collection":[{"href":"https:\/\/congokin.blog\/index.php?rest_route=\/wp\/v2\/posts"}],"about":[{"href":"https:\/\/congokin.blog\/index.php?rest_route=\/wp\/v2\/types\/post"}],"author":[{"embeddable":true,"href":"https:\/\/congokin.blog\/index.php?rest_route=\/wp\/v2\/users\/8"}],"replies":[{"embeddable":true,"href":"https:\/\/congokin.blog\/index.php?rest_route=%2Fwp%2Fv2%2Fcomments&post=13442"}],"version-history":[{"count":1,"href":"https:\/\/congokin.blog\/index.php?rest_route=\/wp\/v2\/posts\/13442\/revisions"}],"predecessor-version":[{"id":13443,"href":"https:\/\/congokin.blog\/index.php?rest_route=\/wp\/v2\/posts\/13442\/revisions\/13443"}],"wp:attachment":[{"href":"https:\/\/congokin.blog\/index.php?rest_route=%2Fwp%2Fv2%2Fmedia&parent=13442"}],"wp:term":[{"taxonomy":"category","embeddable":true,"href":"https:\/\/congokin.blog\/index.php?rest_route=%2Fwp%2Fv2%2Fcategories&post=13442"},{"taxonomy":"post_tag","embeddable":true,"href":"https:\/\/congokin.blog\/index.php?rest_route=%2Fwp%2Fv2%2Ftags&post=13442"}],"curies":[{"name":"wp","href":"https:\/\/api.w.org\/{rel}","templated":true}]}}