{"id":13463,"date":"2024-05-06T17:58:47","date_gmt":"2024-05-06T17:58:47","guid":{"rendered":"https:\/\/congokin.blog\/?p=13463"},"modified":"2024-05-06T17:59:23","modified_gmt":"2024-05-06T17:59:23","slug":"est-de-la-rdc-washington-accuse-le-rwanda","status":"publish","type":"post","link":"https:\/\/congokin.blog\/?p=13463","title":{"rendered":"Est de la RDC : Washington accuse le Rwanda<gwmw style=\"display:none;\"><\/gwmw>"},"content":{"rendered":"\n<h1 class=\"wp-block-heading\">Est de la RDC : Washington accuse le Rwanda<\/h1>\n\n\n\n<p>Selon les \u00c9tats-Unis, Kigali serait responsable du bombardement d\u2019un camp de r\u00e9fugi\u00e9s pr\u00e8s de Goma. Une accusation rejet\u00e9e en bloc par la porte-parole du gouvernement rwandais, Yolande Makolo.<\/p>\n\n\n\n<figure class=\"wp-block-image is-style-zoooom\"><img decoding=\"async\" src=\"https:\/\/prod.cdn-medias.jeuneafrique.com\/cdn-cgi\/image\/q=auto,f=auto,metadata=none,width=1215,fit=cover,gravity=0.4909x0.6309\/https:\/\/prod.cdn-medias.jeuneafrique.com\/medias\/2024\/05\/06\/afp__20130525__par7568090__v1001__highres.jpg\" alt=\"Vue du camp de r\u00e9fugi\u00e9s de Mugunga, \u00e0 20 km de Goma, dans l\u2019est de la RDC, en 2013. \u00a9 Junior D. Kannah \/ AFP.\"\/><figcaption class=\"wp-element-caption\">Vue du camp de r\u00e9fugi\u00e9s de Mugunga, \u00e0 20 km de Goma, dans l\u2019est de la RDC, en 2013. \u00a9 Junior D. Kannah \/ AFP.<\/figcaption><\/figure>\n\n\n\n<ul class=\"wp-block-list\">\n<li><a href=\"https:\/\/www.jeuneafrique.com\/auteurs\/jeune-afrique\/\">Jeune Afrique<\/a><\/li>\n<\/ul>\n\n\n\n<p>Publi\u00e9 le 6 mai 2024Lecture : 2 minutes.<\/p>\n\n\n\n<p>La diplomatie am\u00e9ricaine a accus\u00e9 le&nbsp;<a href=\"https:\/\/www.jeuneafrique.com\/pays\/rwanda\/\">Rwanda<\/a>&nbsp;d\u2019\u00eatre \u00e0 l\u2019origine d\u2019un bombardement meurtrier le 3 mai sur un camp de d\u00e9plac\u00e9s dans l\u2019est de la&nbsp;<a href=\"https:\/\/www.jeuneafrique.com\/pays\/rd-congo\/\">RDC<\/a>, une affirmation r\u00e9cus\u00e9e d\u00e8s le lendemain par Kigali. Au moins neuf personnes ont \u00e9t\u00e9 tu\u00e9es&nbsp;et&nbsp;des dizaines bless\u00e9es dans cette attaque survenue \u00e0 la p\u00e9riph\u00e9rie de Goma (Nord-Kivu), o\u00f9 des combats opposent les forces gouvernementales aux&nbsp;<a href=\"https:\/\/www.jeuneafrique.com\/evenements\/m23\/\">rebelles du M23<\/a>, soutenus par le Rwanda selon une partie de la communaut\u00e9 internationale et le groupe d\u2019experts de l\u2019ONU.<\/p>\n\n\n\n<p>\u00ab&nbsp;Les \u00c9tats-Unis&nbsp;condamnent&nbsp;fortement l\u2019attaque d\u2019aujourd\u2019hui des positions des forces arm\u00e9es du Rwanda et du M23 sur le camp pour personnes d\u00e9plac\u00e9es de Mugunga&nbsp;\u00bb, a d\u00e9clar\u00e9 dans un communiqu\u00e9 le porte-parole du d\u00e9partement d\u2019\u00c9tat am\u00e9ricain, Matthew Miller. Il a ajout\u00e9 que les \u00c9tats-Unis \u00e9taient \u00ab&nbsp;vivement&nbsp;inquiets&nbsp;de l\u2019avanc\u00e9e r\u00e9cente&nbsp;\u00bb des forces arm\u00e9es du Rwanda et du M23 dans l\u2019est de la RDC, \u00ab&nbsp;ce qui a particip\u00e9 au d\u00e9placement de plus de 2,5 millions de personnes&nbsp;\u00bb.<\/p>\n\n\n\n<p>Comme Kinshasa, les \u00c9tats-Unis affirment depuis longtemps que la r\u00e9bellion du M23 est soutenue par&nbsp;le&nbsp;Rwanda. Mais la mention par Washington d\u2019une implication directe de Kigali dans une attaque est en revanche inhabituelle. \u00ab&nbsp;Il est essentiel que tous les \u00c9tats respectent la souverainet\u00e9 et l\u2019int\u00e9grit\u00e9 territoriale de chacun&nbsp;\u00bb, a ajout\u00e9 Miller.<\/p>\n\n\n\n<h2 class=\"wp-block-heading\">\u00ab&nbsp;Nouveau crime de guerre&nbsp;\u00bb<\/h2>\n\n\n\n<p>L\u2019origine des bombardements du&nbsp;3&nbsp;mai n\u2019est pas clairement \u00e9tablie. Le porte-parole du gouvernement en RDC, Patrick Muyaya, a accus\u00e9 le 3 mai sur X (anciennement Twitter) \u00ab&nbsp;l\u2019arm\u00e9e rwandaise et ses suppl\u00e9tifs terroristes du M23&nbsp;\u00bb d\u2019en \u00eatre responsables. \u00ab&nbsp;L\u2019horreur dans sa forme la plus grave ! Une&nbsp;bombe&nbsp;sur des civils, des morts, des enfants ! Nouveau crime de guerre !&nbsp;\u00bb, a-t-il \u00e9crit.A lire :&nbsp;<\/p>\n\n\n\n<p><a href=\"https:\/\/www.jeuneafrique.com\/1562893\/politique\/instructeurs-francais-formateurs-roumains-drones-chinois-face-au-m23-felix-tshisekedi-tente-tout\/\">Instructeurs fran\u00e7ais, formateurs roumains, drones chinois\u2026 Face au M23, F\u00e9lix Tshisekedi tente tout<\/a><\/p>\n\n\n\n<p>Selon des t\u00e9moignages, des \u00ab&nbsp;bombes&nbsp;\u00bb sont tomb\u00e9es dans la matin\u00e9e sur des huttes install\u00e9es de part et d\u2019autre de la route menant de Goma \u00e0 Sak\u00e9, cit\u00e9&nbsp;consid\u00e9r\u00e9e&nbsp;comme un verrou strat\u00e9gique \u00e0 une vingtaine de kilom\u00e8tres de l\u00e0.<\/p>\n\n\n\n<h2 class=\"wp-block-heading\">\u00ab&nbsp;Les forces arm\u00e9es rwandaises n\u2019attaqueraient jamais un camp&nbsp;\u00bb<\/h2>\n\n\n\n<p>La porte-parole du gouvernement rwandais, Yolande Makolo, a r\u00e9agi le 4 mai \u00e0 l\u2019accusation am\u00e9ricaine en la qualifiant de \u00ab&nbsp;ridicule&nbsp;\u00bb et d\u2019\u00ab absurde \u00bb, dans&nbsp;un&nbsp;post sur X. \u00ab&nbsp;Comment parvenez-vous \u00e0 cette conclusion absurde ? Les FDR [forces arm\u00e9es rwandaises], une arm\u00e9e professionnelle, n\u2019attaqueraient jamais un camp&nbsp;\u00bb de d\u00e9plac\u00e9s, a-t-elle d\u00e9clar\u00e9.A lire :&nbsp;<\/p>\n\n\n\n<p><a href=\"https:\/\/www.jeuneafrique.com\/1555120\/politique\/sake-ville-fantome-a-la-merci-du-m23-et-dernier-rempart-avant-goma\/\">Sak\u00e9, ville fant\u00f4me \u00e0 la merci du M23 et dernier rempart avant Goma<\/a><\/p>\n\n\n\n<p>\u00ab&nbsp;Regardez [du c\u00f4t\u00e9 des] FDLR [Forces d\u00e9mocratiques pour la lib\u00e9ration du Rwanda] et Wazalendo, sans foi&nbsp;ni&nbsp;loi, soutenus par les FARDC [forces arm\u00e9es congolaises], pour ce genre d\u2019atrocit\u00e9s&nbsp;\u00bb, a-t-elle ajout\u00e9.<\/p>\n\n\n\n<p>Les FDLR sont un groupe arm\u00e9 cr\u00e9\u00e9 par d\u2019anciens g\u00e9nocidaires et dont la pr\u00e9sence depuis trente ans dans l\u2019est de la RDC est d\u00e9nonc\u00e9e&nbsp;par&nbsp;Kigali.<\/p>\n\n\n\n<p><strong>(avec AFP)<\/strong><\/p>\n<div style=\"text-align:center\" class=\"wps-pgfw-pdf-generate-icon__wrapper-frontend\">\n\t\t<a href=\"https:\/\/congokin.blog?action=genpdf&amp;id=13463\" class=\"pgfw-single-pdf-download-button\" ><img src=\"https:\/\/congokin.blog\/wp-content\/plugins\/pdf-generator-for-wp\/admin\/src\/images\/PDF_Tray.svg\" title=\"G\u00e9n\u00e9rer un PDF\" style=\"width:auto; height:45px;\"><\/a>\n\t\t<\/div>","protected":false},"excerpt":{"rendered":"<p>Est de la RDC : Washington accuse le Rwanda Selon les \u00c9tats-Unis, Kigali serait responsable du bombardement d\u2019un camp de r\u00e9fugi\u00e9s pr\u00e8s de Goma. Une accusation rejet\u00e9e en bloc par la porte-parole du gouvernement rwandais, Yolande Makolo. Publi\u00e9 le 6 mai 2024Lecture : 2 minutes. La diplomatie am\u00e9ricaine a accus\u00e9 le&nbsp;Rwanda&nbsp;d\u2019\u00eatre \u00e0 l\u2019origine d\u2019un bombardement [&hellip;]<\/p>\n","protected":false},"author":8,"featured_media":0,"comment_status":"open","ping_status":"closed","sticky":false,"template":"","format":"standard","meta":{"footnotes":""},"categories":[3],"tags":[],"class_list":["post-13463","post","type-post","status-publish","format-standard","hentry","category-diplomatie"],"_links":{"self":[{"href":"https:\/\/congokin.blog\/index.php?rest_route=\/wp\/v2\/posts\/13463","targetHints":{"allow":["GET"]}}],"collection":[{"href":"https:\/\/congokin.blog\/index.php?rest_route=\/wp\/v2\/posts"}],"about":[{"href":"https:\/\/congokin.blog\/index.php?rest_route=\/wp\/v2\/types\/post"}],"author":[{"embeddable":true,"href":"https:\/\/congokin.blog\/index.php?rest_route=\/wp\/v2\/users\/8"}],"replies":[{"embeddable":true,"href":"https:\/\/congokin.blog\/index.php?rest_route=%2Fwp%2Fv2%2Fcomments&post=13463"}],"version-history":[{"count":2,"href":"https:\/\/congokin.blog\/index.php?rest_route=\/wp\/v2\/posts\/13463\/revisions"}],"predecessor-version":[{"id":13465,"href":"https:\/\/congokin.blog\/index.php?rest_route=\/wp\/v2\/posts\/13463\/revisions\/13465"}],"wp:attachment":[{"href":"https:\/\/congokin.blog\/index.php?rest_route=%2Fwp%2Fv2%2Fmedia&parent=13463"}],"wp:term":[{"taxonomy":"category","embeddable":true,"href":"https:\/\/congokin.blog\/index.php?rest_route=%2Fwp%2Fv2%2Fcategories&post=13463"},{"taxonomy":"post_tag","embeddable":true,"href":"https:\/\/congokin.blog\/index.php?rest_route=%2Fwp%2Fv2%2Ftags&post=13463"}],"curies":[{"name":"wp","href":"https:\/\/api.w.org\/{rel}","templated":true}]}}