{"id":135,"date":"2018-04-10T03:18:21","date_gmt":"2018-04-10T03:18:21","guid":{"rendered":"https:\/\/congokin.media\/?p=135"},"modified":"2018-04-10T03:18:21","modified_gmt":"2018-04-10T03:18:21","slug":"rdc-la-lettre-de-sindika-dokolo-a-antonio-guterres","status":"publish","type":"post","link":"https:\/\/congokin.blog\/?p=135","title":{"rendered":"RDC : La lettre de Sindika Dokolo \u00e0 Antonio Guterres"},"content":{"rendered":"<h1 class=\"post_title\">RDC : La lettre de Sindika Dokolo \u00e0 Antonio Guterres<\/h1>\n<ul class=\"post_details clearfix\">\n<li class=\"detail date\">9 avril 2018<\/li>\n<li class=\"detail author\">Hubert Leclercq<\/li>\n<\/ul>\n<p><a class=\"post_image page_margin_top margin_bottom_0 prettyPhoto\" title=\"RDC : La lettre de Sindika Dokolo \u00e0 Antonio Guterres\" href=\"https:\/\/afrique.lalibre.be\/app\/uploads\/2018\/04\/sindika_dokolo_lance_loper_711752626_dokolo_casseroles_campagne_17_003_640_350_1.jpg\"><img loading=\"lazy\" decoding=\"async\" class=\"attachment-small-slider-thumb size-small-slider-thumb wp-post-image\" title=\"\" src=\"https:\/\/afrique.lalibre.be\/app\/uploads\/2018\/04\/sindika_dokolo_lance_loper_711752626_dokolo_casseroles_campagne_17_003_640_350_1.jpg\" sizes=\"auto, (max-width: 640px) 100vw, 640px\" srcset=\"https:\/\/afrique.lalibre.be\/app\/uploads\/2018\/04\/sindika_dokolo_lance_loper_711752626_dokolo_casseroles_campagne_17_003_640_350_1.jpg 640w, https:\/\/afrique.lalibre.be\/app\/uploads\/2018\/04\/sindika_dokolo_lance_loper_711752626_dokolo_casseroles_campagne_17_003_640_350_1-524x287.jpg 524w\" alt=\"RDC : La lettre de Sindika Dokolo \u00e0 Antonio Guterres\" width=\"640\" height=\"350\" \/><\/a><\/p>\n<div class=\"post_content page_margin_top_section clearfix\">\n<div class=\"content_box full_width\">\n<p>Vendredi 13 avril prochain, la conf\u00e9rence internationale des donateurs pour le financement de l\u2019action humanitaire aurait d\u00fb se pencher, \u00e0 Gen\u00e8ve, sur l\u2019aide \u00e0 apporter \u00e0 la R\u00e9publique d\u00e9mocratique du Congo. Une aide dont refuse d\u2019entendre parler le pouvoir du pr\u00e9sident ill\u00e9gitime Joseph Kabila. Une attitude condamn\u00e9e par Sindika Dokolo, dans une lettre adress\u00e9e au Secr\u00e9taire g\u00e9n\u00e9ral des Nations Unies Antonio Guterres.<\/p>\n<div class=\"text\">\n<p>L\u2019initiateur du mouvement \u00ab\u00a0Les Congolais debout\u00a0\u00bb ne m\u00e2che pas et ses mots et parle d\u2019une \u00ab\u00a0d\u00e9cision\u00a0\u00bb qui \u00ab\u00a0rel\u00e8ve d\u2019une politique absurde, coupable et cruelle qui conduit \u00e0 la mort de millions de Congolais.<\/p>\n<p>En pr\u00e9ambule, il justifie sa d\u00e9marche : \u00ab\u00a0Les Congolais Debout pr\u00f4nent la dignit\u00e9 des Congolais \u00e0 travers le respect de nos\u00a0libert\u00e9s civiles et politiques, et notamment, notre droit sacr\u00e9 \u00e0 de vraies \u00e9lections\u00a0libres, transparentes, inclusives, dans les d\u00e9lais pr\u00e9vus par la Constitution. Notre\u00a0mouvement compte d\u00e9j\u00e0 plus d\u2019un million de membres d\u00fbment enregistr\u00e9s en R\u00e9publique D\u00e9mocratique du Congo et dans la diaspora. J\u2019en suis l\u2019initiateur et c\u2019est\u00a0\u00e0 ce titre et fort du nombre de nos adh\u00e9rents que je m\u2019exprime\u00a0\u00bb.<\/p>\n<p>Dans la foul\u00e9e, Sindika Dokolo s\u2019adresse au Secr\u00e9taire g\u00e9n\u00e9ral des Nations unies qui conna\u00eet parfaitement la situation humanitaire qui pr\u00e9vaut en RDC, lui qui fut pendant deux mandats de 5 ans (!) Haut commissaire des Nations Unies aux R\u00e9fugi\u00e9s (de 2005 \u00e0 2015). Il lui rappelle que la situation catastrophique est toujours de rigueur et ne fait que s\u2019aggraver depuis vingt ans, il \u00e9voque le sort des milliers de Congolais qui ont fui leur pays\u00a0pour trouver refuge, notamment, en Angola. \u00ab\u00a0J\u2019ai entendu les pleurs des\u00a0enfants perdus \u00e0 la recherche de leurs parents. J\u2019ai touch\u00e9 les plaies d\u2019hommes et de femmes bless\u00e9s dans leur chair. Et plus encore dans leur \u00e2me. Comme ils ne peuvent s\u2019adresser \u00e0 vous car ils n\u2019en ont ni la force ni les moyens, je m\u2019en fais le devoir\u00a0\u00bb.<\/p>\n<p>Tout au long de son courrier (\u00e0 lire en int\u00e9gralit\u00e9 ci-dessous), Sindika Dokolo s\u2019attache \u00e0 d\u00e9crire le sort de millions de Congolais qui vivent aujourd\u2019hui dans la mis\u00e8re la plus totale. Une situation inacceptable qui rend encore plus incompr\u00e9hensible la position du pouvoir ill\u00e9gitime en place \u00e0 Kinshasa de refuser toute aide internationale.<\/p>\n<p>Une \u00ab\u00a0attitude\u00a0\u00bb qui \u00ab\u00a0indigne la conscience universelle. Elle caract\u00e9rise l\u2019abandon d\u00e9lib\u00e9r\u00e9 d\u2019un peuple en danger.\u00a0Le gouvernement de la RDC est devenu un contre-sens, un contre-Etat. Au lieu de\u00a0porter secours aux plus vuln\u00e9rables de nos concitoyens, il a fait le choix de les\u00a0sacrifier. Ce faisant, il a d\u00e9finitivement perdu la lumi\u00e8re de l\u2019estime publique.\u00a0\u00bb<\/p>\n<p>Sindika Dokolo insiste aussi sur le fait que cette politique du gouvernement congolais ne fera qu\u2019accro\u00eetre le risque d\u2019une explosion de violence que tout le monde redoute. \u00ab\u00a0Insensible aux souffrances des Congolais, le pouvoir de Kinshasa risque de cr\u00e9er une haine profonde dans le coeur de millions d\u2019hommes, de femmes et d\u2019enfants qu\u2019il\u00a0sacrifie d\u00e9lib\u00e9r\u00e9ment sur l\u2019autel de calculs politiques obscurs,\u00a0\u00bb, \u00e9crit-il, avant de poursuivre : \u00ab\u00a0Prenons garde qu\u2019au m\u00e9pris des efforts d\u00e9ploy\u00e9s par tous \u2013 y compris la Communaut\u00e9 Internationale \u2013 pour maintenir la stabilit\u00e9 du Congo, une poign\u00e9e de dirigeants congolais ill\u00e9gitimes\u00a0n\u2019entra\u00eenent \u00e0 nouveau le pays dans un nouveau cycle de violences\u00a0\u00bb.<\/p>\n<p>En corollaire de ce constat du refus du pouvoir de Kinshasa de chercher \u00e0 aider le peuple congolais, Sindika Dokolo et les \u2018Congolais Debout\u00a0\u00bb affirment leur \u00ab\u00a0disponibilit\u00e9 pour un partenariat entre la Soci\u00e9t\u00e9 Civile congolaise et la communaut\u00e9 des partenaires au d\u00e9veloppement\u00a0\u00bb, un message qui rejoint la d\u00e9claration du cardinal Monsengwo qui affirme, lui, que personne ne peut refuser l\u2019aide internationale dans une situation aussi catastrophique que celle de la R\u00e9publique d\u00e9mocratique du Congo.<\/p>\n<p>Courrier Sindika Dokolo<\/p>\n<\/div>\n<\/div>\n<\/div>\n<div style=\"text-align:center\" class=\"wps-pgfw-pdf-generate-icon__wrapper-frontend\">\n\t\t<a href=\"https:\/\/congokin.blog?action=genpdf&amp;id=135\" class=\"pgfw-single-pdf-download-button\" ><img src=\"https:\/\/congokin.blog\/wp-content\/plugins\/pdf-generator-for-wp\/admin\/src\/images\/PDF_Tray.svg\" title=\"G\u00e9n\u00e9rer un PDF\" style=\"width:auto; height:45px;\"><\/a>\n\t\t<\/div>","protected":false},"excerpt":{"rendered":"<p>RDC : La lettre de Sindika Dokolo \u00e0 Antonio Guterres 9 avril 2018 Hubert Leclercq Vendredi 13 avril prochain, la conf\u00e9rence internationale des donateurs pour le financement de l\u2019action humanitaire aurait d\u00fb se pencher, \u00e0 Gen\u00e8ve, sur l\u2019aide \u00e0 apporter \u00e0 la R\u00e9publique d\u00e9mocratique du Congo. Une aide dont refuse d\u2019entendre parler le pouvoir du [&hellip;]<\/p>\n","protected":false},"author":4,"featured_media":0,"comment_status":"open","ping_status":"closed","sticky":false,"template":"","format":"standard","meta":{"footnotes":""},"categories":[7],"tags":[],"class_list":["post-135","post","type-post","status-publish","format-standard","hentry","category-politique"],"_links":{"self":[{"href":"https:\/\/congokin.blog\/index.php?rest_route=\/wp\/v2\/posts\/135","targetHints":{"allow":["GET"]}}],"collection":[{"href":"https:\/\/congokin.blog\/index.php?rest_route=\/wp\/v2\/posts"}],"about":[{"href":"https:\/\/congokin.blog\/index.php?rest_route=\/wp\/v2\/types\/post"}],"author":[{"embeddable":true,"href":"https:\/\/congokin.blog\/index.php?rest_route=\/wp\/v2\/users\/4"}],"replies":[{"embeddable":true,"href":"https:\/\/congokin.blog\/index.php?rest_route=%2Fwp%2Fv2%2Fcomments&post=135"}],"version-history":[{"count":0,"href":"https:\/\/congokin.blog\/index.php?rest_route=\/wp\/v2\/posts\/135\/revisions"}],"wp:attachment":[{"href":"https:\/\/congokin.blog\/index.php?rest_route=%2Fwp%2Fv2%2Fmedia&parent=135"}],"wp:term":[{"taxonomy":"category","embeddable":true,"href":"https:\/\/congokin.blog\/index.php?rest_route=%2Fwp%2Fv2%2Fcategories&post=135"},{"taxonomy":"post_tag","embeddable":true,"href":"https:\/\/congokin.blog\/index.php?rest_route=%2Fwp%2Fv2%2Ftags&post=135"}],"curies":[{"name":"wp","href":"https:\/\/api.w.org\/{rel}","templated":true}]}}