{"id":13505,"date":"2024-06-11T20:08:59","date_gmt":"2024-06-11T20:08:59","guid":{"rendered":"https:\/\/congokin.blog\/?p=13505"},"modified":"2024-06-11T20:08:59","modified_gmt":"2024-06-11T20:08:59","slug":"est-de-la-rdc-les-brics-plaident-pour-un-reglement-pacifique-du-conflit","status":"publish","type":"post","link":"https:\/\/congokin.blog\/?p=13505","title":{"rendered":"Est de la RDC : les BRICS plaident pour un \u00ab r\u00e8glement pacifique \u00bb du conflit<gwmw style=\"display:none;\"><\/gwmw>"},"content":{"rendered":"\n<h1 class=\"wp-block-heading\">Est de la RDC : les BRICS plaident pour un \u00ab r\u00e8glement pacifique \u00bb du conflit<\/h1>\n\n\n\n<p>11.06.2024<\/p>\n\n\n\n<p><a href=\"https:\/\/www.mediacongo.net\/articles-actualite-1_politique.html\">Politique<\/a><gwmw style=\"display:none;\"><\/gwmw><\/p>\n\n\n\n<figure class=\"wp-block-image\"><img decoding=\"async\" src=\"https:\/\/platform-cdn.sharethis.com\/img\/whatsapp.svg\" alt=\"whatsapp sharing button\"\/><\/figure>\n\n\n\n<figure class=\"wp-block-image\"><img decoding=\"async\" src=\"https:\/\/www.mediacongo.net\/cache\/nord_kivu_les_brics_plaident_pour_un_reglement_pacifique_du_conflit_jpg_711_473_1.jpeg\" alt=\"-\"\/><\/figure>\n\n\n\n<p><strong>Les ministres des Affaires \u00e9trang\u00e8res des BRICS ont plaid\u00e9 lundi pour un \u00ab r\u00e8glement pacifique \u00bb des conflits, notamment dans l\u2019Est de la R\u00e9publique d\u00e9mocratique du Congo (RDC), o\u00f9 les combats se poursuivent entre l\u2019arm\u00e9e congolaise et les rebelles du M23 soutenus par l\u2019arm\u00e9e rwandaise. Cette position rejoint celle de l\u2019ONU qui a toujours soutenu qu\u2019une paix durable au Nord-Kivu \u00ab exige un r\u00e8glement politique des causes profondes du conflit \u00bb.<\/strong><\/p>\n\n\n\n<p>R\u00e9unis lundi 10 juin \u00e0 Nijni Novgorod, en F\u00e9d\u00e9ration de Russie, les chefs de la diplomatie des BRICS se sont pench\u00e9s, entre autres, sur les crises s\u00e9curitaires qui touchent plusieurs \u00c9tats africains, dont la RDC qui accuse d\u2019agression son voisin, le Rwanda.<\/p>\n\n\n\n<p>Dans leur d\u00e9claration conjointe, \u00ab les ministres ont salu\u00e9 les efforts et les r\u00e9alisations des pays africains dans leur qu\u00eate de la paix et du d\u00e9veloppement, tout en exprimant leur vive pr\u00e9occupation face aux conflits actuels et aux menaces persistantes pos\u00e9es par les organisations terroristes dans diverses sous-r\u00e9gions d\u2019Afrique et face aux conflits potentiels qui subsistent en R\u00e9publique d\u00e9mocratique du Congo (RDC), dans la r\u00e9gion des Grands Lacs et dans la Corne de l\u2019Afrique, notamment au Soudan, ainsi que l\u2019activit\u00e9 croissante de nombreux groupes terroristes et insurg\u00e9s \u00bb.<\/p>\n\n\n\n<p>Face \u00e0 cette situation alarmante, qui impacte n\u00e9gativement la vie des populations civiles, les BRICS ont r\u00e9it\u00e9r\u00e9 leur engagement en faveur du \u00ab r\u00e8glement pacifique \u00bb des diff\u00e9rends par la diplomatie, le dialogue inclusif et les consultations de mani\u00e8re coordonn\u00e9e et coop\u00e9rative et ont soutenu tous les efforts propices au r\u00e8glement pacifique des crises.<\/p>\n\n\n\n<p>En outre, ils ont r\u00e9it\u00e9r\u00e9 la n\u00e9cessit\u00e9 du plein respect du droit international humanitaire dans les situations de conflit et de la fourniture d\u2019une aide humanitaire conform\u00e9ment aux principes fondamentaux d\u2019humanit\u00e9, de neutralit\u00e9, d\u2019impartialit\u00e9 et d\u2019ind\u00e9pendance \u00e9tablis dans la r\u00e9solution 46\/182 de l\u2019Assembl\u00e9e g\u00e9n\u00e9rale de l\u2019ONU.<\/p>\n\n\n\n<p>\u00ab Les ministres ont appel\u00e9 la communaut\u00e9 internationale \u00e0 rechercher des r\u00e9ponses collectives aux d\u00e9fis mondiaux et r\u00e9gionaux et aux menaces \u00e0 la s\u00e9curit\u00e9, notamment le terrorisme. Les ministres ont soulign\u00e9 la n\u00e9cessit\u00e9 de respecter les buts et principes de la Charte des Nations Unies et de respecter les pr\u00e9occupations l\u00e9gitimes et raisonnables de tous les pays en mati\u00e8re de s\u00e9curit\u00e9. Ils ont r\u00e9it\u00e9r\u00e9 que les divergences et les diff\u00e9rends entre les pays devraient \u00eatre r\u00e9solus de mani\u00e8re pacifique par le dialogue et la consultation \u00bb, ont-ils d\u00e9clar\u00e9.<\/p>\n\n\n\n<p>Les BRICS ont \u00e9galement r\u00e9it\u00e9r\u00e9 leur engagement en faveur du multilat\u00e9ralisme et du respect du droit international, y compris des buts et principes consacr\u00e9s dans la Charte des Nations Unies (ONU) comme pierre angulaire indispensable, ainsi que du r\u00f4le central de l\u2019ONU dans un syst\u00e8me international dans lequel les \u00c9tats souverains coop\u00e8rent pour maintenir la paix et la s\u00e9curit\u00e9 internationales, faire progresser le d\u00e9veloppement durable, assurer la promotion et la protection de la d\u00e9mocratie, des droits de l\u2019homme et des libert\u00e9s fondamentales pour tous, et promouvoir une coop\u00e9ration fond\u00e9e sur la solidarit\u00e9, le respect mutuel, la justice et l\u2019\u00e9galit\u00e9.<\/p>\n\n\n\n<p><strong>Reagan Ndota<br>Afriquactu \/ MCP , via mediacongo.net<\/strong><gwmw style=\"display:none;\"><\/gwmw><\/p>\n\n\n\n<p><gwmw style=\"display:none;\"><\/gwmw><\/p>\n<div style=\"text-align:center\" class=\"wps-pgfw-pdf-generate-icon__wrapper-frontend\">\n\t\t<a href=\"https:\/\/congokin.blog?action=genpdf&amp;id=13505\" class=\"pgfw-single-pdf-download-button\" ><img src=\"https:\/\/congokin.blog\/wp-content\/plugins\/pdf-generator-for-wp\/admin\/src\/images\/PDF_Tray.svg\" title=\"G\u00e9n\u00e9rer un PDF\" style=\"width:auto; height:45px;\"><\/a>\n\t\t<\/div>","protected":false},"excerpt":{"rendered":"<p>Est de la RDC : les BRICS plaident pour un \u00ab r\u00e8glement pacifique \u00bb du conflit 11.06.2024 Politique Les ministres des Affaires \u00e9trang\u00e8res des BRICS ont plaid\u00e9 lundi pour un \u00ab r\u00e8glement pacifique \u00bb des conflits, notamment dans l\u2019Est de la R\u00e9publique d\u00e9mocratique du Congo (RDC), o\u00f9 les combats se poursuivent entre l\u2019arm\u00e9e congolaise et [&hellip;]<\/p>\n","protected":false},"author":9,"featured_media":0,"comment_status":"open","ping_status":"closed","sticky":false,"template":"","format":"standard","meta":{"footnotes":""},"categories":[7,8],"tags":[],"class_list":["post-13505","post","type-post","status-publish","format-standard","hentry","category-politique","category-societe"],"_links":{"self":[{"href":"https:\/\/congokin.blog\/index.php?rest_route=\/wp\/v2\/posts\/13505","targetHints":{"allow":["GET"]}}],"collection":[{"href":"https:\/\/congokin.blog\/index.php?rest_route=\/wp\/v2\/posts"}],"about":[{"href":"https:\/\/congokin.blog\/index.php?rest_route=\/wp\/v2\/types\/post"}],"author":[{"embeddable":true,"href":"https:\/\/congokin.blog\/index.php?rest_route=\/wp\/v2\/users\/9"}],"replies":[{"embeddable":true,"href":"https:\/\/congokin.blog\/index.php?rest_route=%2Fwp%2Fv2%2Fcomments&post=13505"}],"version-history":[{"count":1,"href":"https:\/\/congokin.blog\/index.php?rest_route=\/wp\/v2\/posts\/13505\/revisions"}],"predecessor-version":[{"id":13506,"href":"https:\/\/congokin.blog\/index.php?rest_route=\/wp\/v2\/posts\/13505\/revisions\/13506"}],"wp:attachment":[{"href":"https:\/\/congokin.blog\/index.php?rest_route=%2Fwp%2Fv2%2Fmedia&parent=13505"}],"wp:term":[{"taxonomy":"category","embeddable":true,"href":"https:\/\/congokin.blog\/index.php?rest_route=%2Fwp%2Fv2%2Fcategories&post=13505"},{"taxonomy":"post_tag","embeddable":true,"href":"https:\/\/congokin.blog\/index.php?rest_route=%2Fwp%2Fv2%2Ftags&post=13505"}],"curies":[{"name":"wp","href":"https:\/\/api.w.org\/{rel}","templated":true}]}}