{"id":13525,"date":"2024-06-18T04:04:55","date_gmt":"2024-06-18T04:04:55","guid":{"rendered":"https:\/\/congokin.blog\/?p=13525"},"modified":"2024-06-18T04:04:58","modified_gmt":"2024-06-18T04:04:58","slug":"un-mercenaire-roumain-et-deux-soldats-congolais-tues-dans-lest-du-pays","status":"publish","type":"post","link":"https:\/\/congokin.blog\/?p=13525","title":{"rendered":"un mercenaire roumain et deux soldats congolais tu\u00e9s dans l&rsquo;est du pays<gwmw style=\"display:none;\"><\/gwmw>"},"content":{"rendered":"\n<h1 class=\"wp-block-heading\">RDC: un mercenaire roumain et deux soldats congolais tu\u00e9s dans l&rsquo;est du pays<\/h1>\n\n\n\n<p>Actualit\u00e9s<\/p>\n\n\n\n<p>Dimanche 16 Juin 2024<\/p>\n\n\n\n<figure class=\"wp-block-image is-style-zoooom\"><img decoding=\"async\" src=\"https:\/\/www.medi1news.com\/assets\/imgs\/ico%20horloge.png\" alt=\"\"\/><\/figure>\n\n\n\n<p>23:48<\/p>\n\n\n\n<p><img decoding=\"async\" src=\"https:\/\/www.medi1news.com\/assets\/imgs\/micro.png\">\u00c9coutez l&rsquo;article<gwmw style=\"display:none;\"><\/gwmw><\/p>\n\n\n\n<figure class=\"wp-block-image is-style-zoooom\"><img decoding=\"async\" src=\"https:\/\/img.medi1news.com\/vis_0616202423482096.jpg\" alt=\"RDC: un mercenaire roumain et deux soldats congolais tu\u00e9s dans l'est du pays\" title=\"RDC: un mercenaire roumain et deux soldats congolais tu\u00e9s dans l'est du pays\"\/><\/figure>\n\n\n\n<p>Medi1news &#8211; Map<\/p>\n\n\n\n<p><strong>Un mercenaire roumain et deux militaires congolais ont \u00e9t\u00e9 tu\u00e9s et un casque bleu de l&rsquo;ONU bless\u00e9 au cours de trois \u00e9v\u00e9nements s\u00e9par\u00e9s survenus samedi dans l&rsquo;Est de la R\u00e9publique d\u00e9mocratique du Congo (RDC), ont indiqu\u00e9 dimanche des m\u00e9dias.<\/strong><\/p>\n\n\n\n<p>Un responsable s\u00e9curitaire de la zone cit\u00e9 par des m\u00e9dias a d\u00e9clar\u00e9 qu&rsquo;un contractant militaire priv\u00e9 a \u00e9t\u00e9 tu\u00e9 et trois autres bless\u00e9s samedi par une frappe de \u00ab\u00a0missile\u00a0\u00bb sur une base de l&rsquo;arm\u00e9e congolaise \u00e0 une dizaine de km au nord de Goma.<\/p>\n\n\n\n<p>Le chef-lieu du Nord-Kivu est depuis plusieurs mois encercl\u00e9 au nord et \u00e0 l&rsquo;ouest par l&rsquo;arm\u00e9e rwandaise et la r\u00e9bellion du M23.<\/p>\n\n\n\n<p>L&rsquo;arm\u00e9e congolaise, dans la p\u00e9riph\u00e9rie de la ville, est r\u00e9guli\u00e8rement prise pour cible alors que les rebelles, appuy\u00e9s par le Rwanda, continuent d&rsquo;\u00e9tendre leur emprise dans l&rsquo;Est du pays.<\/p>\n\n\n\n<p>Le minist\u00e8re des Affaires \u00e9trang\u00e8res de Roumanie a indiqu\u00e9 dimanche que \u00ab\u00a0la personne d\u00e9c\u00e9d\u00e9e et deux personnes bless\u00e9es sont de nationalit\u00e9 roumaine et que la quatri\u00e8me personne bless\u00e9e est d&rsquo;une autre nationalit\u00e9\u00a0\u00bb.<\/p>\n\n\n\n<p>Plusieurs cha\u00eenes de t\u00e9l\u00e9vision roumaines ont pr\u00e9sent\u00e9 le combattant tu\u00e9 comme un mercenaire roumain sous contrat avec l&rsquo;arm\u00e9e congolaise.<\/p>\n\n\n\n<p>A environ 200 km au nord de Goma, autour de la grande ville commer\u00e7ante de Butembo, au moins deux militaires des Forces arm\u00e9s de la RDC ont \u00e9t\u00e9 \u00ab\u00a0l\u00e2chement br\u00fbl\u00e9s\u00a0\u00bb au cours d'\u00a0\u00bbune embuscade tendue par la jeunesse\u00a0\u00bb, a d\u00e9clar\u00e9 le colonel Alain Kiwewa, administrateur du territoire de Lubero (o\u00f9 est situ\u00e9e Butembo), cit\u00e9 par des m\u00e9dias.<\/p>\n\n\n\n<p>Il a ajout\u00e9 que ces militaires ont \u00e9t\u00e9 tu\u00e9s sur leur trajet du retour apr\u00e8s avoir \u00ab\u00a0ravitaill\u00e9 d&rsquo;autres soldats qui sont au front contre les ADF\u00a0\u00bb, un groupe rebelle originaire d&rsquo;Ouganda, qui a fait all\u00e9geance au groupe Etat islamique.<\/p>\n\n\n\n<p>Depuis le d\u00e9but du mois, environ 150 personnes ont \u00e9t\u00e9 tu\u00e9es au cours d&rsquo;attaques attribu\u00e9es aux ADF, dont la plupart ont \u00e9t\u00e9 revendiqu\u00e9es par l&rsquo;Etat islamique.<\/p>\n\n\n\n<p><a href=\"https:\/\/www.medi1news.com\/fr\/tag\/RDC\">RDC<\/a><gwmw style=\"display:none;\"><\/gwmw><\/p>\n<div style=\"text-align:center\" class=\"wps-pgfw-pdf-generate-icon__wrapper-frontend\">\n\t\t<a href=\"https:\/\/congokin.blog?action=genpdf&amp;id=13525\" class=\"pgfw-single-pdf-download-button\" ><img src=\"https:\/\/congokin.blog\/wp-content\/plugins\/pdf-generator-for-wp\/admin\/src\/images\/PDF_Tray.svg\" title=\"G\u00e9n\u00e9rer un PDF\" style=\"width:auto; height:45px;\"><\/a>\n\t\t<\/div>","protected":false},"excerpt":{"rendered":"<p>RDC: un mercenaire roumain et deux soldats congolais tu\u00e9s dans l&rsquo;est du pays Actualit\u00e9s Dimanche 16 Juin 2024 23:48 \u00c9coutez l&rsquo;article Medi1news &#8211; Map Un mercenaire roumain et deux militaires congolais ont \u00e9t\u00e9 tu\u00e9s et un casque bleu de l&rsquo;ONU bless\u00e9 au cours de trois \u00e9v\u00e9nements s\u00e9par\u00e9s survenus samedi dans l&rsquo;Est de la R\u00e9publique d\u00e9mocratique [&hellip;]<\/p>\n","protected":false},"author":8,"featured_media":0,"comment_status":"open","ping_status":"closed","sticky":false,"template":"","format":"standard","meta":{"footnotes":""},"categories":[7,8],"tags":[],"class_list":["post-13525","post","type-post","status-publish","format-standard","hentry","category-politique","category-societe"],"_links":{"self":[{"href":"https:\/\/congokin.blog\/index.php?rest_route=\/wp\/v2\/posts\/13525","targetHints":{"allow":["GET"]}}],"collection":[{"href":"https:\/\/congokin.blog\/index.php?rest_route=\/wp\/v2\/posts"}],"about":[{"href":"https:\/\/congokin.blog\/index.php?rest_route=\/wp\/v2\/types\/post"}],"author":[{"embeddable":true,"href":"https:\/\/congokin.blog\/index.php?rest_route=\/wp\/v2\/users\/8"}],"replies":[{"embeddable":true,"href":"https:\/\/congokin.blog\/index.php?rest_route=%2Fwp%2Fv2%2Fcomments&post=13525"}],"version-history":[{"count":1,"href":"https:\/\/congokin.blog\/index.php?rest_route=\/wp\/v2\/posts\/13525\/revisions"}],"predecessor-version":[{"id":13526,"href":"https:\/\/congokin.blog\/index.php?rest_route=\/wp\/v2\/posts\/13525\/revisions\/13526"}],"wp:attachment":[{"href":"https:\/\/congokin.blog\/index.php?rest_route=%2Fwp%2Fv2%2Fmedia&parent=13525"}],"wp:term":[{"taxonomy":"category","embeddable":true,"href":"https:\/\/congokin.blog\/index.php?rest_route=%2Fwp%2Fv2%2Fcategories&post=13525"},{"taxonomy":"post_tag","embeddable":true,"href":"https:\/\/congokin.blog\/index.php?rest_route=%2Fwp%2Fv2%2Ftags&post=13525"}],"curies":[{"name":"wp","href":"https:\/\/api.w.org\/{rel}","templated":true}]}}