{"id":13527,"date":"2024-06-18T04:13:24","date_gmt":"2024-06-18T04:13:24","guid":{"rendered":"https:\/\/congokin.blog\/?p=13527"},"modified":"2024-06-18T04:13:27","modified_gmt":"2024-06-18T04:13:27","slug":"afrique-du-sud-le-gouvernement-dunion-nationale-sur-les-rails","status":"publish","type":"post","link":"https:\/\/congokin.blog\/?p=13527","title":{"rendered":"Afrique du Sud : Le gouvernement d\u2019union nationale sur les rails<gwmw style=\"display:none;\"><\/gwmw>"},"content":{"rendered":"\n<h1 class=\"wp-block-heading\"><a href=\"https:\/\/afrique.lalibre.be\/79029\/afrique-du-sud-le-gouvernement-dunion-nationale-sur-les-rails\/\">Afrique du Sud : Le gouvernement d\u2019union nationale sur les rails<\/a><\/h1>\n\n\n\n<ul class=\"wp-block-list\">\n<li>Dans\u00a0<a href=\"https:\/\/afrique.lalibre.be\/category\/thematique\/politique\/\">Politique<\/a><\/li>\n\n\n\n<li>17 juin 2024<\/li>\n\n\n\n<li><a href=\"https:\/\/afrique.lalibre.be\/author\/hleclercq\/\">Hubert Leclercq<\/a><\/li>\n\n\n\n<li>13 Vues<\/li>\n<\/ul>\n\n\n\n<p><a href=\"https:\/\/afrique.lalibre.be\/wp-content\/uploads\/2024\/06\/6670afd5c611b-ramaphosa.jpg\"><\/a><\/p>\n\n\n\n<h3 class=\"wp-block-heading\">Le chef de l\u2019ANC, Cyril Ramaphosa, rempile sous surveillance.<\/h3>\n\n\n\n<p>Cyril Ramaphosa, 71 ans, le patron de l\u2019African National Congress (ANC), a \u00e9t\u00e9 r\u00e9\u00e9lu vendredi 14 juin \u00e0 la pr\u00e9sidence de l\u2019Afrique du Sud. Il a obtenu 283 voix, loin devant l\u2019autre candidat Julius Malema, du parti radical de gauche EFF, qui a obtenu 44 voix.<\/p>\n\n\n\n<p>Le 29 mai, lors de ces l\u00e9gislatives, le parti cher \u00e0 Nelson Mandela a enregistr\u00e9 le pire score de son histoire politique, vieille de 30 ans, avec un recul de pr\u00e8s de 17 %, d\u00e9passant \u00e0 peine les 40 % des voix, perdant du m\u00eame coup 71 si\u00e8ges et une majorit\u00e9 absolue qui \u00e9tait sa marque de fabrique depuis la fin de l\u2019apartheid et l\u2019av\u00e8nement de Mandela en 1994.<\/p>\n\n\n\n<p>L\u2019ANC sauve donc les apparences en conservant la pr\u00e9sidence de la R\u00e9publique mais rien ne sera plus jamais comme avant pour ce parti et pour ces dirigeants qui vont devoir apprendre \u00e0 partager le pouvoir avec l\u2019Alliance d\u00e9mocratique (DA), formation lib\u00e9rale que nombre d\u2019\u00e9lecteurs et de membres de l\u2019ANC jugent toujours trop favorables \u00e0 la d\u00e9fense des int\u00e9r\u00eats de la communaut\u00e9 blanche sud-africaine.<\/p>\n\n\n\n<blockquote class=\"wp-block-quote is-layout-flow wp-block-quote-is-layout-flow\">\n<p><a href=\"https:\/\/afrique.lalibre.be\/78988\/afrique-du-sud-lanc-va-devoir-partager-le-pouvoir\/\">Afrique du Sud : L\u2019ANC va devoir partager le pouvoir<\/a><\/p>\n<\/blockquote>\n\n\n\n<h2 class=\"wp-block-heading\"><strong>Sauver les apparences<\/strong><\/h2>\n\n\n\n<p>Dans une volont\u00e9 de ne pas donner le sentiment de convoler en justes noces avec DA, l\u2019ANC avait annonc\u00e9 sa volont\u00e9 de mettre sur pied un gouvernement d\u2019union nationale qui verra l\u2019Inkatha Freedom Party, le parti nationaliste zoulou, entrer au gouvernement apr\u00e8s avoir apport\u00e9 son soutien \u00e0 la r\u00e9\u00e9lection de Ramaphosa.<\/p>\n\n\n\n<p>Avec ses 40\u200a%, l\u2019ANC a d\u00e9croch\u00e9 159 si\u00e8ges sur les 400 de l\u2019Assembl\u00e9e nationale sud-africaine. L\u2019Alliance d\u00e9mocratique, avec ses 21,5\u200a%, a obtenu 87 si\u00e8ges, l\u2019Inkatha et ses 3,5\u200a% ne disposent que de 17 si\u00e8ges.<\/p>\n\n\n\n<p>C\u2019est dire si cet attelage dispose d\u2019une confortable majorit\u00e9 de 253 si\u00e8ges sur les 400 que compte l\u2018Assembl\u00e9e nationale. C\u2019est dire aussi si l\u2019entr\u00e9e de l\u2019Inkatha ne sert que le narratif des cadres de l\u2019ANC car, le troisi\u00e8me larron de ce futur gouvernement ne sera jamais capable de faire l\u2019appoint pour l\u2019une ou l\u2019autre formation \u00e0 la t\u00eate de l\u2019Afrique du Sud.<\/p>\n\n\n\n<h2 class=\"wp-block-heading\"><strong>Condamner \u00e0 s\u2019entendre<\/strong><\/h2>\n\n\n\n<p>Le pr\u00e9sident Cyril Ramaphosa devrait \u00eatre investi officiellement ce mercredi lors d\u2019une c\u00e9r\u00e9monie \u00e0 Pretoria, va donc \u00eatre contraint de s\u2019entendre avec son partenaire du DA dont le pr\u00e9sident John Steenhuisen a d\u00e9j\u00e0 averti\u200a: \u201c<em>l\u2019Afrique du Sud a le taux de ch\u00f4mage le plus \u00e9lev\u00e9 au monde, l\u2019un des taux de criminalit\u00e9 les plus \u00e9lev\u00e9s au monde, les circuits logistiques et les infrastructures sont dans un \u00e9tat de d\u00e9clin avanc\u00e9 et la corruption est end\u00e9mique\u200a: aucun d\u2019entre nous ne doit s\u2019attendre \u00e0 ce que ces probl\u00e8mes soient r\u00e9solus du jour au lendemain\u201d<\/em><\/p>\n\n\n\n<blockquote class=\"wp-block-quote is-layout-flow wp-block-quote-is-layout-flow\">\n<p><a href=\"https:\/\/afrique.lalibre.be\/78966\/afrique-du-sud-elections-generales-de-tous-les-dangers-pour-lanc\/\">Afrique du Sud : \u00c9lections g\u00e9n\u00e9rales de tous les dangers pour l\u2019ANC<\/a><\/p>\n<\/blockquote>\n\n\n\n<p>Les membres du prochain ex\u00e9cutif ont annonc\u00e9 la signature d\u2019un accord qui insiste sur le respect de la constitution sud-africaine et pr\u00e9voit une s\u00e9rie de points pour tendre vers le retour de la croissance qui doit \u00eatre \u201crapide, inclusive et durable\u201d. Le texte pr\u00e9voit aussi, selon une source de l\u2019ANC, le maintien d\u2019un \u201cfilet de s\u00e9curit\u00e9 sociale\u201d, point essentiel pour l\u2019ANC, alors que DA est favorable aux r\u00e9formes lib\u00e9rales. Les deux camps ont donc mis de l\u2019eau dans leur vin pour parvenir \u00e0 un accord, une nouvelle gymnastique pour le pr\u00e9sident Ramaphosa qui va devoir compter sur l\u2019opposition farouche de l\u2019ancien pr\u00e9sident Zuma, son ennemi politique personnel, mais aussi sur la col\u00e8re de nombre des membres de son qui pointent sa responsabilit\u00e9 dans l\u2019\u00e9chec de la campagne et dans la perte de 71 si\u00e8ges.<\/p>\n\n\n\n<p>Les premi\u00e8res d\u00e9cisions de ce nouvel ex\u00e9cutif sont aussi attendues avec impatience en RDCongo o\u00f9 les troupes sud-africaines sont les principaux combattants face aux troupes du M23. L\u2019AD s\u2019\u00e9tait montr\u00e9e hostile \u00e0 ce d\u00e9ploiement, tandis que de nombreux membres de l\u2019ANC d\u00e9non\u00e7aient cet envoi comme une d\u00e9cision personnelle de Ramaphosa. Affaibli, le pr\u00e9sident sera sous pression sur cette question. S\u2019il devait revoir ce d\u00e9ploiement, le sc\u00e9nario de la guerre dans l\u2019est du Congo pourrait \u00eatre tr\u00e8s diff\u00e9rent.<\/p>\n<div style=\"text-align:center\" class=\"wps-pgfw-pdf-generate-icon__wrapper-frontend\">\n\t\t<a href=\"https:\/\/congokin.blog?action=genpdf&amp;id=13527\" class=\"pgfw-single-pdf-download-button\" ><img src=\"https:\/\/congokin.blog\/wp-content\/plugins\/pdf-generator-for-wp\/admin\/src\/images\/PDF_Tray.svg\" title=\"G\u00e9n\u00e9rer un PDF\" style=\"width:auto; height:45px;\"><\/a>\n\t\t<\/div>","protected":false},"excerpt":{"rendered":"<p>Afrique du Sud : Le gouvernement d\u2019union nationale sur les rails Le chef de l\u2019ANC, Cyril Ramaphosa, rempile sous surveillance. Cyril Ramaphosa, 71 ans, le patron de l\u2019African National Congress (ANC), a \u00e9t\u00e9 r\u00e9\u00e9lu vendredi 14 juin \u00e0 la pr\u00e9sidence de l\u2019Afrique du Sud. Il a obtenu 283 voix, loin devant l\u2019autre candidat Julius Malema, [&hellip;]<\/p>\n","protected":false},"author":8,"featured_media":0,"comment_status":"open","ping_status":"closed","sticky":false,"template":"","format":"standard","meta":{"footnotes":""},"categories":[2,3],"tags":[],"class_list":["post-13527","post","type-post","status-publish","format-standard","hentry","category-analyse","category-diplomatie"],"_links":{"self":[{"href":"https:\/\/congokin.blog\/index.php?rest_route=\/wp\/v2\/posts\/13527","targetHints":{"allow":["GET"]}}],"collection":[{"href":"https:\/\/congokin.blog\/index.php?rest_route=\/wp\/v2\/posts"}],"about":[{"href":"https:\/\/congokin.blog\/index.php?rest_route=\/wp\/v2\/types\/post"}],"author":[{"embeddable":true,"href":"https:\/\/congokin.blog\/index.php?rest_route=\/wp\/v2\/users\/8"}],"replies":[{"embeddable":true,"href":"https:\/\/congokin.blog\/index.php?rest_route=%2Fwp%2Fv2%2Fcomments&post=13527"}],"version-history":[{"count":1,"href":"https:\/\/congokin.blog\/index.php?rest_route=\/wp\/v2\/posts\/13527\/revisions"}],"predecessor-version":[{"id":13528,"href":"https:\/\/congokin.blog\/index.php?rest_route=\/wp\/v2\/posts\/13527\/revisions\/13528"}],"wp:attachment":[{"href":"https:\/\/congokin.blog\/index.php?rest_route=%2Fwp%2Fv2%2Fmedia&parent=13527"}],"wp:term":[{"taxonomy":"category","embeddable":true,"href":"https:\/\/congokin.blog\/index.php?rest_route=%2Fwp%2Fv2%2Fcategories&post=13527"},{"taxonomy":"post_tag","embeddable":true,"href":"https:\/\/congokin.blog\/index.php?rest_route=%2Fwp%2Fv2%2Ftags&post=13527"}],"curies":[{"name":"wp","href":"https:\/\/api.w.org\/{rel}","templated":true}]}}