{"id":13531,"date":"2024-06-18T19:33:34","date_gmt":"2024-06-18T19:33:34","guid":{"rendered":"https:\/\/congokin.blog\/?p=13531"},"modified":"2024-06-18T19:33:35","modified_gmt":"2024-06-18T19:33:35","slug":"parrainage-de-milices-et-trafic-dor-les-bonnes-affaires-de-louganda-dans-lest-de-la-rdc","status":"publish","type":"post","link":"https:\/\/congokin.blog\/?p=13531","title":{"rendered":"Parrainage de milices et trafic d\u2019or\u00a0: les bonnes affaires de l\u2019Ouganda dans l\u2019est de la RDC<gwmw style=\"display:none;\"><\/gwmw>"},"content":{"rendered":"\n<p><\/p>\n\n\n\n<h1 class=\"wp-block-heading\">Parrainage de milices et trafic d\u2019or\u00a0: les bonnes affaires de l\u2019Ouganda dans l\u2019est de la RDC<gwmw style=\"display:none;\"><\/gwmw><\/h1>\n\n\n\n<p>La province de l\u2019Ituri, riche en or, est en proie \u00e0 un regain de violences intercommunautaires depuis 2017. Kampala est accus\u00e9 de profiter de l\u2019instabilit\u00e9 pour s\u00e9curiser ses int\u00e9r\u00eats \u00e9conomiques.<\/p>\n\n\n\n<p id=\"js-authors-trigger\">Par&nbsp;<a href=\"\/signataires\/coralie-pierret\/\">Coralie Pierret<\/a>&nbsp;(Bukavu, RDC, correspondance) Publi\u00e9 aujourd\u2019hui \u00e0 17h30<\/p>\n\n\n\n<p>Temps de Lecture 4 min.<\/p>\n\n\n\n<ul class=\"wp-block-list\"><\/ul>\n\n\n\n<figure class=\"wp-block-image is-style-zoooom\"><img decoding=\"async\" src=\"https:\/\/img.lemde.fr\/2024\/06\/14\/0\/0\/5976\/3984\/664\/0\/75\/0\/8bdfa8a_1718382824624-003-2024-05-23-pb-or-ouganda-ituri-rdc.jpg\" alt=\"Des manutentionnaires d\u00e9chargent des marchandises venues de l\u2019Ouganda au port de Kasenyi, dans la province de l\u2019Ituri (R\u00e9publique d\u00e9mocratique du Congo), le 23\u00a0mai\u00a02024. \"\/><figcaption class=\"wp-element-caption\">Des manutentionnaires d\u00e9chargent des marchandises venues de l\u2019Ouganda au port de Kasenyi, dans la province de l\u2019Ituri (R\u00e9publique d\u00e9mocratique du Congo), le 23&nbsp;mai&nbsp;2024. PHIL\u00e9MON BARBIER \/ HORS FORMAT<\/figcaption><\/figure>\n\n\n\n<p>C\u2019est l\u2019arm\u00e9e ougandaise, et non une cellule de prison, que Nicolas (le pr\u00e9nom a \u00e9t\u00e9 chang\u00e9) esp\u00e9rait int\u00e9grer quand il a quitt\u00e9, il y a deux ans, son village de Boga, en Ituri, dans l\u2019est de la <a href=\"https:\/\/www.lemonde.fr\/congo-rdc\/\">R\u00e9publique d\u00e9mocratique du Congo (RDC)<\/a>. Ag\u00e9 de 22&nbsp;ans \u00e0 l\u2019\u00e9poque, le Congolais voulait combattre les Forces d\u00e9mocratiques alli\u00e9es (ADF), une r\u00e9bellion d\u2019origine ougandaise ralli\u00e9e au groupe Etat islamique, coupable du meurtre de l\u2019un de ses proches et responsable de massacres \u00e0 r\u00e9p\u00e9tition dans sa province et dans celle voisine du Nord-Kivu, d\u00e9chir\u00e9e par des d\u00e9cennies de violences.<\/p>\n\n\n\n<p><em>\u00ab&nbsp;Le recruteur m\u2019a assur\u00e9 que je serais encadr\u00e9 par les forces arm\u00e9es ougandaises <\/em>[Uganda People\u2019s Defense Forces, UPDF].<em> Il m\u2019a tromp\u00e9&nbsp;\u00bb<\/em>, confie Nicolas, rencontr\u00e9 dans la cour d\u2019une prison militaire de Bunia, le chef-lieu de la province. <em>\u00ab&nbsp;Nous avons bien \u00e9t\u00e9 amen\u00e9s jusqu\u2019\u00e0 Kisoro en Ouganda, mais c\u2019\u00e9tait pour nous distraire. Ce n\u2019est pas l\u00e0-bas que nous avons re\u00e7u notre formation&nbsp;\u00bb<\/em>, poursuit-il.<\/p>\n\n\n\n<p>Lire aussi : <a href=\"https:\/\/www.lemonde.fr\/afrique\/article\/2023\/05\/23\/rdc-en-ituri-la-guerre-interminable-des-milices-communautaires_6174546_3212.html\">RDC&nbsp;: en Ituri, la guerre interminable des milices communautaires<\/a> Ajouter \u00e0 vos s\u00e9lections<\/p>\n\n\n\n<p>Aux c\u00f4t\u00e9s de trente-neuf autres civils, le jeune Congolais raconte avoir roul\u00e9, <em>\u00ab&nbsp;toujours de nuit&nbsp;\u00bb<\/em>, jusqu\u2019au Rwanda, o\u00f9 il assure avoir \u00e9t\u00e9 entra\u00een\u00e9 pendant plusieurs mois par des hommes du Mouvement du 23&nbsp;mars (M23). Ces insurg\u00e9s, qui contr\u00f4lent une partie du Nord-Kivu, sont appuy\u00e9s par le Rwanda, et plus discr\u00e8tement par l\u2019Ouganda.<\/p>\n\n\n\n<p>Kampala, qui op\u00e8re officiellement en RDC depuis la fin de l\u2019ann\u00e9e 2021, dans le cadre de l\u2019op\u00e9ration Shujaa, pour lutter contre les ADF aux c\u00f4t\u00e9s des militaires congolais, entretient aussi des liens \u00e9troits avec certaines milices pour s\u00e9curiser ses int\u00e9r\u00eats dans la r\u00e9gion.&nbsp;Profitant des guerres sans fin qui d\u00e9chirent, depuis 30&nbsp;ans, l\u2019Est congolais, le pays a capt\u00e9 une partie des immenses richesses mini\u00e8res de l\u2019Ituri. Et entend bien garder la main.<\/p>\n\n\n\n<h2 class=\"wp-block-heading\">Conflit aliment\u00e9 par le contr\u00f4le de minerais<\/h2>\n\n\n\n<p>Nicolas a \u00e9t\u00e9 l\u2019un des rouages de cette machine. <em>\u00ab&nbsp;J\u2019\u00e9tais cens\u00e9 devenir un formateur pour d\u2019autres miliciens&nbsp;\u00bb<\/em>, explique-t-il. Comme ses cod\u00e9tenus, il assure s\u2019\u00eatre \u00ab&nbsp;<em>rendu&nbsp;\u00bb <\/em>aux autorit\u00e9s congolaises apr\u00e8s avoir compris les <em>\u00ab&nbsp;vrais objectifs&nbsp;\u00bb<\/em> de ses recruteurs&nbsp;: le faire entrer dans les rangs de milices d\u2019autod\u00e9fense hema, l\u2019une des principales ethnies de l\u2019Ituri, en conflit avec une autre communaut\u00e9, celle des Lendu.<\/p>\n\n\n\n<p>Les deux groupes \u2013 dont les antagonismes remontent \u00e0 la colonisation, p\u00e9riode au cours de laquelle les autorit\u00e9s belges ont favoris\u00e9 les Hema au d\u00e9triment des Lendu \u2013 s\u2019accusent de vouloir s\u2019exterminer l\u2019un l\u2019autre par milices interpos\u00e9es&nbsp;: les Lendu avec la Coop\u00e9rative pour le d\u00e9veloppement du Congo (Codeco)&nbsp;; les Hema avec la&nbsp;Za\u00efre. Toutes deux&nbsp;cr\u00e9\u00e9es apr\u00e8s la r\u00e9surgence des violences intercommunautaires en&nbsp;2017.<\/p>\n\n\n\n<p>Lire aussi : <a href=\"https:\/\/www.lemonde.fr\/afrique\/article\/2023\/05\/22\/rdc-en-ituri-deux-villages-deux-communautes-et-la-guerre_6174375_3212.html\">RDC&nbsp;: en Ituri, deux villages, deux communaut\u00e9s et la guerre<\/a> Ajouter \u00e0 vos s\u00e9lections<\/p>\n\n\n\n<p>Les liens entre la Za\u00efre et le M23 ont \u00e9t\u00e9 document\u00e9s par les experts des Nations unies, tout comme leur proximit\u00e9 avec Kampala. La Za\u00efre a envoy\u00e9 <em>\u00ab&nbsp;des centaines de combattants en formation en Ouganda depuis 2022&nbsp;\u00bb <\/em>et ont <em>\u00ab&nbsp;re\u00e7u des armes&nbsp;\u00bb<\/em> en provenance du m\u00eame pays, via des r\u00e9seaux de contrebande, indiquent-ils dans un rapport de d\u00e9cembre&nbsp;2023. Kampala n\u2019en est pas \u00e0 son coup d\u2019essai&nbsp;: l\u2019Ouganda avait d\u00e9j\u00e0 soutenu des groupes arm\u00e9s dans l\u2019est de la RDC pendant la seconde guerre du Congo de 1998 \u00e0 2003.<\/p>\n\n\n\n<p>Ce conflit complexe, aliment\u00e9 par le contr\u00f4le de minerais \u2013 principalement l\u2019or \u2013, a impliqu\u00e9 neuf pays africains et une trentaine de milices locales, dont le Rassemblement congolais pour la d\u00e9mocratie (RCD), soutenu par Kigali, et le Mouvement de lib\u00e9ration du Congo (MLC), appuy\u00e9 par Kampala. L\u2019Ouganda a d\u2019ailleurs \u00e9t\u00e9 condamn\u00e9 par l\u2019ONU en&nbsp;2005 pour violations du principe de non-ing\u00e9rence et du droit humanitaire lors de l\u2019invasion et l\u2019occupation de l\u2019Ituri.<\/p>\n\n\n\n<h2 class=\"wp-block-heading\">\u00ab&nbsp;Exploitant d\u2019or&nbsp;\u00bb<\/h2>\n\n\n\n<p>Aujourd\u2019hui, l\u2019h\u00e9ritage de ce conflit perdure.&nbsp;Certains leaders de la milice Za\u00efre sont d\u2019anciens membres de l\u2019Union des patriotes congolais (UPC), un groupe arm\u00e9 hema, puissant au d\u00e9but des ann\u00e9es 2000. Son fondateur, Thomas Lubanga, est de retour \u00e0 Bunia depuis quelques mois et a tent\u00e9 de se pr\u00e9senter aux \u00e9lections l\u00e9gislatives en&nbsp;2023. Tout comme son ancien alli\u00e9 de l\u2019UPC, rest\u00e9 proche de l\u2019Ouganda, Yves Kawa Panga Mandro, connu sous le nom de <em>\u00ab&nbsp;chef Kawa&nbsp;\u00bb<\/em>, qui a jou\u00e9, selon l\u2019ONU, <em>\u00ab&nbsp;un r\u00f4le essentiel dans l\u2019essor et la r\u00e9organisation du groupe Za\u00efre&nbsp;\u00bb<\/em>.<\/p>\n\n\n\n<p>Mais la candidature de ces anciens seigneurs de guerre a \u00e9t\u00e9 invalid\u00e9e par la Cour constitutionnelle \u00e0 cause de leur condamnation par la Cour p\u00e9nale internationale (CPI) et par la justice congolaise&nbsp;pour crimes de guerre.<\/p>\n\n\n\n<p>Lire aussi : <a href=\"https:\/\/www.lemonde.fr\/afrique\/article\/2023\/04\/12\/rdc-comment-ramener-la-paix-dans-l-est-du-pays_6169245_3212.html\">RDC&nbsp;: comment ramener la paix dans l\u2019est du pays&nbsp;?<\/a> Ajouter \u00e0 vos s\u00e9lections<\/p>\n\n\n\n<p>Quand la seconde guerre du Congo a \u00e9clat\u00e9, Laro Adrico&nbsp;\u00e9tait encore enfant. Aujourd\u2019hui, le trentenaire au regard s\u00e9v\u00e8re et \u00e0 la voix rauque est devenu l\u2019un des leaders de la jeunesse d\u2019Iga Barri\u00e8re, une localit\u00e9 de l\u2019Ituri, autrement dit un commandant local de la Za\u00efre. <em>\u00ab&nbsp;Au repos&nbsp;\u00bb<\/em>, pr\u00e9cise-t-il en exhibant une blessure au bras. Il est surtout <em>\u00ab&nbsp;exploitant d\u2019or&nbsp;\u00bb<\/em>. Le pr\u00e9cieux m\u00e9tal joue toujours un r\u00f4le central de financement pour les groupes arm\u00e9s de l\u2019Ituri et b\u00e9n\u00e9ficie encore, et de plus en plus, aux voisins ougandais, qui n\u2019ont jamais renonc\u00e9 \u00e0 exploiter les richesses mini\u00e8res de RDC.<\/p>\n\n\n\n<p>Suivez-nous sur WhatsApp <a href=\"https:\/\/www.whatsapp.com\/channel\/0029VaDz2VzEVccLxVQSVS3x\" target=\"_blank\" rel=\"noreferrer noopener\">Restez inform\u00e9s Recevez l\u2019essentiel de l\u2019actualit\u00e9 africaine sur WhatsApp avec la cha\u00eene du \u00ab&nbsp;Monde Afrique&nbsp;\u00bb Rejoindre<\/a><\/p>\n\n\n\n<p>La quasi-totalit\u00e9 du produit traverse la fronti\u00e8re ill\u00e9galement et le minerai congolais est ainsi devenu le premier produit d\u2019exportation en Ouganda, devant le caf\u00e9. Les recettes ont m\u00eame augment\u00e9 depuis la reprise des violences en RDC, passant de 413&nbsp;millions de dollars en&nbsp;2017 \u00e0 2,3&nbsp;milliards en&nbsp;2023.<\/p>\n\n\n\n<h2 class=\"wp-block-heading\">Le lac Albert, un passage de la contrebande<\/h2>\n\n\n\n<p>La localit\u00e9 de Tchomia, pos\u00e9e sur les rives du lac Albert qui s\u00e9pare les deux pays, est l\u2019un des points de passage de la contrebande. Des dizaines de voyageurs empruntent chaque jour des navettes pour la travers\u00e9e direction Kampala, l\u2019une des plaques tournantes de l\u2019or en Afrique centrale. <em>\u00ab&nbsp;1&nbsp;kilogramme, c\u2019est extr\u00eamement facile \u00e0 cacher et on ne peut pas contr\u00f4ler tout le monde&nbsp;\u00bb<\/em>, justifie un fonctionnaire local qui a souhait\u00e9 rester anonyme.<\/p>\n\n\n\n<p>A quelques m\u00e8tres, au port de marchandises, des manutentionnaires d\u00e9chargent d\u2019\u00e9normes pirogues lourdes de plusieurs dizaines de tonnes. Toutes viennent d\u2019Ouganda charg\u00e9es de sucre, d\u2019huile ou d\u2019eau potable. Le pr\u00e9sident ougandais Yoweri Museveni a fait du commerce <em>\u00ab&nbsp;la pierre angulaire de sa strat\u00e9gie \u00e9conomique et politique&nbsp;: avec une population jeune qui augmente rapidement et une popularit\u00e9 d\u00e9clinante, la croissance \u00e9conomique est essentielle pour son gouvernement&nbsp;\u00bb<\/em>, pr\u00e9cise&nbsp;un rapport du&nbsp;Groupe d\u2019\u00e9tudes sur le Congo (GEC) et Ebuteli, deux instituts de recherche.<\/p>\n\n\n\n<p><em>\u00ab&nbsp;M\u00eame les pommes de terre sont import\u00e9es maintenant&nbsp;\u00bb<\/em>, d\u00e9plore Jacob Bimbona, le pr\u00e9sident des transporteurs du lac Albert, en s\u2019arr\u00eatant devant une embarcation. L\u2019Ituri, r\u00e9put\u00e9e pour ses terres arables, a longtemps cultiv\u00e9 ses propres produits mara\u00eechers. Mais l\u2019ins\u00e9curit\u00e9, attis\u00e9e par la politique de l\u2019Ouganda face \u00e0 des autorit\u00e9s congolaises toujours incapables de l\u2019endiguer, est d\u00e9sormais devenue permanente.<\/p>\n\n\n\n<p><a href=\"\/signataires\/coralie-pierret\/\">Coralie Pierret\u00a0(Bukavu, RDC, correspondance)<\/a><gwmw style=\"display:none;\"><\/gwmw><\/p>\n\n\n\n<p><gwmw style=\"display:none;\"><\/gwmw><\/p>\n<div style=\"text-align:center\" class=\"wps-pgfw-pdf-generate-icon__wrapper-frontend\">\n\t\t<a href=\"https:\/\/congokin.blog?action=genpdf&amp;id=13531\" class=\"pgfw-single-pdf-download-button\" ><img src=\"https:\/\/congokin.blog\/wp-content\/plugins\/pdf-generator-for-wp\/admin\/src\/images\/PDF_Tray.svg\" title=\"G\u00e9n\u00e9rer un PDF\" style=\"width:auto; height:45px;\"><\/a>\n\t\t<\/div>","protected":false},"excerpt":{"rendered":"<p>Parrainage de milices et trafic d\u2019or\u00a0: les bonnes affaires de l\u2019Ouganda dans l\u2019est de la RDC La province de l\u2019Ituri, riche en or, est en proie \u00e0 un regain de violences intercommunautaires depuis 2017. Kampala est accus\u00e9 de profiter de l\u2019instabilit\u00e9 pour s\u00e9curiser ses int\u00e9r\u00eats \u00e9conomiques. Par&nbsp;Coralie Pierret&nbsp;(Bukavu, RDC, correspondance) Publi\u00e9 aujourd\u2019hui \u00e0 17h30 Temps [&hellip;]<\/p>\n","protected":false},"author":8,"featured_media":0,"comment_status":"open","ping_status":"closed","sticky":false,"template":"","format":"standard","meta":{"footnotes":""},"categories":[2,3,6],"tags":[],"class_list":["post-13531","post","type-post","status-publish","format-standard","hentry","category-analyse","category-diplomatie","category-justice"],"_links":{"self":[{"href":"https:\/\/congokin.blog\/index.php?rest_route=\/wp\/v2\/posts\/13531","targetHints":{"allow":["GET"]}}],"collection":[{"href":"https:\/\/congokin.blog\/index.php?rest_route=\/wp\/v2\/posts"}],"about":[{"href":"https:\/\/congokin.blog\/index.php?rest_route=\/wp\/v2\/types\/post"}],"author":[{"embeddable":true,"href":"https:\/\/congokin.blog\/index.php?rest_route=\/wp\/v2\/users\/8"}],"replies":[{"embeddable":true,"href":"https:\/\/congokin.blog\/index.php?rest_route=%2Fwp%2Fv2%2Fcomments&post=13531"}],"version-history":[{"count":1,"href":"https:\/\/congokin.blog\/index.php?rest_route=\/wp\/v2\/posts\/13531\/revisions"}],"predecessor-version":[{"id":13532,"href":"https:\/\/congokin.blog\/index.php?rest_route=\/wp\/v2\/posts\/13531\/revisions\/13532"}],"wp:attachment":[{"href":"https:\/\/congokin.blog\/index.php?rest_route=%2Fwp%2Fv2%2Fmedia&parent=13531"}],"wp:term":[{"taxonomy":"category","embeddable":true,"href":"https:\/\/congokin.blog\/index.php?rest_route=%2Fwp%2Fv2%2Fcategories&post=13531"},{"taxonomy":"post_tag","embeddable":true,"href":"https:\/\/congokin.blog\/index.php?rest_route=%2Fwp%2Fv2%2Ftags&post=13531"}],"curies":[{"name":"wp","href":"https:\/\/api.w.org\/{rel}","templated":true}]}}