{"id":13546,"date":"2024-06-29T08:41:33","date_gmt":"2024-06-29T08:41:33","guid":{"rendered":"https:\/\/congokin.blog\/?p=13546"},"modified":"2024-06-30T17:59:08","modified_gmt":"2024-06-30T17:59:08","slug":"global-lumumba","status":"publish","type":"post","link":"https:\/\/congokin.blog\/?p=13546","title":{"rendered":"Global Lumumba"},"content":{"rendered":"\n<p class=\"has-vivid-red-color has-text-color has-link-color has-large-font-size wp-elements-3656793bf7a6442a637f7f86f0f18bba\"><strong>Global Lumumba<\/strong><\/p>\n\n\n\n<p class=\"has-luminous-vivid-amber-background-color has-background\">A la veille de l&rsquo;anniversaire du 30 juin 1960, la Revue d\u2019histoire contemporaine de l\u2019Afrique (RFI) consacre son 5e num\u00e9ro \u00e0 Patrice Emery Lumumba \u00ab\u00a0afin de comprendre les m\u00e9canismes de construction d\u2019une figure politique africaine mondialement connue,  comm\u00e9mor\u00e9 de Paris \u00e0 Kinshasa en passant par P\u00e9kin ou Accra\u00a0\u00bb<\/p>\n\n\n\n<p class=\"has-luminous-vivid-amber-background-color has-background\">. \u00ab\u00a0Lumumba est un ph\u00e9nom\u00e8ne\u00a0\u00bb \u00e9crivent les deux invit\u00e9es de Val\u00e9rie Nivelon dans l&rsquo;\u00e9mission <em>La Marche du Monde<\/em>, les historiennes \u00c9lisabeth Dikizeko et Karine Ramondy, \u00a0un ph\u00e9nom\u00e8ne global, imprim\u00e9 dans les m\u00e9moires politiques, populaires et culturelles, transmises \u00e0 ses h\u00e9ritiers lumumbistes, artistes et militants dans le monde entier.\u00a0<gwmw style=\"display:none;\"><\/gwmw><\/p>\n\n\n\n<p class=\"has-pale-cyan-blue-background-color has-background\">Nous profitons de l\u2019occasion pour mettre en garde le lecteur contre le r\u00e9visionnisme en affirmant que Patrice Lumumba \u00e9tait une grande figure du panafricanisme.<\/p>\n\n\n\n<p class=\"has-pale-cyan-blue-background-color has-background\">\u00a0Il faut noter que <strong>le concept \u00ab\u00a0panafricanisme<\/strong>\u00a0\u00bb [\u00a0expression de la solidarit\u00e9 entre les peuples africains et d\u2019origine africaine et en tant que volont\u00e9 d\u2019assurer la libert\u00e9 du continent africain et son d\u00e9veloppement \u00e0 l\u2019\u00e9gal des autres parties du monde\u00a0] \u00a0<strong>est diff\u00e9rent<\/strong> <strong>de celui \u00ab\u00a0d\u2019africanisme\u00a0\u00bb<\/strong> [ \u00ab l\u2019ensemble des sciences humaines (anthropologie, arch\u00e9ologie, linguistiques, ethnosciences, etc.) appliqu\u00e9es \u00e0 l\u2019\u00e9tude de l\u2019Afrique (selon le Larousse)]. Sans vouloir alimenter une pol\u00e9mique st\u00e9rile, nous soulignons donc que <strong>Patrice Lumumba n&rsquo;\u00e9tait pas un africaniste, mais un panafricaniste.<\/strong><gwmw style=\"display:none;\"><\/gwmw><\/p>\n\n\n\n<p class=\"has-pale-cyan-blue-background-color has-background\">Le discours prononc\u00e9 par Patrice Lumumba le 25 aout 1960 (\u00e0 l\u2019ouverture de la conf\u00e9rence panafricaine de L\u00e9opoldville) avait \u00e9t\u00e9 retenu parmi les meilleurs discours panafricanistes du XXe si\u00e8cle par un jury \u00a0compos\u00e9 de plus d\u2019un demi-millier d\u2019intellectuels ( hommes et femmes de culture ), d\u2019Afrique et de sa diaspora dont le rapport fut consign\u00e9 dans un livre de l\u2019UA (qui restitue les grands moments du mouvement panafricaniste, depuis la Conf\u00e9rence panafricaine de Londres en 1900, jusqu\u2019\u00e0 la constitution de l\u2019Union africaine \u00a0en 2002.<gwmw style=\"display:none;\"><\/gwmw><\/p>\n\n\n\n<figure class=\"wp-block-embed is-type-video is-provider-youtube wp-block-embed-youtube wp-embed-aspect-16-9 wp-has-aspect-ratio\"><div class=\"wp-block-embed__wrapper\">\n<iframe loading=\"lazy\" title=\"Global Lumumba \u2022 RFI\" width=\"640\" height=\"360\" src=\"https:\/\/www.youtube.com\/embed\/AyK9Dr31XZA?feature=oembed\" frameborder=\"0\" allow=\"accelerometer; autoplay; clipboard-write; encrypted-media; gyroscope; picture-in-picture; web-share\" referrerpolicy=\"strict-origin-when-cross-origin\" allowfullscreen><\/iframe>\n<\/div><\/figure>\n<div style=\"text-align:center\" class=\"wps-pgfw-pdf-generate-icon__wrapper-frontend\">\n\t\t<a href=\"https:\/\/congokin.blog?action=genpdf&amp;id=13546\" class=\"pgfw-single-pdf-download-button\" ><img src=\"https:\/\/congokin.blog\/wp-content\/plugins\/pdf-generator-for-wp\/admin\/src\/images\/PDF_Tray.svg\" title=\"G\u00e9n\u00e9rer un PDF\" style=\"width:auto; height:45px;\"><\/a>\n\t\t<\/div>","protected":false},"excerpt":{"rendered":"<p>Global Lumumba A la veille de l&rsquo;anniversaire du 30 juin 1960, la Revue d\u2019histoire contemporaine de l\u2019Afrique (RFI) consacre son 5e num\u00e9ro \u00e0 Patrice Emery Lumumba \u00ab\u00a0afin de comprendre les m\u00e9canismes de construction d\u2019une figure politique africaine mondialement connue, comm\u00e9mor\u00e9 de Paris \u00e0 Kinshasa en passant par P\u00e9kin ou Accra\u00a0\u00bb . \u00ab\u00a0Lumumba est un ph\u00e9nom\u00e8ne\u00a0\u00bb [&hellip;]<\/p>\n","protected":false},"author":8,"featured_media":0,"comment_status":"open","ping_status":"closed","sticky":false,"template":"","format":"standard","meta":{"footnotes":""},"categories":[14,8],"tags":[],"class_list":["post-13546","post","type-post","status-publish","format-standard","hentry","category-histoire-de-la-rdc","category-societe"],"_links":{"self":[{"href":"https:\/\/congokin.blog\/index.php?rest_route=\/wp\/v2\/posts\/13546","targetHints":{"allow":["GET"]}}],"collection":[{"href":"https:\/\/congokin.blog\/index.php?rest_route=\/wp\/v2\/posts"}],"about":[{"href":"https:\/\/congokin.blog\/index.php?rest_route=\/wp\/v2\/types\/post"}],"author":[{"embeddable":true,"href":"https:\/\/congokin.blog\/index.php?rest_route=\/wp\/v2\/users\/8"}],"replies":[{"embeddable":true,"href":"https:\/\/congokin.blog\/index.php?rest_route=%2Fwp%2Fv2%2Fcomments&post=13546"}],"version-history":[{"count":2,"href":"https:\/\/congokin.blog\/index.php?rest_route=\/wp\/v2\/posts\/13546\/revisions"}],"predecessor-version":[{"id":13552,"href":"https:\/\/congokin.blog\/index.php?rest_route=\/wp\/v2\/posts\/13546\/revisions\/13552"}],"wp:attachment":[{"href":"https:\/\/congokin.blog\/index.php?rest_route=%2Fwp%2Fv2%2Fmedia&parent=13546"}],"wp:term":[{"taxonomy":"category","embeddable":true,"href":"https:\/\/congokin.blog\/index.php?rest_route=%2Fwp%2Fv2%2Fcategories&post=13546"},{"taxonomy":"post_tag","embeddable":true,"href":"https:\/\/congokin.blog\/index.php?rest_route=%2Fwp%2Fv2%2Ftags&post=13546"}],"curies":[{"name":"wp","href":"https:\/\/api.w.org\/{rel}","templated":true}]}}