{"id":13554,"date":"2024-07-08T00:15:49","date_gmt":"2024-07-08T00:15:49","guid":{"rendered":"https:\/\/congokin.blog\/?p=13554"},"modified":"2024-07-08T00:15:50","modified_gmt":"2024-07-08T00:15:50","slug":"rdc-22-militaires-passibles-de-la-peine-de-mort-pour-fuite-devant-lennemi","status":"publish","type":"post","link":"https:\/\/congokin.blog\/?p=13554","title":{"rendered":"RDC : 22 militaires passibles de la peine de mort pour \u00ab\u00a0fuite devant l\u2019ennemi\u00a0\u00bb<gwmw style=\"display:none;\"><\/gwmw>"},"content":{"rendered":"\n<h1 class=\"wp-block-heading\">RDC : 22 militaires passibles de la peine de mort pour \u00ab&nbsp;fuite devant l\u2019ennemi&nbsp;\u00bb<\/h1>\n\n\n\n<p>Accus\u00e9s notamment de \u00ab&nbsp;gaspiller les munitions&nbsp;\u00bb pour s\u2019enfuir \u00ab&nbsp;au lieu de d\u00e9fendre la nation&nbsp;\u00bb, 22 militaires congolais risquent la peine capitale. Le verdict sera rendu lundi 8 juillet, soit quelques jours apr\u00e8s la condamnation \u00e0 mort de 27 autres militaires des FARDC pour le m\u00eame motif.<\/p>\n\n\n\n<figure class=\"wp-block-image is-style-zoooom\"><img decoding=\"async\" src=\"https:\/\/prod.cdn-medias.jeuneafrique.com\/cdn-cgi\/image\/q=auto,f=auto,metadata=none,width=1215,fit=cover,gravity=0.5799x0.6333\/https:\/\/prod.cdn-medias.jeuneafrique.com\/medias\/2024\/07\/07\/afp__20240531__34ue89q__v1__preview__drcongounrestconflict.jpg\" alt=\"Des soldats des FARDC creusent des tranch\u00e9es sur une position militaire de premi\u00e8re ligne au-dessus de la ville de Kibirizi, contr\u00f4l\u00e9e par la r\u00e9bellion du M23, dans la province du Nord-Kivu, \u00e0 l\u2019est de la RDC, le 14 mai 2024. \u00a9 ALEXIS HUGUET \/ AFP\"\/><figcaption class=\"wp-element-caption\">Des soldats des FARDC creusent des tranch\u00e9es sur une position militaire de premi\u00e8re ligne au-dessus de la ville de Kibirizi, contr\u00f4l\u00e9e par la r\u00e9bellion du M23, dans la province du Nord-Kivu, \u00e0 l\u2019est de la RDC, le 14 mai 2024. \u00a9 ALEXIS HUGUET \/ AFP<\/figcaption><\/figure>\n\n\n\n<ul class=\"wp-block-list\">\n<li><a href=\"https:\/\/www.jeuneafrique.com\/auteurs\/jeune-afrique\/\">Jeune Afrique<\/a><\/li>\n<\/ul>\n\n\n\n<p>Publi\u00e9 le 7 juillet 2024Lecture : 2 minutes.<\/p>\n\n\n\n<ul class=\"wp-block-list\">\n<li><a href=\"https:\/\/facebook.com\/sharer\/sharer.php?u=https:\/\/www.jeuneafrique.com\/1585641\/politique\/rdc-22-militaires-passibles-de-la-peine-de-mort-pour-fuite-devant-lennemi\/\" target=\"_blank\" rel=\"noreferrer noopener\"><\/a><\/li>\n\n\n\n<li><a href=\"https:\/\/twitter.com\/intent\/tweet?url=https:\/\/www.jeuneafrique.com\/1585641\/politique\/rdc-22-militaires-passibles-de-la-peine-de-mort-pour-fuite-devant-lennemi\/\" target=\"_blank\" rel=\"noreferrer noopener\"><\/a><\/li>\n\n\n\n<li><a href=\"https:\/\/www.linkedin.com\/shareArticle?url=https:\/\/www.jeuneafrique.com\/1585641\/politique\/rdc-22-militaires-passibles-de-la-peine-de-mort-pour-fuite-devant-lennemi\/\" target=\"_blank\" rel=\"noreferrer noopener\"><\/a><\/li>\n\n\n\n<li><a href=\"https:\/\/wa.me\/?text=https:\/\/www.jeuneafrique.com\/1585641\/politique\/rdc-22-militaires-passibles-de-la-peine-de-mort-pour-fuite-devant-lennemi\/\" target=\"_blank\" rel=\"noreferrer noopener\"><\/a><\/li>\n<\/ul>\n\n\n\n<p>La peine de mort a \u00e9t\u00e9 requise samedi contre 22 militaires congolais poursuivis notamment pour \u00ab&nbsp;fuite devant l\u2019ennemi&nbsp;\u00bb sur le front des op\u00e9rations contre le&nbsp;<a href=\"https:\/\/www.jeuneafrique.com\/evenements\/m23\/\">M23<\/a>&nbsp;dans l\u2019est de la&nbsp;<a href=\"https:\/\/www.jeuneafrique.com\/pays\/rd-congo\/\">R\u00e9publique d\u00e9mocratique du Congo<\/a>.<\/p>\n\n\n\n<p>Les 22 militaires, dont trois capitaines, comparaissaient&nbsp;dans&nbsp;le cadre d\u2019un proc\u00e8s ouvert jeudi \u00e0 Lubero (est), en audience foraine publique du tribunal militaire de garnison de&nbsp;<a href=\"https:\/\/www.jeuneafrique.com\/1585189\/politique\/dans-lest-de-la-rdc-le-m23-souvre-une-voie-vers-butembo\/\">Butembo<\/a>, dans la province du Nord-Kivu.<\/p>\n\n\n\n<p>Ils sont poursuivis pour \u00ab&nbsp;l\u00e2chet\u00e9&nbsp;\u00bb, \u00ab&nbsp;fuite devant l\u2019ennemi&nbsp;\u00bb, \u00ab&nbsp;dissipation de munitions de guerre&nbsp;\u00bb, \u00ab&nbsp;violation des consignes&nbsp;\u00bb,&nbsp;meurtre,&nbsp;vol, pillages ou encore extorsion, selon l\u2019acte d\u2019accusation.<\/p>\n\n\n\n<p>Dans son r\u00e9quisitoire, la capitaine Kahambu Muhasa M\u00e9lissa, repr\u00e9sentante du minist\u00e8re public, a appel\u00e9 le tribunal militaire \u00e0 \u00ab&nbsp;les condamner \u00e0 la peine la plus lourde : la peine de mort&nbsp;\u00bb. Ces militaires \u00ab&nbsp;ont gaspill\u00e9&nbsp;les&nbsp;munitions pour se donner un couloir [et s\u2019enfuir] au lieu de d\u00e9fendre la nation&nbsp;\u00bb, a-t-elle insist\u00e9.<\/p>\n\n\n\n<h2 class=\"wp-block-heading\">\u00ab&nbsp;C\u2019est \u00e0 cause de la faim&nbsp;\u00bb<\/h2>\n\n\n\n<p>Appel\u00e9e \u00e0 plaider juste apr\u00e8s, la d\u00e9fense des militaires a vivement r\u00e9agi \u00e0 cette demande. \u00ab&nbsp;On laisse des militaires cinq jours&nbsp;sans&nbsp;manger sur la ligne de front, que vont-ils faire ?&nbsp;\u00bb s\u2019est interrog\u00e9 Jules Muvweko, avocat des 22 militaires. \u00ab&nbsp;C\u2019est le gouvernement qui doit prendre soin des militaires au front pour \u00e9viter tout ceci.&nbsp;\u00bb<\/p>\n\n\n\n<p>Pour l\u2019infraction de \u00ab&nbsp;fuite devant l\u2019ennemi, nous plaidons non&nbsp;coupable&nbsp;\u00bb,&nbsp;tandis que \u00ab&nbsp;pour les autres infractions, nous plaidons coupable avec admission des circonstances att\u00e9nuantes&nbsp;\u00bb, a d\u00e9clar\u00e9 Jules Muvweko. \u00ab&nbsp;C\u2019est \u00e0 cause de la faim qu\u2019il y a eu pillages [\u2026], voil\u00e0 pourquoi nous sollicitons les circonstances att\u00e9nuantes&nbsp;\u00bb, a&nbsp;insist\u00e9&nbsp;l\u2019avocat.<\/p>\n\n\n\n<p><a href=\"https:\/\/www.jeuneafrique.com\/1585189\/politique\/dans-lest-de-la-rdc-le-m23-souvre-une-voie-vers-butembo\/\"><\/a>A lire :<\/p>\n\n\n\n<p><a href=\"https:\/\/www.jeuneafrique.com\/1585189\/politique\/dans-lest-de-la-rdc-le-m23-souvre-une-voie-vers-butembo\/\">Dans l\u2019est de la RDC, le M23 s\u2019ouvre une voie vers Butembo<\/a><\/p>\n\n\n\n<p>Ces militaires font partie de plusieurs unit\u00e9s des Forces arm\u00e9es de la RDC (FARDC) engag\u00e9es sur les fronts des op\u00e9rations contre les rebelles du M23, sur l\u2019axe entre Kanyabayonga et Kaseghe, dans le territoire de Lubero.<\/p>\n\n\n\n<p>Le pr\u00e9sident du tribunal a d\u00e9cr\u00e9t\u00e9 la\u00a0fin\u00a0de d\u00e9bats et indiqu\u00e9 que le jugement serait rendu lundi.<gwmw style=\"display:none;\"><\/gwmw><\/p>\n<div style=\"text-align:center\" class=\"wps-pgfw-pdf-generate-icon__wrapper-frontend\">\n\t\t<a href=\"https:\/\/congokin.blog?action=genpdf&amp;id=13554\" class=\"pgfw-single-pdf-download-button\" ><img src=\"https:\/\/congokin.blog\/wp-content\/plugins\/pdf-generator-for-wp\/admin\/src\/images\/PDF_Tray.svg\" title=\"G\u00e9n\u00e9rer un PDF\" style=\"width:auto; height:45px;\"><\/a>\n\t\t<\/div>","protected":false},"excerpt":{"rendered":"<p>RDC : 22 militaires passibles de la peine de mort pour \u00ab&nbsp;fuite devant l\u2019ennemi&nbsp;\u00bb Accus\u00e9s notamment de \u00ab&nbsp;gaspiller les munitions&nbsp;\u00bb pour s\u2019enfuir \u00ab&nbsp;au lieu de d\u00e9fendre la nation&nbsp;\u00bb, 22 militaires congolais risquent la peine capitale. Le verdict sera rendu lundi 8 juillet, soit quelques jours apr\u00e8s la condamnation \u00e0 mort de 27 autres militaires des [&hellip;]<\/p>\n","protected":false},"author":8,"featured_media":0,"comment_status":"open","ping_status":"closed","sticky":false,"template":"","format":"standard","meta":{"footnotes":""},"categories":[6,8],"tags":[],"class_list":["post-13554","post","type-post","status-publish","format-standard","hentry","category-justice","category-societe"],"_links":{"self":[{"href":"https:\/\/congokin.blog\/index.php?rest_route=\/wp\/v2\/posts\/13554","targetHints":{"allow":["GET"]}}],"collection":[{"href":"https:\/\/congokin.blog\/index.php?rest_route=\/wp\/v2\/posts"}],"about":[{"href":"https:\/\/congokin.blog\/index.php?rest_route=\/wp\/v2\/types\/post"}],"author":[{"embeddable":true,"href":"https:\/\/congokin.blog\/index.php?rest_route=\/wp\/v2\/users\/8"}],"replies":[{"embeddable":true,"href":"https:\/\/congokin.blog\/index.php?rest_route=%2Fwp%2Fv2%2Fcomments&post=13554"}],"version-history":[{"count":1,"href":"https:\/\/congokin.blog\/index.php?rest_route=\/wp\/v2\/posts\/13554\/revisions"}],"predecessor-version":[{"id":13555,"href":"https:\/\/congokin.blog\/index.php?rest_route=\/wp\/v2\/posts\/13554\/revisions\/13555"}],"wp:attachment":[{"href":"https:\/\/congokin.blog\/index.php?rest_route=%2Fwp%2Fv2%2Fmedia&parent=13554"}],"wp:term":[{"taxonomy":"category","embeddable":true,"href":"https:\/\/congokin.blog\/index.php?rest_route=%2Fwp%2Fv2%2Fcategories&post=13554"},{"taxonomy":"post_tag","embeddable":true,"href":"https:\/\/congokin.blog\/index.php?rest_route=%2Fwp%2Fv2%2Ftags&post=13554"}],"curies":[{"name":"wp","href":"https:\/\/api.w.org\/{rel}","templated":true}]}}