{"id":13556,"date":"2024-07-09T01:21:50","date_gmt":"2024-07-09T01:21:50","guid":{"rendered":"https:\/\/congokin.blog\/?p=13556"},"modified":"2024-07-09T01:21:51","modified_gmt":"2024-07-09T01:21:51","slug":"felix-tshisekedi-peut-il-faire-confiance-a-yoweri-museveni","status":"publish","type":"post","link":"https:\/\/congokin.blog\/?p=13556","title":{"rendered":"F\u00e9lix Tshisekedi peut-il faire confiance \u00e0 Yoweri Museveni\u00a0?<gwmw style=\"display:none;\"><\/gwmw>"},"content":{"rendered":"\n<h1 class=\"wp-block-heading\">F\u00e9lix Tshisekedi peut-il faire confiance \u00e0 Yoweri Museveni&nbsp;?<\/h1>\n\n\n\n<p>D\u00e9j\u00e0 en conflit ouvert avec le Rwanda, la RDC est r\u00e9ticente \u00e0 ouvrir un autre front diplomatique. Pourtant, selon le dernier rapport de l\u2019ONU, Kampala soutient bel et bien les rebelles du M23, dans l\u2019Est. Tout en combattant un autre groupe arm\u00e9, les ADF, aux c\u00f4t\u00e9s cette fois de l\u2019arm\u00e9e congolaise.<\/p>\n\n\n\n<figure class=\"wp-block-image is-style-zoooom\"><img decoding=\"async\" src=\"https:\/\/prod.cdn-medias.jeuneafrique.com\/cdn-cgi\/image\/q=auto,f=auto,metadata=none,width=1215,fit=cover,gravity=0.5000x0.5000\/https:\/\/prod.cdn-medias.jeuneafrique.com\/medias\/2024\/07\/05\/jad20240705-rdc-ouganda-onu.jpg\" alt=\"Les pr\u00e9sidents congolais, F\u00e9lix Tshisekedi (g.), et ougandais, Yoweri Museveni, le 9 novembre 2019 \u00e0 Entebbe, en Ouganda. \u00a9 Sumy Sadurni\/AFP\"\/><figcaption class=\"wp-element-caption\">Les pr\u00e9sidents congolais, F\u00e9lix Tshisekedi (g.), et ougandais, Yoweri Museveni, le 9 novembre 2019 \u00e0 Entebbe, en Ouganda. \u00a9 Sumy Sadurni\/AFP<\/figcaption><\/figure>\n\n\n\n<figure class=\"wp-block-image is-style-zoooom\"><img decoding=\"async\" src=\"https:\/\/prod.cdn-medias.jeuneafrique.com\/cdn-cgi\/image\/q=auto,f=auto,metadata=none,width=80,height=80,fit=crop\/https:\/\/prod.cdn-medias.jeuneafrique.com\/medias\/2024\/03\/11\/romain-gras_2024.jpg\" alt=\"ROMAIN-GRAS_2024\"\/><\/figure>\n\n\n\n<ul class=\"wp-block-list\">\n<li><a href=\"https:\/\/www.jeuneafrique.com\/auteurs\/romain-gras\/\">Romain Gras<\/a><\/li>\n<\/ul>\n\n\n\n<p>Publi\u00e9 le 8 juillet 2024Lecture : 5 minutes.<\/p>\n\n\n\n<ul class=\"wp-block-list\">\n<li><a href=\"https:\/\/facebook.com\/sharer\/sharer.php?u=https:\/\/www.jeuneafrique.com\/1579801\/politique\/felix-tshisekedi-peut-il-faire-confiance-a-yoweri-museveni\/\" target=\"_blank\" rel=\"noreferrer noopener\"><\/a><\/li>\n\n\n\n<li><a href=\"https:\/\/twitter.com\/intent\/tweet?url=https:\/\/www.jeuneafrique.com\/1579801\/politique\/felix-tshisekedi-peut-il-faire-confiance-a-yoweri-museveni\/\" target=\"_blank\" rel=\"noreferrer noopener\"><\/a><\/li>\n\n\n\n<li><a href=\"https:\/\/www.linkedin.com\/shareArticle?url=https:\/\/www.jeuneafrique.com\/1579801\/politique\/felix-tshisekedi-peut-il-faire-confiance-a-yoweri-museveni\/\" target=\"_blank\" rel=\"noreferrer noopener\"><\/a><\/li>\n\n\n\n<li><a href=\"https:\/\/wa.me\/?text=https:\/\/www.jeuneafrique.com\/1579801\/politique\/felix-tshisekedi-peut-il-faire-confiance-a-yoweri-museveni\/\" target=\"_blank\" rel=\"noreferrer noopener\"><\/a><\/li>\n<\/ul>\n\n\n\n<p>Le 22 mai, pour son premier discours en tant que pr\u00e9sident de l\u2019Assembl\u00e9e nationale,&nbsp;<a href=\"https:\/\/www.jeuneafrique.com\/1570654\/politique\/en-rdc-vital-kamerhe-echappe-aux-balles-et-retrouve-le-perchoir\/\">Vital Kamerhe<\/a>&nbsp;a consacr\u00e9 une partie de son allocution \u00e0 la guerre dans l\u2019Est, o\u00f9 les rebelles du M23 contr\u00f4lent d\u00e9sormais de larges pans du Nord-Kivu. \u00ab&nbsp;Le Rwanda et l\u2019Ouganda causent l\u2019ins\u00e9curit\u00e9 [dans] l\u2019est de la RDC&nbsp;\u00bb, a-t-il d\u00e9nonc\u00e9. La mention de l\u2019Ouganda a son importance. Si Kigali est syst\u00e9matiquement mis \u00e0 l\u2019index pour son appui aux rebelles, il est bien plus rare que Kampala soit publiquement nomm\u00e9.<\/p>\n\n\n\n<h2 class=\"wp-block-heading\">Multiplication d\u2019indices<\/h2>\n\n\n\n<p>Soutien actif et av\u00e9r\u00e9 de ces m\u00eames rebelles lors de leur premi\u00e8re offensive en 2012, l\u2019Ouganda joue depuis plus de deux ans un jeu pour le moins trouble dans la sous-r\u00e9gion. D\u00e8s juin 2022,&nbsp;Kampala&nbsp;a \u00e9t\u00e9 soup\u00e7onn\u00e9 d\u2019avoir facilit\u00e9&nbsp;<a href=\"https:\/\/www.jeuneafrique.com\/1453386\/politique\/le-m23-toujours-a-bunagana-un-revers-pour-kinshasa\/\">la chute de Bunagana, ville frontali\u00e8re strat\u00e9gique d\u00e9sormais aux mains du M23<\/a>. Malgr\u00e9 cela, son implication aux c\u00f4t\u00e9s de la r\u00e9bellion a \u00e9t\u00e9 moins document\u00e9e que celle du Rwanda. Mais au fil des mois, les indices d\u00e9montrant un lien entre les milieux s\u00e9curitaires ougandais et le M23 se sont multipli\u00e9s. Dans son dernier rapport, dat\u00e9 du 31 mai, que&nbsp;<em>Jeune Afrique<\/em>&nbsp;a pu consulter, le groupe d\u2019experts de l\u2019<a href=\"https:\/\/www.jeuneafrique.com\/institutions\/onu\/\">ONU<\/a>&nbsp;d\u00e9taille plus amplement le soutien et les facilit\u00e9s dont b\u00e9n\u00e9ficient, sur le sol ougandais, les rebelles et les membres de la plateforme Alliance fleuve Congo (AFC), form\u00e9e par Corneille Nangaa en d\u00e9cembre 2023.<\/p>\n\n\n\n<p>\u00ab&nbsp;Depuis la r\u00e9surgence de la crise du&nbsp;M23,&nbsp;l\u2019Ouganda n\u2019a pas emp\u00each\u00e9 la pr\u00e9sence des M23 et des soldats rwandais sur son territoire, ni leur passage, y compris lors de la prise de Bunagana, le 12 juin 2022&nbsp;\u00bb, affirment les auteurs du rapport. Ces deux derni\u00e8res ann\u00e9es, pr\u00e9cisent-ils, les mouvements de rebelles \u00e0 la fronti\u00e8re ougando-congolaise ont \u00e9t\u00e9 de plus en plus fr\u00e9quents, si bien qu\u2019il est \u00ab&nbsp;tr\u00e8s peu probable&nbsp;\u00bb qu\u2019ils aient pu se faire \u00e0 l\u2019insu des autorit\u00e9s ougandaises. Les postes fronti\u00e8res de Kisoro et Bunagana sont aujourd\u2019hui des points de passage r\u00e9guliers pour les nouvelles recrues du M23.<\/p>\n\n\n\n<p><a href=\"https:\/\/www.jeuneafrique.com\/1579269\/politique\/est-de-la-rdc-corneille-nangaa-lhistoire-dun-apprenti-rebelle\/\"><\/a>A lire :<\/p>\n\n\n\n<p><a href=\"https:\/\/www.jeuneafrique.com\/1579269\/politique\/est-de-la-rdc-corneille-nangaa-lhistoire-dun-apprenti-rebelle\/\">Est de la RDC : Corneille Nangaa, l\u2019histoire d\u2019un apprenti rebelle<\/a><\/p>\n\n\n\n<p>Dans leur rapport, les experts de l\u2019ONU disent aussi d\u00e9tenir des preuves de la pr\u00e9sence de membres de l\u2019arm\u00e9e et d\u2019agents du renseignement&nbsp;ougandais,&nbsp;le redoutable Chieftaincy of Military Intelligence (CMI), dans les zones sous contr\u00f4le du M23 depuis la fin 2023. Une pr\u00e9sence destin\u00e9e \u00e0 \u00ab&nbsp;assurer la coordination avec les dirigeants du M23, fournir la logistique et transporter les dirigeants du M23 vers les zones contr\u00f4l\u00e9es par la r\u00e9bellion&nbsp;\u00bb.<\/p>\n\n\n\n<h2 class=\"wp-block-heading\">Bisimwa et Makenga, habitu\u00e9s de Kampala<\/h2>\n\n\n\n<p>\u00c0 Kinshasa, l\u2019entourage du pr\u00e9sident F\u00e9lix Tshisekedi s\u2019agace depuis plusieurs mois des facilit\u00e9s dont b\u00e9n\u00e9ficient, en Ouganda, plusieurs cadres de la r\u00e9bellion. Les liens entre certains dirigeants du M23 et Kampala ne sont plus \u00e0 d\u00e9montrer&nbsp;: apr\u00e8s leur d\u00e9faite militaire en 2013, plusieurs d\u2019entre eux ont choisi de s\u2019exiler en Ouganda. C\u2019est notamment le cas du pr\u00e9sident de l\u2019aile politique de la r\u00e9bellion, Bertrand Bisimwa,&nbsp;et&nbsp;de son chef militaire, le \u00ab&nbsp;g\u00e9n\u00e9ral&nbsp;\u00bb autoproclam\u00e9 Sultani Makenga. Ce dernier est m\u00eame soup\u00e7onn\u00e9 d\u2019y loger une partie de sa famille.<\/p>\n\n\n\n<p>De ces ann\u00e9es d\u2019exil, les chefs du M23 ont conserv\u00e9 des r\u00e9seaux dans l\u2019establishment militaire local, et notamment au sein du CMI qui, selon plusieurs sources diplomatiques \u00e0 Kampala, est charg\u00e9 de suivre les mouvements des rebelles sur le sol ougandais. Sultani Makenga a d\u2019ailleurs continu\u00e9 de se d\u00e9placer \u00e0 Entebbe et \u00e0 Kampala, \u00ab&nbsp;en violation de l\u2019interdiction de voyage qui le vise&nbsp;\u00bb, pr\u00e9cise le dernier rapport des experts onusiens.<\/p>\n\n\n\n<p><a href=\"https:\/\/www.jeuneafrique.com\/1583800\/politique\/en-rdc-la-chute-de-kanyabayonga-un-tournant-dans-la-guerre-du-m23\/\"><\/a>A lire :<\/p>\n\n\n\n<p><a href=\"https:\/\/www.jeuneafrique.com\/1583800\/politique\/en-rdc-la-chute-de-kanyabayonga-un-tournant-dans-la-guerre-du-m23\/\">En RDC, la chute de Kanyabayonga, un tournant dans la guerre du M23&nbsp;?<\/a><\/p>\n\n\n\n<p>Depuis plus d\u2019un an, Corneille Nangaa est aussi un visiteur r\u00e9gulier. Avec l\u2019AFC, l\u2019ancien pr\u00e9sident de la Commission \u00e9lectorale nationale ind\u00e9pendante (Ceni), devenu un opposant&nbsp;virulent&nbsp;\u00e0&nbsp;<a href=\"https:\/\/www.jeuneafrique.com\/personnalites\/felix-tshisekedi\/\">F\u00e9lix Tshisekedi<\/a>, entend renverser le pr\u00e9sident congolais. Pour pr\u00e9parer la cr\u00e9ation de sa plateforme, il s\u2019est rendu \u00e0 plusieurs reprises dans la capitale ougandaise entre mai 2023 et mars 2024, afin d\u2019y tenir des rencontres avec des cadres du M23 et d\u2019autres groupes arm\u00e9s. Il a aussi b\u00e9n\u00e9fici\u00e9 de l\u2019aide d\u2019Andrew Mwenda, une personnalit\u00e9 ougandaise issue du monde des m\u00e9dias.<\/p>\n\n\n\n<p>D\u2019apr\u00e8s le rapport de l\u2019ONU, ce proche du g\u00e9n\u00e9ral&nbsp;<a href=\"https:\/\/www.jeuneafrique.com\/1356700\/politique\/ouganda-linfluent-reseau-de-muhoozi-kainerugaba-fils-et-successeur-de-museveni\/\">Muhoozi Kainerugaba<\/a>, le fils du pr\u00e9sident ougandais et chef d\u2019\u00e9tat-major de l\u2019arm\u00e9e, a aid\u00e9 Nangaa \u00e0 approcher certaines ambassades sur place. Contact\u00e9 par&nbsp;<em>Jeune Afrique<\/em>, Nangaa reconna\u00eet s\u2019\u00eatre rendu en Ouganda, mais nie conna\u00eetre Andrew Mwenda. Les renseignements congolais le soup\u00e7onnent, lui aussi, de loger&nbsp;une&nbsp;partie de sa famille \u00e0 Kampala, ce que l\u2019int\u00e9ress\u00e9 conteste, affirmant de ne pas avoir vu ses proches depuis le d\u00e9but de son exil, en avril 2023. \u00ab&nbsp;Le CMI leur a donn\u00e9 une consigne, celle de rester discrets lorsqu\u2019ils sont sur place&nbsp;\u00bb, affirme un diplomate en poste \u00e0 Kinshasa. Les autorit\u00e9s et les services de renseignements ougandais ont ni\u00e9, aupr\u00e8s du panel onusien, avoir connaissance de mouvements de troupes sur leur territoire.<\/p>\n\n\n\n<h2 class=\"wp-block-heading\">Un enjeu militaire et \u00e9conomique pour l\u2019Ouganda<\/h2>\n\n\n\n<p>De fait, Kampala a toutes les raisons de se montrer prudent et discret. Voil\u00e0 maintenant plus de deux ans que son arm\u00e9e est engag\u00e9e dans une op\u00e9ration conjointe, aux c\u00f4t\u00e9s des Congolais, dans l\u2019est de la RDC. Baptis\u00e9e&nbsp;\u00ab&nbsp;Shujaa&nbsp;\u00bb&nbsp;et lanc\u00e9e en novembre 2021, l\u2019offensive a pour but d\u2019\u00e9radiquer les Forces d\u00e9mocratiques alli\u00e9es (ADF), groupe islamiste arm\u00e9 actif dans le Nord-Kivu et en Ituri. Kampala consid\u00e8re les ADF comme une menace pour sa propre s\u00e9curit\u00e9. Un sentiment renforc\u00e9 par les attaques perp\u00e9tr\u00e9es sur son territoire ces derni\u00e8res ann\u00e9es.<\/p>\n\n\n\n<p><a href=\"https:\/\/www.jeuneafrique.com\/1458724\/politique\/comment-letat-islamique-a-permis-la-montee-en-puissance-des-adf\/\"><\/a>A lire :<\/p>\n\n\n\n<p><a href=\"https:\/\/www.jeuneafrique.com\/1458724\/politique\/comment-letat-islamique-a-permis-la-montee-en-puissance-des-adf\/\">Comment l\u2019\u00c9tat islamique a permis la mont\u00e9e en puissance des ADF<\/a><\/p>\n\n\n\n<p>Par ailleurs, Museveni tente d\u2019acc\u00e9l\u00e9rer un projet d\u2019infrastructures routi\u00e8res dans l\u2019est de la RDC. L\u2019affaire est source de tensions avec le Rwanda, qui demeure un concurrent direct pour capter les r\u00e9seaux informels du commerce de l\u2019or.<\/p>\n\n\n\n<p>L\u2019op\u00e9ration Shujaa est donc cruciale \u00e0 plus d\u2019un titre pour&nbsp;<a href=\"https:\/\/www.jeuneafrique.com\/personnalites\/yoweri-museveni\/\">Yoweri Museveni<\/a>, qui fait de la stabilit\u00e9 l\u2019un de ses arguments pour se maintenir au pouvoir, et un soutien trop&nbsp;direct&nbsp;au M23 pourrait questionner la pertinence des efforts militaires conjoints contre les ADF.<\/p>\n\n\n\n<h2 class=\"wp-block-heading\">F\u00e9lix Tshisekedi face \u00e0 un dilemme<\/h2>\n\n\n\n<p>Or Shujaa est aujourd\u2019hui tr\u00e8s critiqu\u00e9e \u00e0 Kinshasa, ne serait-ce que parce que les ADF demeurent le groupe arm\u00e9 le plus meurtrier \u00e0 op\u00e9rer dans l\u2019est de la RDC. Si l\u2019entourage de F\u00e9lix Tshisekedi refuse de parler d\u2019\u00e9chec, certains conseillers du chef de l\u2019\u00c9tat congolais plaident pour revoir le cadre de cette op\u00e9ration et la transformer en un m\u00e9canisme conjoint de renseignement, sans que des troupes ougandaises soient d\u00e9ploy\u00e9es sur le sol congolais.<\/p>\n\n\n\n<p>F\u00e9lix Tshisekedi a beau \u00eatre de plus en plus m\u00e9fiant vis-\u00e0-vis de son voisin, il n\u2019en reste pas moins confront\u00e9 \u00e0 un dilemme&nbsp;: r\u00e9ticent \u00e0 ouvrir&nbsp;un&nbsp;<a href=\"https:\/\/www.jeuneafrique.com\/1572432\/politique\/m23-en-rdc-entre-tshisekedi-et-ruto-le-degel-attendra\/\">deuxi\u00e8me front diplomatique<\/a>&nbsp;avec un autre de ses voisins \u00e0 l\u2019heure o\u00f9 les tensions avec le Rwanda sont d\u00e9j\u00e0 vives, il doit se montrer prudent avec l\u2019Ouganda. Il a n\u00e9anmoins cherch\u00e9 \u00e0 plusieurs reprises \u00e0 clarifier, avec Yoweri Museveni, son degr\u00e9 d\u2019implication aupr\u00e8s des rebelles.<\/p>\n\n\n\n<p>Les services de s\u00e9curit\u00e9 congolais se sont par ailleurs inqui\u00e9t\u00e9s de la nomination, en mars dernier, du fils du pr\u00e9sident ougandais \u00e0 la t\u00eate de l\u2019arm\u00e9e. Muhoozi Kainerugaba s\u2019est en effet distingu\u00e9 ces derni\u00e8res ann\u00e9es pour\u00a0<a href=\"https:\/\/www.jeuneafrique.com\/1428143\/politique\/en-ouganda-muhoozi-kainerugaba-fait-encore-des-siennes-sur-twitter\/\">ses messages de soutien au M23<\/a>\u00a0et pour son amiti\u00e9 revendiqu\u00e9e avec le pr\u00e9sident rwandais,\u00a0<a href=\"https:\/\/www.jeuneafrique.com\/personnalites\/paul-kagame\/\">Paul Kagame<\/a>, qu\u2019il surnomme son \u00ab\u00a0oncle\u00a0\u00bb. Reste \u00e0 savoir s\u2019il conservera la m\u00eame attitude maintenant qu\u2019il\u00a0dirige\u00a0l\u2019arm\u00e9e.<gwmw style=\"display:none;\"><\/gwmw><\/p>\n<div style=\"text-align:center\" class=\"wps-pgfw-pdf-generate-icon__wrapper-frontend\">\n\t\t<a href=\"https:\/\/congokin.blog?action=genpdf&amp;id=13556\" class=\"pgfw-single-pdf-download-button\" ><img src=\"https:\/\/congokin.blog\/wp-content\/plugins\/pdf-generator-for-wp\/admin\/src\/images\/PDF_Tray.svg\" title=\"G\u00e9n\u00e9rer un PDF\" style=\"width:auto; height:45px;\"><\/a>\n\t\t<\/div>","protected":false},"excerpt":{"rendered":"<p>F\u00e9lix Tshisekedi peut-il faire confiance \u00e0 Yoweri Museveni&nbsp;? D\u00e9j\u00e0 en conflit ouvert avec le Rwanda, la RDC est r\u00e9ticente \u00e0 ouvrir un autre front diplomatique. Pourtant, selon le dernier rapport de l\u2019ONU, Kampala soutient bel et bien les rebelles du M23, dans l\u2019Est. Tout en combattant un autre groupe arm\u00e9, les ADF, aux c\u00f4t\u00e9s cette [&hellip;]<\/p>\n","protected":false},"author":8,"featured_media":0,"comment_status":"open","ping_status":"closed","sticky":false,"template":"","format":"standard","meta":{"footnotes":""},"categories":[7,8],"tags":[],"class_list":["post-13556","post","type-post","status-publish","format-standard","hentry","category-politique","category-societe"],"_links":{"self":[{"href":"https:\/\/congokin.blog\/index.php?rest_route=\/wp\/v2\/posts\/13556","targetHints":{"allow":["GET"]}}],"collection":[{"href":"https:\/\/congokin.blog\/index.php?rest_route=\/wp\/v2\/posts"}],"about":[{"href":"https:\/\/congokin.blog\/index.php?rest_route=\/wp\/v2\/types\/post"}],"author":[{"embeddable":true,"href":"https:\/\/congokin.blog\/index.php?rest_route=\/wp\/v2\/users\/8"}],"replies":[{"embeddable":true,"href":"https:\/\/congokin.blog\/index.php?rest_route=%2Fwp%2Fv2%2Fcomments&post=13556"}],"version-history":[{"count":1,"href":"https:\/\/congokin.blog\/index.php?rest_route=\/wp\/v2\/posts\/13556\/revisions"}],"predecessor-version":[{"id":13557,"href":"https:\/\/congokin.blog\/index.php?rest_route=\/wp\/v2\/posts\/13556\/revisions\/13557"}],"wp:attachment":[{"href":"https:\/\/congokin.blog\/index.php?rest_route=%2Fwp%2Fv2%2Fmedia&parent=13556"}],"wp:term":[{"taxonomy":"category","embeddable":true,"href":"https:\/\/congokin.blog\/index.php?rest_route=%2Fwp%2Fv2%2Fcategories&post=13556"},{"taxonomy":"post_tag","embeddable":true,"href":"https:\/\/congokin.blog\/index.php?rest_route=%2Fwp%2Fv2%2Ftags&post=13556"}],"curies":[{"name":"wp","href":"https:\/\/api.w.org\/{rel}","templated":true}]}}