{"id":13561,"date":"2024-07-11T00:57:27","date_gmt":"2024-07-11T00:57:27","guid":{"rendered":"https:\/\/congokin.blog\/?p=13561"},"modified":"2024-07-11T02:50:35","modified_gmt":"2024-07-11T02:50:35","slug":"le-cessez-le-feu-humanitaire-au-nord-kivu-permettra-t-il-de-secourir-les-populations-ou-servira-t-il-aux-parties-en-presence-a-se-rearmer","status":"publish","type":"post","link":"https:\/\/congokin.blog\/?p=13561","title":{"rendered":"<gwmw style=\"display:none;\"><\/gwmw>Le cessez-le-feu humanitaire au Nord-Kivu permettra-t-il de secourir les populations ou servira-t-il aux parties en pr\u00e9sence \u00e0 se r\u00e9armer ?<gwmw style=\"display:none;\"><\/gwmw>"},"content":{"rendered":"\n<figure class=\"wp-block-image size-full is-style-zoooom\"><img loading=\"lazy\" decoding=\"async\" width=\"470\" height=\"300\" src=\"https:\/\/congokin.blog\/wp-content\/uploads\/2024\/07\/image-1.png\" alt=\"\" class=\"wp-image-13563\" srcset=\"https:\/\/congokin.blog\/wp-content\/uploads\/2024\/07\/image-1.png 470w, https:\/\/congokin.blog\/wp-content\/uploads\/2024\/07\/image-1-300x191.png 300w\" sizes=\"auto, (max-width: 470px) 100vw, 470px\" \/><\/figure>\n\n\n\n<p>Kinshasa (Agence Fides) \u2013 La guerre oubli\u00e9e du Nord-Kivu, dans l&rsquo;est de la R\u00e9publique d\u00e9mocratique du Congo, conna\u00eet deux nouveaux d\u00e9veloppements importants. Le premier est la tr\u00eave humanitaire de deux semaines, entr\u00e9e en vigueur le 5 juillet et obtenue gr\u00e2ce \u00e0 la m\u00e9diation des \u00c9tats-Unis ; le second est le rapport du groupe d&rsquo;experts pr\u00e9sent\u00e9 au Conseil de s\u00e9curit\u00e9 des Nations unies le 8 juillet, qui accuse le Rwanda de soutenir les rebelles du M23 avec ses propres troupes.<br>La tr\u00eave engage les soldats de l&rsquo;arm\u00e9e r\u00e9guli\u00e8re congolaise et les rebelles du M23 \u00e0 un cessez-le-feu de deux semaines pour permettre aux agences humanitaires d&rsquo;atteindre les populations pi\u00e9g\u00e9es par les combats. La tr\u00eave semble tenir pour l&rsquo;instant, mais aucun m\u00e9canisme n&rsquo;est en place pour v\u00e9rifier son respect par les combattants, dont les positions sont tr\u00e8s proches. Un geste mal interpr\u00e9t\u00e9 par l&rsquo;autre camp pourrait relancer les combats \u00e0 tout moment.<br>Certains commentateurs locaux craignent \u00e9galement que la tr\u00eave ne serve aux bellig\u00e9rants \u00e0 se renforcer en troupes et en armes. Selon les Congolais, celui qui profitera le plus de la tr\u00eave pour se renforcer sera le M23, qui contr\u00f4le en effet une grande partie de cette province congolaise, \u00e0 l&rsquo;exception de la capitale Goma, qui abrite des centaines de milliers de personnes d\u00e9plac\u00e9es, et qui est encercl\u00e9e par la gu\u00e9rilla.<br>Ces derni\u00e8res &#8211; selon le rapport pr\u00e9sent\u00e9 au Conseil de s\u00e9curit\u00e9 de l&rsquo;ONU &#8211; sont arm\u00e9es et soutenues par le Rwanda, qui a envoy\u00e9 au moins 3 000 \u00e0 4 000 soldats de son arm\u00e9e pour les appuyer. Des officiers congolais &#8211; selon le rapport &#8211; ont pris le commandement des op\u00e9rations militaires du M23, qui peut compter sur le soutien de l&rsquo;artillerie et des canons antia\u00e9riens fournis par l&rsquo;arm\u00e9e rwandaise. En fait, selon le rapport de l&rsquo;ONU, le Rwanda a \u00ab\u00a0viol\u00e9 l&rsquo;int\u00e9grit\u00e9 et la souverainet\u00e9 de la RDC\u00a0\u00bb.<br>Les experts de l&rsquo;ONU d\u00e9noncent \u00e9galement le recrutement forc\u00e9 dans les rangs des rebelles d&rsquo;enfants de 12 ans pris dans les camps de r\u00e9fugi\u00e9s en territoire rwandais.<br>Des efforts suppl\u00e9mentaires sont donc n\u00e9cessaires pour que le cessez-le-feu humanitaire, fruit des efforts n\u00e9goci\u00e9s par Washington depuis la visite en novembre dernier \u00e0 Kigali et \u00e0 Kinshasa d&rsquo;Avril Haines, le National Director for Intelligence (qui supervise les 17 agences de renseignement am\u00e9ricaines), aboutisse \u00e0 une tr\u00eave permanente. (LM) (Agence Fides 9\/7\/2024)<br><\/p>\n\n\n\n<p><gwmw style=\"display:none;\"><\/gwmw><\/p>\n<div style=\"text-align:center\" class=\"wps-pgfw-pdf-generate-icon__wrapper-frontend\">\n\t\t<a href=\"https:\/\/congokin.blog?action=genpdf&amp;id=13561\" class=\"pgfw-single-pdf-download-button\" ><img src=\"https:\/\/congokin.blog\/wp-content\/plugins\/pdf-generator-for-wp\/admin\/src\/images\/PDF_Tray.svg\" title=\"G\u00e9n\u00e9rer un PDF\" style=\"width:auto; height:45px;\"><\/a>\n\t\t<\/div>","protected":false},"excerpt":{"rendered":"<p>Kinshasa (Agence Fides) \u2013 La guerre oubli\u00e9e du Nord-Kivu, dans l&rsquo;est de la R\u00e9publique d\u00e9mocratique du Congo, conna\u00eet deux nouveaux d\u00e9veloppements importants. Le premier est la tr\u00eave humanitaire de deux semaines, entr\u00e9e en vigueur le 5 juillet et obtenue gr\u00e2ce \u00e0 la m\u00e9diation des \u00c9tats-Unis ; le second est le rapport du groupe d&rsquo;experts pr\u00e9sent\u00e9 [&hellip;]<\/p>\n","protected":false},"author":8,"featured_media":0,"comment_status":"open","ping_status":"closed","sticky":false,"template":"","format":"standard","meta":{"footnotes":""},"categories":[7,8],"tags":[],"class_list":["post-13561","post","type-post","status-publish","format-standard","hentry","category-politique","category-societe"],"_links":{"self":[{"href":"https:\/\/congokin.blog\/index.php?rest_route=\/wp\/v2\/posts\/13561","targetHints":{"allow":["GET"]}}],"collection":[{"href":"https:\/\/congokin.blog\/index.php?rest_route=\/wp\/v2\/posts"}],"about":[{"href":"https:\/\/congokin.blog\/index.php?rest_route=\/wp\/v2\/types\/post"}],"author":[{"embeddable":true,"href":"https:\/\/congokin.blog\/index.php?rest_route=\/wp\/v2\/users\/8"}],"replies":[{"embeddable":true,"href":"https:\/\/congokin.blog\/index.php?rest_route=%2Fwp%2Fv2%2Fcomments&post=13561"}],"version-history":[{"count":2,"href":"https:\/\/congokin.blog\/index.php?rest_route=\/wp\/v2\/posts\/13561\/revisions"}],"predecessor-version":[{"id":13565,"href":"https:\/\/congokin.blog\/index.php?rest_route=\/wp\/v2\/posts\/13561\/revisions\/13565"}],"wp:attachment":[{"href":"https:\/\/congokin.blog\/index.php?rest_route=%2Fwp%2Fv2%2Fmedia&parent=13561"}],"wp:term":[{"taxonomy":"category","embeddable":true,"href":"https:\/\/congokin.blog\/index.php?rest_route=%2Fwp%2Fv2%2Fcategories&post=13561"},{"taxonomy":"post_tag","embeddable":true,"href":"https:\/\/congokin.blog\/index.php?rest_route=%2Fwp%2Fv2%2Ftags&post=13561"}],"curies":[{"name":"wp","href":"https:\/\/api.w.org\/{rel}","templated":true}]}}