{"id":13566,"date":"2024-07-11T01:07:49","date_gmt":"2024-07-11T01:07:49","guid":{"rendered":"https:\/\/congokin.blog\/?p=13566"},"modified":"2024-07-11T01:09:09","modified_gmt":"2024-07-11T01:09:09","slug":"stanis-bujakera-remporte-le-prix-litteraire-patrice-emery-lumumba","status":"publish","type":"post","link":"https:\/\/congokin.blog\/?p=13566","title":{"rendered":"Stanis Bujakera remporte le Prix litt\u00e9raire Patrice-Emery Lumumba<gwmw style=\"display:none;\"><\/gwmw>"},"content":{"rendered":"\n<h1 class=\"wp-block-heading\">Litt\u00e9rature : Stanis Bujakera remporte le Prix litt\u00e9raire Patrice-Emery Lumumba<\/h1>\n\n\n\n<p><img loading=\"lazy\" decoding=\"async\" src=\"https:\/\/actualite.cd\/sites\/default\/files\/styles\/800_600\/public\/2024-03\/Stanis%20libe.jpg?itok=bhhoN3m-\" width=\"800\" height=\"600\" alt=\"Stanis Bujakera au la r\u00e9daction de ACTUALITE.CD apr\u00e8s sa lib\u00e9ration\"><\/p>\n\n\n\n<p>Stanis Bujakera au la r\u00e9daction de ACTUALITE.CD apr\u00e8s sa lib\u00e9ration<\/p>\n\n\n\n<p><strong>Le verdict du prix litt\u00e9raire Patrice-Emery Lumumba est tomb\u00e9 ce dimanche 30 juin lors de la cl\u00f4ture de la deuxi\u00e8me \u00e9dition du festival Buku. Stanis Bujakera Tshiamala a fini en premi\u00e8re position pour son livre \u00ab Pavillon 8 \u00bb. Il arrive devant les 4 autres pr\u00e9tendants dont les textes avaient \u00e9galement retenu l\u2019attention du jury. Il s\u2019agissait de Steve Aganze, Germaine Kabedi, Ethan Kaumbo et Bonheur Mutumba.<\/strong><\/p>\n\n\n\n<p>En plus de la somme de 2 500 USD pr\u00e9vue dans la cagnotte du gagnant, Stanis Bujakera b\u00e9n\u00e9ficiera de l\u2019\u00e9dition de son manuscrit dans une maison d\u2019\u00e9dition choisie par l\u2019organisation. Ce prix litt\u00e9raire a pour objectif de r\u00e9compenser les \u00e9crivains qui mettent en avant le combat de Patrice-Emery Lumumba, premier Premier Ministre de la RDC.<\/p>\n\n\n\n<p>Le fil conducteur du combat de cet h\u00e9ros national \u00e9tait l\u2019\u00e9mergence de la conscience des peuples, le panafricanisme et l\u2019unit\u00e9 du continent africain, le droit des peuples \u00e0 l\u2019autod\u00e9termination, la promotion et valorisation de la culture et des traditions africaines, la libert\u00e9, les droits de l\u2019homme, le d\u00e9veloppement autonome des peuples, etc.<\/p>\n\n\n\n<p>Organis\u00e9 dans le cadre du festival Buku qui a lieu \u00e0 Kinshasa, le prix a \u00e9galement le soutien de la fondation Lumumba, dirig\u00e9e par Roland Lumumba, fils de cette figure mythique de la politique congolaise et africaine. Immortaliser ses valeurs dans les \u00e9crits restent un des moyens les plus efficaces de les conserver pour les g\u00e9n\u00e9rations futures.<\/p>\n\n\n\n<blockquote class=\"wp-block-quote is-layout-flow wp-block-quote-is-layout-flow\">\n<p>\u201cPour moi, ce prix t\u00e9moigne du pouvoir du journalisme et de l&rsquo;importance d&rsquo;une presse libre pour demander des comptes \u00e0 ceux qui d\u00e9tiennent le pouvoir et prennent les d\u00e9cisions. Merci pour votre soutien et votre solidarit\u00e9 in\u00e9branlables. Je suis fier de faire partie d&rsquo;une communaut\u00e9 de journalistes qui refusent d&rsquo;\u00eatre r\u00e9duits au silence ou intimid\u00e9s. Dans le cadre de notre livre qui sera bient\u00f4t disponible, nous aurons l&rsquo;occasion de revenir en d\u00e9tail sur le sens de notre engagement\u201d, a d\u00e9clar\u00e9 Stanis Bujakera.&nbsp;<\/p>\n<\/blockquote>\n\n\n\n<p>En effet, Stanis Bujakera Tshiamala est Directeur de publication adjoint du m\u00e9dia en ligne congolais ACTUALIT\u00c9.CD et correspond de Jeune Afrique et Reuters en RDC. Il a \u00e9t\u00e9 au c\u0153ur d\u2019un feuilleton qui aura dur\u00e9 pr\u00e8s de 7 mois. Entre septembre 2023 et mars 2024, il a \u00e9t\u00e9 incarc\u00e9r\u00e9 \u00e0 la prison centrale de Makala, \u00e0 Kinshasa, passant pr\u00e8s de 200 nuits en privation de libert\u00e9.<\/p>\n\n\n\n<p>La cause, il lui a \u00e9t\u00e9 reproch\u00e9 de faux en \u00e9criture, propagation de faux bruits, falsification des sceaux de l\u2019\u00c9tat et transmission de messages erron\u00e9s et contraires \u00e0 la loi ; pour avoir \u201cfait diffuser\u201d ce que la justice congolaise a qualifi\u00e9 d&rsquo;une fausse note de l&rsquo;agence nationale de renseignement qui incrimine les renseignements militaires au sujet de la mort du d\u00e9put\u00e9 national et ancien ministre des transports, Ch\u00e9rubin Okende, tu\u00e9 \u00e0 Kinshasa en juillet 2023.<\/p>\n\n\n\n<p>Entre les 6 mois de d\u00e9tention qui sont partis par son arrestation \u00e0 l\u2019a\u00e9roport international de N\u2019djili, il s\u2019est pass\u00e9 des choses. Mobilisation au pays et \u00e0 l\u2019international, proc\u00e8s contre lui, refus de lui accorder la libert\u00e9 provisoire \u00e0 7 reprises, rebondissement politique, prise de parole du Pr\u00e9sident de la r\u00e9publique \u00e0 ce sujet, condition de d\u00e9tention, aboutissement de la proc\u00e9dure qui lui a reconnu malgr\u00e9 tout coupable, Stanis a certainement des histoires in\u00e9dites \u00e0 raconter.<\/p>\n\n\n\n<p><strong>Kuzamba Mbuangu<\/strong><\/p>\n\n\n\n<p><gwmw style=\"display:none;\"><\/gwmw><\/p>\n<div style=\"text-align:center\" class=\"wps-pgfw-pdf-generate-icon__wrapper-frontend\">\n\t\t<a href=\"https:\/\/congokin.blog?action=genpdf&amp;id=13566\" class=\"pgfw-single-pdf-download-button\" ><img src=\"https:\/\/congokin.blog\/wp-content\/plugins\/pdf-generator-for-wp\/admin\/src\/images\/PDF_Tray.svg\" title=\"G\u00e9n\u00e9rer un PDF\" style=\"width:auto; height:45px;\"><\/a>\n\t\t<\/div>","protected":false},"excerpt":{"rendered":"<p>Litt\u00e9rature : Stanis Bujakera remporte le Prix litt\u00e9raire Patrice-Emery Lumumba Stanis Bujakera au la r\u00e9daction de ACTUALITE.CD apr\u00e8s sa lib\u00e9ration Le verdict du prix litt\u00e9raire Patrice-Emery Lumumba est tomb\u00e9 ce dimanche 30 juin lors de la cl\u00f4ture de la deuxi\u00e8me \u00e9dition du festival Buku. Stanis Bujakera Tshiamala a fini en premi\u00e8re position pour son livre [&hellip;]<\/p>\n","protected":false},"author":8,"featured_media":0,"comment_status":"open","ping_status":"closed","sticky":false,"template":"","format":"standard","meta":{"footnotes":""},"categories":[8],"tags":[],"class_list":["post-13566","post","type-post","status-publish","format-standard","hentry","category-societe"],"_links":{"self":[{"href":"https:\/\/congokin.blog\/index.php?rest_route=\/wp\/v2\/posts\/13566","targetHints":{"allow":["GET"]}}],"collection":[{"href":"https:\/\/congokin.blog\/index.php?rest_route=\/wp\/v2\/posts"}],"about":[{"href":"https:\/\/congokin.blog\/index.php?rest_route=\/wp\/v2\/types\/post"}],"author":[{"embeddable":true,"href":"https:\/\/congokin.blog\/index.php?rest_route=\/wp\/v2\/users\/8"}],"replies":[{"embeddable":true,"href":"https:\/\/congokin.blog\/index.php?rest_route=%2Fwp%2Fv2%2Fcomments&post=13566"}],"version-history":[{"count":1,"href":"https:\/\/congokin.blog\/index.php?rest_route=\/wp\/v2\/posts\/13566\/revisions"}],"predecessor-version":[{"id":13567,"href":"https:\/\/congokin.blog\/index.php?rest_route=\/wp\/v2\/posts\/13566\/revisions\/13567"}],"wp:attachment":[{"href":"https:\/\/congokin.blog\/index.php?rest_route=%2Fwp%2Fv2%2Fmedia&parent=13566"}],"wp:term":[{"taxonomy":"category","embeddable":true,"href":"https:\/\/congokin.blog\/index.php?rest_route=%2Fwp%2Fv2%2Fcategories&post=13566"},{"taxonomy":"post_tag","embeddable":true,"href":"https:\/\/congokin.blog\/index.php?rest_route=%2Fwp%2Fv2%2Ftags&post=13566"}],"curies":[{"name":"wp","href":"https:\/\/api.w.org\/{rel}","templated":true}]}}