{"id":13576,"date":"2024-08-20T11:37:44","date_gmt":"2024-08-20T11:37:44","guid":{"rendered":"https:\/\/congokin.blog\/?p=13576"},"modified":"2024-08-20T11:37:45","modified_gmt":"2024-08-20T11:37:45","slug":"face-a-felix-tshisekedi-joseph-kabila-ou-la-menace-fantome","status":"publish","type":"post","link":"https:\/\/congokin.blog\/?p=13576","title":{"rendered":"Face \u00e0 F\u00e9lix Tshisekedi, Joseph Kabila ou la menace fant\u00f4me<gwmw style=\"display:none;\"><\/gwmw>"},"content":{"rendered":"\n<h1 class=\"wp-block-heading\">Face \u00e0 F\u00e9lix Tshisekedi, Joseph Kabila ou la menace fant\u00f4me<\/h1>\n\n\n\n<p>LE MATCH DE LA SEMAINE \u2013 Convaincu que l\u2019ancien pr\u00e9sident congolais soutient les rebelles qui cherchent \u00e0 le renverser, l\u2019actuel chef de l\u2019\u00c9tat durcit le ton. Kabila, lui, est toujours mur\u00e9 dans le silence. Jusqu\u2019\u00e0 quand&nbsp;?<\/p>\n\n\n\n<figure class=\"wp-block-image\"><img decoding=\"async\" src=\"https:\/\/prod.cdn-medias.jeuneafrique.com\/cdn-cgi\/image\/q=auto,f=auto,metadata=none,width=1215,fit=cover\/https:\/\/prod.cdn-medias.jeuneafrique.com\/medias\/2024\/08\/19\/rdv_match_tshisekedi-kabila.jpg\" alt=\"F\u00e9lix Tshisekedi et Joseph Kabila. Felix Tshisekedi  et Joseph Kabila Kabange \n\u00a9 Montage JA ; Stephane Lemouton\/SIPA ; Daniel Etter\/REDUX-REA\"\/><figcaption class=\"wp-element-caption\">F\u00e9lix Tshisekedi et Joseph Kabila. Felix Tshisekedi et Joseph Kabila Kabange \u00a9 Montage JA ; Stephane Lemouton\/SIPA ; Daniel Etter\/REDUX-REA<\/figcaption><\/figure>\n\n\n\n<figure class=\"wp-block-image\"><img decoding=\"async\" src=\"https:\/\/prod.cdn-medias.jeuneafrique.com\/cdn-cgi\/image\/q=auto,f=auto,metadata=none,width=80,height=80,fit=crop\/https:\/\/prod.cdn-medias.jeuneafrique.com\/medias\/2024\/03\/11\/romain-gras_2024.jpg\" alt=\"ROMAIN-GRAS_2024\"\/><\/figure>\n\n\n\n<ul class=\"wp-block-list\">\n<li><a href=\"https:\/\/www.jeuneafrique.com\/auteurs\/romain-gras\/\">Romain Gras<\/a><\/li>\n<\/ul>\n\n\n\n<p>Publi\u00e9 le 19 ao\u00fbt 2024Lecture : 4 minutes.<gwmw style=\"display:none;\"><\/gwmw><\/p>\n\n\n\n<p>Dans les couloirs de la pr\u00e9sidence congolaise, certains l\u2019appellent \u00ab&nbsp;le parrain&nbsp;\u00bb. Depuis des mois, les conseillers de&nbsp;<a href=\"https:\/\/www.jeuneafrique.com\/personnalites\/felix-tshisekedi\/\">F\u00e9lix Tshisekedi<\/a>&nbsp;en sont persuad\u00e9s&nbsp;:&nbsp;<a href=\"https:\/\/www.jeuneafrique.com\/personnalites\/joseph-kabila\/\">Joseph Kabila<\/a>&nbsp;serait la \u00ab&nbsp;main noire&nbsp;\u00bb derri\u00e8re l\u2019Alliance fleuve Congo (AFC), la plateforme politico-militaire cr\u00e9\u00e9e par Corneille Nangaa et les rebelles du M23. \u00ab&nbsp;Qui d\u2019autre que lui ? Il sait tr\u00e8s bien ce qu\u2019il a \u00e0 se reprocher dans cette affaire&nbsp;\u00bb, lance un conseiller du chef de l\u2019\u00c9tat.<\/p>\n\n\n\n<p>Longtemps insinu\u00e9e, la question du lien pr\u00e9sum\u00e9 entre Joseph Kabila et les rebelles du M23 a \u00e9t\u00e9&nbsp;\u00e9voqu\u00e9e&nbsp;publiquement pour la premi\u00e8re fois par F\u00e9lix Tshisekedi le 6 ao\u00fbt. Lors d\u2019une interview accord\u00e9e \u00e0 deux m\u00e9dias congolais, le pr\u00e9sident a accus\u00e9 son pr\u00e9d\u00e9cesseur d\u2019\u00eatre derri\u00e8re ceux qui cherchent \u00e0 le renverser. \u00ab&nbsp;Joseph Kabila a boycott\u00e9 les \u00e9lections et maintenant il pr\u00e9pare une insurrection, parce que l\u2019AFC, c\u2019est lui&nbsp;\u00bb, a-t-il affirm\u00e9.<\/p>\n\n\n\n<p>Jamais le chef de l\u2019\u00c9tat n\u2019avait formul\u00e9 d\u2019accusations aussi lourdes contre son pr\u00e9d\u00e9cesseur. Les deux hommes, qui ont p\u00e9niblement cohabit\u00e9 au d\u00e9but du premier mandat de Tshisekedi, ont beau ne plus entretenir de liens directs depuis&nbsp;plus&nbsp;de trois ans, le silence de Kabila obs\u00e8de l\u2019entourage pr\u00e9sidentiel.<\/p>\n\n\n\n<h2 class=\"wp-block-heading\">Le roi du silence<\/h2>\n\n\n\n<p>Il faut dire que, depuis le d\u00e9but de l\u2019ann\u00e9e, celui qui a dirig\u00e9 la RDC pendant dix-huit ans (2001-2019) a compl\u00e8tement disparu des \u00e9crans radar. Parti quelques jours apr\u00e8s la r\u00e9\u00e9lection de F\u00e9lix Tshisekedi,&nbsp;<a href=\"https:\/\/www.jeuneafrique.com\/1530669\/politique\/joseph-kabila-lhomme-qui-aime-se-faire-rare\/\">Joseph Kabila s\u2019est d\u2019abord rendu, fin janvier<\/a>, \u00e0 l\u2019universit\u00e9 de Johannesburg pour y valider le sujet de sa th\u00e8se de doctorat. Il a ensuite effectu\u00e9 un d\u00e9placement, un mois plus tard, en Namibie, \u00e0 Windhoek, afin d\u2019assister aux obs\u00e8ques du&nbsp;pr\u00e9sident&nbsp;Hage Geingob, dont il \u00e9tait proche. Depuis, plus rien. Pas une photo, ni une vid\u00e9o. Encore moins une prise de parole. Une discr\u00e9tion exceptionnelle, m\u00eame pour celui que l\u2019on surnomme parfois le roi du silence, qui fait craindre, au sein du pouvoir, une r\u00e9action violente de l\u2019ex-pr\u00e9sident.A lire :&nbsp;<\/p>\n\n\n\n<p><a href=\"https:\/\/www.jeuneafrique.com\/1596551\/politique\/lafc-cest-lui-tshisekedi-accuse-kabila-de-soutenir-la-rebellion-de-nangaa-et-du-m23\/\">\u00ab&nbsp;L\u2019AFC, c\u2019est lui&nbsp;\u00bb&nbsp;: Tshisekedi accuse Kabila de soutenir la r\u00e9bellion de Nangaa et du M23<\/a><\/p>\n\n\n\n<p>Les occasions ont pourtant \u00e9t\u00e9 nombreuses. Mais le&nbsp;<em>ra\u00efs<\/em>&nbsp;n\u2019a pas r\u00e9agi lorsque sa s\u0153ur jumelle, Jaynet, a \u00e9t\u00e9 interrog\u00e9e par les services de s\u00e9curit\u00e9 en mars. Ni lorsque l\u2019arm\u00e9e a perquisitionn\u00e9 la fondation Laurent-D\u00e9sir\u00e9 Kabila et \u00ab&nbsp;soustrait&nbsp;\u00bb, selon&nbsp;cette&nbsp;derni\u00e8re, le v\u00e9hicule qui a transport\u00e9 le corps de son p\u00e8re, assassin\u00e9 en 2001. Il n\u2019a rien dit non plus quand des membres de la Force du progr\u00e8s, une milice proche de l\u2019Union pour la d\u00e9mocratie et le progr\u00e8s social (UDPS, au pouvoir), ont \u00e9t\u00e9 accus\u00e9s d\u2019avoir attaqu\u00e9 sa r\u00e9sidence de Kinshasa, laissant \u00e0 son \u00e9pouse,&nbsp;<a href=\"https:\/\/www.jeuneafrique.com\/1594576\/politique\/en-rdc-olive-lembe-kabila-denonce-une-attaque-contre-sa-residence-familiale\/\">Olive Lembe Kabila, le soin de mettre en garde le pouvoir<\/a>, le 31 juillet.<\/p>\n\n\n\n<h2 class=\"wp-block-heading\">Insondable<\/h2>\n\n\n\n<p>Dans le m\u00eame temps, la pression s\u2019est accentu\u00e9e. L\u2019entourage de F\u00e9lix Tshisekedi pr\u00eatait d\u00e9j\u00e0 depuis des mois&nbsp;\u00e0&nbsp;Joseph Kabila des intentions belliqueuses, des inqui\u00e9tudes renforc\u00e9es par le boycott des derni\u00e8res \u00e9lections et l\u2019appel \u00e0 la r\u00e9sistance \u00ab&nbsp;dans le respect de la Constitution&nbsp;\u00bb&nbsp;<a href=\"https:\/\/www.jeuneafrique.com\/1455184\/politique\/face-a-felix-tshisekedi-joseph-kabila-renfile-les-gants\/\">lanc\u00e9 par l\u2019ex-pr\u00e9sident en juin 2023<\/a>&nbsp;\u00e0 son camp politique. Le premier cercle pr\u00e9sidentiel a plusieurs fois tent\u00e9 de sonder les intentions de Kabila avant les scrutins et Tshisekedi a d\u00e9p\u00each\u00e9 aupr\u00e8s de lui&nbsp;<a href=\"https:\/\/www.jeuneafrique.com\/1445228\/politique\/ces-pasteurs-qui-murmurent-a-loreille-de-felix-tshisekedi\/\">plusieurs \u00e9missaires<\/a>. Mais le&nbsp;<em>ra\u00efs<\/em>&nbsp;est demeur\u00e9 insondable.A lire :&nbsp;<\/p>\n\n\n\n<p><a href=\"https:\/\/www.jeuneafrique.com\/1494007\/politique\/les-intrigants-silences-de-joseph-kabila\/\">Les intrigants silences de Joseph Kabila<\/a><\/p>\n\n\n\n<p>L\u2019\u00e9mergence de l\u2019AFC, lanc\u00e9e par&nbsp;<a href=\"https:\/\/www.jeuneafrique.com\/1579269\/politique\/est-de-la-rdc-corneille-nangaa-lhistoire-dun-apprenti-rebelle\/\">Corneille Nangaa<\/a>&nbsp;\u2013 per\u00e7u comme un proche de Kabila \u2013 le 15&nbsp;d\u00e9cembre,&nbsp;soit \u00e0 cinq jours des derni\u00e8res \u00e9lections, a achev\u00e9 de convaincre le pr\u00e9sident des objectifs suppos\u00e9ment antir\u00e9publicains de son pr\u00e9d\u00e9cesseur. Dans les faits, plusieurs cadres du camp de l\u2019ancien pr\u00e9sident ont rejoint l\u2019AFC et se sont publiquement affich\u00e9s aux c\u00f4t\u00e9s de Nangaa. Le parti de l\u2019ex-chef de l\u2019\u00c9tat les consid\u00e8re comme des \u00ab&nbsp;cas isol\u00e9s&nbsp;\u00bb, mais cette dynamique a alarm\u00e9 le pouvoir.<\/p>\n\n\n\n<h2 class=\"wp-block-heading\">\u00ab&nbsp;Sans preuve ni fondement&nbsp;\u00bb<\/h2>\n\n\n\n<p>Puis ce fut l\u2019escalade. Fin mars, le ministre des Affaires \u00e9trang\u00e8res de l\u2019\u00e9poque, Christophe Lutundula, a mis en garde l\u2019ex-pr\u00e9sident contre toute forme de&nbsp;\u00ab&nbsp;collusion&nbsp;\u00bb&nbsp;avec une puissance \u00e9trang\u00e8re. Dans la foul\u00e9e, c\u2019est&nbsp;<a href=\"https:\/\/www.jeuneafrique.com\/1538430\/politique\/en-rdc-augustin-kabuya-ou-le-fils-aine-de-tshisekedi\/\">Augustin Kabuya<\/a>, secr\u00e9taire g\u00e9n\u00e9ral de l\u2019UDPS, qui l\u2019a accus\u00e9 devant les militants du parti pr\u00e9sidentiel de soutenir le M23. Quelques jours plus tard, le nom de Kabila a cette fois \u00e9t\u00e9 cit\u00e9 par \u00c9ric Nkuba Shebandu parmi les soutiens de la r\u00e9bellion. Ce conseiller de Nangaa, pr\u00e9sent \u00e0 Nairobi lors du lancement de l\u2019AFC, a \u00e9t\u00e9 arr\u00eat\u00e9 en Tanzanie en janvier.<\/p>\n\n\n\n<p>Face \u00e0 ces attaques, Joseph Kabila n\u2019a fait que contester par le biais de ses lieutenants. Au lendemain&nbsp;des&nbsp;propos tenus par F\u00e9lix Tshisekedi \u00e0 la presse congolaise, c\u2019est une nouvelle fois sa porte-parole, Barbara Nzimbi, qui a demand\u00e9 \u00e0 ce que le pr\u00e9sident \u00ab&nbsp;arr\u00eate d\u2019accuser Joseph Kabila, jour et nuit, sans preuve ni fondement&nbsp;\u00bb.A lire :&nbsp;<\/p>\n\n\n\n<p><a href=\"https:\/\/www.jeuneafrique.com\/1597432\/politique\/m23-en-rdc-cinq-questions-pour-comprendre-pourquoi-le-conflit-senlise\/\">M23 en RDC : cinq questions pour comprendre pourquoi le conflit s\u2019enlise<\/a><\/p>\n\n\n\n<p>Kabila pourra-t-il encore longtemps faire l\u2019\u00e9conomie de sa propre parole ? \u00ab&nbsp;Son silence a longtemps \u00e9t\u00e9 une arme pour nous, mais il risque de devenir un handicap si on ne clarifie pas notre position&nbsp;\u00bb, soupire l\u2019un de ses anciens ministres. \u00ab&nbsp;Pourquoi perdrait-il son temps \u00e0 r\u00e9agir \u00e0 chaque outrance du&nbsp;pouvoir&nbsp;? interroge l\u2019un des \u00e9missaires de l\u2019ex-pr\u00e9sident. Se justifier reviendrait \u00e0 donner de la cr\u00e9dibilit\u00e9 \u00e0 ces accusations alors qu\u2019elles ne reposent sur rien.&nbsp;\u00bb<\/p>\n\n\n\n<p>Le 8 ao\u00fbt, Corneille Nangaa et plusieurs cadres du\u00a0<a href=\"https:\/\/www.jeuneafrique.com\/1597079\/societe\/est-de-la-rdc-corneille-nangaa-et-ses-allies-du-m23-condamnes-a-mort-pour-crimes-de-guerre\/\">M23 ont \u00e9t\u00e9 condamn\u00e9s \u00e0 mort<\/a>, la plupart\u00a0<em>in abstentia<\/em>, par la justice militaire. Interrog\u00e9 sur une proc\u00e9dure qui pourrait \u00eatre intent\u00e9e contre Kabila,\u00a0<a href=\"https:\/\/www.jeuneafrique.com\/1584815\/politique\/en-rdc-jusquou-constant-mutamba-pourra-t-il-aller-dans-sa-guerre-contre-la-corruption\/\">le ministre de la Justice, Constant Mutamba<\/a>, s\u2019est refus\u00e9 \u00e0 citer son nom, affirmant simplement que toutes les personnes en contact avec le M23 et le Rwanda\u00a0seront\u00a0poursuivies.<gwmw style=\"display:none;\"><\/gwmw><\/p>\n<div style=\"text-align:center\" class=\"wps-pgfw-pdf-generate-icon__wrapper-frontend\">\n\t\t<a href=\"https:\/\/congokin.blog?action=genpdf&amp;id=13576\" class=\"pgfw-single-pdf-download-button\" ><img src=\"https:\/\/congokin.blog\/wp-content\/plugins\/pdf-generator-for-wp\/admin\/src\/images\/PDF_Tray.svg\" title=\"G\u00e9n\u00e9rer un PDF\" style=\"width:auto; height:45px;\"><\/a>\n\t\t<\/div>","protected":false},"excerpt":{"rendered":"<p>Face \u00e0 F\u00e9lix Tshisekedi, Joseph Kabila ou la menace fant\u00f4me LE MATCH DE LA SEMAINE \u2013 Convaincu que l\u2019ancien pr\u00e9sident congolais soutient les rebelles qui cherchent \u00e0 le renverser, l\u2019actuel chef de l\u2019\u00c9tat durcit le ton. Kabila, lui, est toujours mur\u00e9 dans le silence. Jusqu\u2019\u00e0 quand&nbsp;? Publi\u00e9 le 19 ao\u00fbt 2024Lecture : 4 minutes. Dans [&hellip;]<\/p>\n","protected":false},"author":8,"featured_media":0,"comment_status":"open","ping_status":"closed","sticky":false,"template":"","format":"standard","meta":{"footnotes":""},"categories":[1],"tags":[],"class_list":["post-13576","post","type-post","status-publish","format-standard","hentry","category-uncategorized"],"_links":{"self":[{"href":"https:\/\/congokin.blog\/index.php?rest_route=\/wp\/v2\/posts\/13576","targetHints":{"allow":["GET"]}}],"collection":[{"href":"https:\/\/congokin.blog\/index.php?rest_route=\/wp\/v2\/posts"}],"about":[{"href":"https:\/\/congokin.blog\/index.php?rest_route=\/wp\/v2\/types\/post"}],"author":[{"embeddable":true,"href":"https:\/\/congokin.blog\/index.php?rest_route=\/wp\/v2\/users\/8"}],"replies":[{"embeddable":true,"href":"https:\/\/congokin.blog\/index.php?rest_route=%2Fwp%2Fv2%2Fcomments&post=13576"}],"version-history":[{"count":1,"href":"https:\/\/congokin.blog\/index.php?rest_route=\/wp\/v2\/posts\/13576\/revisions"}],"predecessor-version":[{"id":13577,"href":"https:\/\/congokin.blog\/index.php?rest_route=\/wp\/v2\/posts\/13576\/revisions\/13577"}],"wp:attachment":[{"href":"https:\/\/congokin.blog\/index.php?rest_route=%2Fwp%2Fv2%2Fmedia&parent=13576"}],"wp:term":[{"taxonomy":"category","embeddable":true,"href":"https:\/\/congokin.blog\/index.php?rest_route=%2Fwp%2Fv2%2Fcategories&post=13576"},{"taxonomy":"post_tag","embeddable":true,"href":"https:\/\/congokin.blog\/index.php?rest_route=%2Fwp%2Fv2%2Ftags&post=13576"}],"curies":[{"name":"wp","href":"https:\/\/api.w.org\/{rel}","templated":true}]}}